{"id":9709,"date":"2025-04-06T22:08:44","date_gmt":"2025-04-06T21:08:44","guid":{"rendered":"https:\/\/psicopico.com\/?p=9709"},"modified":"2025-05-02T18:08:13","modified_gmt":"2025-05-02T17:08:13","slug":"analisis-psicologico-adolescence-adolescentes-redes-sociales-y-la-influencia-en-su-desarrollo-emocional","status":"publish","type":"post","link":"https:\/\/psicopico.com\/gl\/analisis-psicologico-adolescence-adolescentes-redes-sociales-y-la-influencia-en-su-desarrollo-emocional\/","title":{"rendered":"(Espa\u00f1ol) An\u00e1lisis psicol\u00f3gico &#8216;Adolescence&#8217;: j\u00f3venes, redes e influencia en su desarrollo emocional"},"content":{"rendered":"<p class=\"qtranxs-available-languages-message qtranxs-available-languages-message-gl\">Esta noticia non est\u00e1 dispo\u00f1ible en galego...sent\u00edmolo. Proba en castel\u00e1n. Apertas! For the sake of viewer convenience, the content is shown below in the alternative language. You may click the link to switch the active language.<\/p><span style=\"font-weight: 400;\">Hace un par de semanas termin\u00e9 de ver la serie \u2018<\/span><b>Adolescence<\/b><span style=\"font-weight: 400;\">\u2019 (Adolescencia) de Netflix. Como en otras ocasiones, no sab\u00eda el argumento de la serie y me dejaba guiar por las sugerencias de la plataforma, que cada vez saben m\u00e1s de nosotros que nosotros mismos. El t\u00edtulo de \u2018Adolescencia\u2019 daba pie a que ser\u00eda un thriller psicol\u00f3gico sobre j\u00f3venes con problemas as\u00ed que le di al primer cap\u00edtulo, ya que es una tem\u00e1tica que quiz\u00e1s por perfil vocacional me interesaba.<\/span><\/p>\n<h2><strong>\u2018Adolescencia\u2019, ingenier\u00eda cinematogr\u00e1fica m\u00e1s all\u00e1 del fondo social\u00a0<\/strong><\/h2>\n<p><span style=\"font-weight: 400;\">Antes de hablar de la relevancia de la historia desde la psicolog\u00eda, lo que m\u00e1s me enganch\u00f3 a ver la serie fue la manera con la que te introduce dentro de los personajes con unos incre\u00edbles planos secuencia. Sensacional la direcci\u00f3n de <\/span><b>Philip Barantini<\/b><span style=\"font-weight: 400;\"> y una excelente interpretaci\u00f3n de todos sus actores principales. Recomiendo, una vez vista la serie, ver el <\/span><a href=\"https:\/\/www.youtube.com\/watch?v=HG9XUSnK9g8\"><b>making off<\/b><\/a><span style=\"font-weight: 400;\"> para conocer mejor c\u00f3mo se rodaron los planos secuencia y su complejidad. Ya solo por eso merece un gran reconocimiento a esta obra creada por <\/span><b>Jack Thorne<\/b><span style=\"font-weight: 400;\"> y <\/span><b>Stephan Graham<\/b><span style=\"font-weight: 400;\">. Por cierto, este \u00faltimo es tambi\u00e9n actor protagonista realizando un papel impecable como padre de Jamie, el joven adolescente sobre el que se focaliza la trama.\u00a0<\/span><\/p>\n<p>| Art\u00edculo relacionado: <a href=\"https:\/\/psicopico.com\/nuevos-lenguajes-adolescentes-emoticonos-redes-e-identidad-digital\/\">Nuevos lenguajes adolescentes: emoticones, redes e identidad digital<\/a><\/p>\n<p><span style=\"font-weight: 400;\">Hablando de Stephan Graham y sus papeles, puede ser que estuviese haciendo un poco de spoiler de esta serie cuando fue el protagonista de este videoclub de Kasabian en el tema <a href=\"https:\/\/www.youtube.com\/watch?v=kimPUWSwxIs\">You Are in Love With a Psycho<\/a>.<\/span><\/p>\n<p>&nbsp;<\/p>\n<p><span style=\"font-weight: 400;\">La serie es un drama brit\u00e1nico disponible en Netflix desde el 13 de marzo de 2025. Est\u00e1 dividido en cuatro cap\u00edtulos de una duraci\u00f3n aproximada de una hora cada uno que explora las complejidades de la adolescencia en la era digital, ofrece una profunda mirada a los desaf\u00edos emocionales y psicol\u00f3gicos que enfrentan los adolescentes, as\u00ed como el impacto de las redes sociales en su desarrollo personal. A trav\u00e9s de los personajes y sus interacciones, la serie aborda tem\u00e1ticas cruciales como la identidad, la presi\u00f3n social, la masculinidad, la violencia emocional y las dificultades familiares.<\/span><\/p>\n<p>&nbsp;<\/p>\n<p><span style=\"font-weight: 400;\">Bien, si has llegado hasta aqu\u00ed es probable que ya te hayan hablado de la serie en m\u00faltiples sitios porque se ha hecho bastante viral y hasta aqu\u00ed nada nuevo. Por eso, si no la has visto te recomiendo evitar seguir leyendo porque los spoilers.\u00a0<\/span><\/p>\n<p>&nbsp;<\/p>\n<h2>Analizando &#8216;Adolescencia&#8217; desde la psicolog\u00eda<\/h2>\n<p><span style=\"font-weight: 400;\">Me ha preguntado un mont\u00f3n de gente por mi <strong>opini\u00f3n como psic\u00f3logo de la serie<\/strong>, as\u00ed que voy a intentar resumirlo. Hac\u00eda tiempo que no analizaba una serie as\u00ed pero pod\u00e9is ver varios <\/span><a href=\"https:\/\/psicopico.com\/30-series-psicologicas-que-todo-psicologo-o-futuro-psicologo-deberia-ver\/\"><span style=\"font-weight: 400;\">an\u00e1lisis de series en la web<\/span><\/a><span style=\"font-weight: 400;\">. Esta miniserie habla sobre la <strong>presi\u00f3n social<\/strong> y otras problem\u00e1ticas adolescentes magnificadas por el hecho y consumo de redes sociales. S\u00ed, le llamo consumo, como con las drogas. La serie ha puesto de moda o en boca de todos esta problem\u00e1tica, pero lo cierto es que no es reciente ni mucho menos y son m\u00faltiples los estudios y pel\u00edculas que han ido poco a poco poniendo en relevancia la problem\u00e1tica derivada. A pesar de ello, no se ha hecho demasiado para prevenir su impacto, al contrario se han ido incentivando cada vez m\u00e1s.\u00a0<\/span><\/p>\n<p>&nbsp;<\/p>\n<p><span style=\"font-weight: 400;\">Por ejemplo, en psicopico.com ya habl\u00e1bamos en <\/span><a href=\"https:\/\/psicopico.com\/facebook-puede-deprimirte-segun-la-ciencia\/\"><span style=\"font-weight: 400;\">este art\u00edculo<\/span><\/a><span style=\"font-weight: 400;\"> de 2016 sobre estudios cient\u00edficos de 2014 donde se explicaba que solo el 9% de las interacciones en Facebook eran comunicaciones directas; y en 2016 varios estudios ya relacionaban su uso con la depresi\u00f3n. A lo largo de la historia de esta web se ha tocado el tema de las redes sociales en numerosas ocasiones como explicando el documental de Netflix \u2018<\/span><a href=\"https:\/\/psicopico.com\/el-dilemas-de-las-redes-sociales-como-nos-manipulan\/\"><span style=\"font-weight: 400;\">El Dilema de las Redes<\/span><\/a><span style=\"font-weight: 400;\">\u2019 o el documental de Documentos TV de RTVE en el cual particip\u00e9 como experto \u2018<\/span><a href=\"https:\/\/psicopico.com\/cuando-la-red-no-es-social-un-documental-sobre-el-odio-en-internet\/\"><span style=\"font-weight: 400;\">Cuando la Red No Es Social<\/span><\/a><span style=\"font-weight: 400;\">\u2019 de 2018.\u00a0<\/span><\/p>\n<p>&nbsp;<\/p>\n<p><span style=\"font-weight: 400;\">En la serie <strong>Black Mirror<\/strong>, que parecen dilucidar un incierto futuro relacionado con la tecnolog\u00eda en su tercera temporada habla sobre las redes sociales en el cap\u00edtulo \u2018Nosedive\u2019 de 2016, pero es una tem\u00e1tica recurrente. Por algo ser\u00e1.\u00a0<\/span><\/p>\n<p>&nbsp;<\/p>\n<p><span style=\"font-weight: 400;\">Otra de las series m\u00e1s impactantes y relacionadas con los problemas adolescentes, y tambi\u00e9n de Netflix es \u2018<\/span><strong><a href=\"https:\/\/psicopico.com\/analisis-de-la-serie-por-13-razones-13-reasons-why-con-un-poco-de-psicologia\/\">13 Reasons Why\u2019<\/a><\/strong><span style=\"font-weight: 400;\"> en la cual el desenlace es un suicidio, pero que el detonante el problema es muy similar al de \u2018Adolescence\u2019 si lo entendemos como la problem\u00e1tica con la tolerancia a la frustraci\u00f3n y relaciones entre los j\u00f3venes. De esta serie hice un <\/span><a href=\"https:\/\/psicopico.com\/analisis-de-la-serie-por-13-razones-13-reasons-why-con-un-poco-de-psicologia\/\"><span style=\"font-weight: 400;\">an\u00e1lisis<\/span><\/a><span style=\"font-weight: 400;\"> muy exhaustivo en esta web que recomiendo su lectura ya que analizo todas las problem\u00e1ticas a las que se ten\u00eda que enfrentar la protagonista y q<\/span><b>ue pasaban desapercibidas para su entorno<\/b><span style=\"font-weight: 400;\">, seg\u00fan la novela escrita por Jay Asher en 2007.\u00a0<\/span><\/p>\n<p>&nbsp;<\/p>\n<p><span style=\"font-weight: 400;\">Creo que la serie \u2018Adolescencia\u2019 ha tenido mucho revuelo entre las familias precisamente por esto que comento, los padres se ven indefensos ante la situaci\u00f3n que no conocen realmente lo que sucede en los entornos de sus hijos, de los problemas reales que tienen y que realmente esconden de alguna manera cuando entran en lo que parece un hogar feliz o seguro.\u00a0<\/span><\/p>\n<h2>Tem\u00e1ticas psicol\u00f3gicas a trav\u00e9s de los personajes<\/h2>\n<p><span style=\"font-weight: 400;\">\u2018Adolescence\u2019 es un drama brit\u00e1nico m\u00e1s que explora las din\u00e1micas sociales de los j\u00f3venes y la complejidad de esta etapa de la vida en la nueva era digital, sus desaf\u00edos emocionales, ideol\u00f3gicos y el impacto de las redes sociales en su desarrollo personal. En tan solo cuatro cap\u00edtulos de una hora de duraci\u00f3n cada uno y durante escenas \u00fanicas completas se proyectan m\u00faltiples tem\u00e1ticas sociales y psicol\u00f3gicas tales como: <\/span><b>la identidad personal, la masculinidad y misoginia, la polarizaci\u00f3n de la sociedad, la presi\u00f3n e influencia social, la violencia emocional y f\u00edsica, las dificultades familiares, la desigualdad social o los nuevos estilos de comunicaci\u00f3n.<\/b><\/p>\n<p>&nbsp;<\/p>\n<p><span style=\"font-weight: 400;\">Vamos a intentar desgranar todas estas casu\u00edsticas a trav\u00e9s de los propios protagonistas de la serie.\u00a0<\/span><\/p>\n<h3><b>1. Jamie Miller (Owen Cooper) &#8211; <\/b><b><i>El Adolescente en Conflicto<\/i><\/b><\/h3>\n<p><span style=\"font-weight: 400;\">Jamie es un joven de 13 a\u00f1os atrapado en un torbellino emocional, propio en parte de la adolescencia, de lo cual coge nombre la serie. Su vida cambia cuando es acusado del asesinato de una compa\u00f1era, Katie. A nivel psicol\u00f3gico, Jamie representa a aquellos adolescentes que, bajo la influencia de las redes sociales y las subculturas digitales, buscan construir su identidad, pero lo hacen de manera distorsionada. La presi\u00f3n de encajar, la b\u00fasqueda de validaci\u00f3n externa y la confusi\u00f3n emocional son algunos de los factores que afectan su comportamiento.<\/span><\/p>\n<p>&nbsp;<\/p>\n<p><span style=\"font-weight: 400;\">Jamie se muestra como un adolescente que, a pesar de ser un joven aparentemente inteligente, experimenta un desarrollo emocional y cognitivo inmaduro. El entorno virtual cobra car\u00e1cter de refugio para \u00e9l, ampliando la distorsi\u00f3n de la realidad propia y colectiva y donde los pensamientos impulsivos no favorecen el desarrollo racional de las decisiones, lo que lo vuelve m\u00e1s manipulable a ideolog\u00edas diversas y polarizaci\u00f3n de ese tipo de ideas. En la serie parece verse influenciado por actitudes mis\u00f3ginas y agresivas hacia las mujeres en lo que se conoce como <\/span><b>masculinidad t\u00f3xica<\/b><span style=\"font-weight: 400;\">, que es com\u00fan entre los j\u00f3venes que no logran encontrar una expresi\u00f3n saludable de su identidad de g\u00e9nero. Adem\u00e1s, de la cultura <\/span><i><span style=\"font-weight: 400;\">incel <\/span><\/i><span style=\"font-weight: 400;\">que predomina entre los j\u00f3venes que presentan lo que llaman un celibato involuntario, al querer estar con mujeres pero no conseguirlo. Esto da lugar a ideolog\u00edas mis\u00f3ginas hacia las mujeres, con odio directo hacia ellas por su rechazo constante.\u00a0<\/span><\/p>\n<p>&nbsp;<\/p>\n<p><span style=\"font-weight: 400;\">Dentro de la familia de Jamie pasa totalmente desapercibido esta cuesti\u00f3n, seguramente por falta de comunicaci\u00f3n y una educaci\u00f3n emocional deficiente entre los j\u00f3venes con baja tolerancia a la frustraci\u00f3n, en este caso al rechazo de las mujeres al no conseguir ese deseado contacto. Adem\u00e1s, la familia no entiende el caso porque Jamie es un chico que aparentemente es inteligente y eso crea el sesgo de confianza de la familia sobre sus actos. Lo cual se representa en la serie con que la incredulidad en un primer momento por lo que se le acusaba y defendiendo a toda costa que era imposible que su hijo hiciese semejante brutalidad.\u00a0<\/span><\/p>\n<p>&nbsp;<\/p>\n<p><span style=\"font-weight: 400;\">Es fundamental que los j\u00f3venes reciban este tipo de educaci\u00f3n, aprender a reconocer los pensamientos autom\u00e1ticos, la generaci\u00f3n de las emociones en funci\u00f3n de \u00e9stos y la comprensi\u00f3n de la sociedad, de los efectos de las redes sociales sobre la <\/span><b>autoestima <\/b><span style=\"font-weight: 400;\">y la percepci\u00f3n del mundo sin esa distorsi\u00f3n sobre la que est\u00e1n aprendiendo. Jamie, crea una identidad digital fuera de la real, donde su familia no fue capaz de identificar la problem\u00e1tica. Los adolescentes tienden a hacerlo para evitar los conflictos familiares, pero cada vez su realidad se ve m\u00e1s reflejada en la digital que en la real, al considerarla un refugio para ellos. Un refugio virtual que como se ve en la serie se protege con c\u00f3digos y lenguajes que camuflan la realidad de esa comunicaci\u00f3n, a trav\u00e9s de emoticones o frases descontextualizadas para los adultos pero con mucho contexto para los j\u00f3venes y que acaban ocultando con mentiras para evitar los conflictos. Tanto es as\u00ed que el propio Jamie llega a mentir a su padre sobre lo ocurrido a\u00fan con todas las pruebas gr\u00e1ficas. Esto dificulta la detecci\u00f3n y prevenci\u00f3n de este tipo de conductas.\u00a0<\/span><\/p>\n<p>&nbsp;<\/p>\n<h3><b>2. Eddie Miller (Stephen Graham) &#8211; <\/b><b><i>El Padre en Crisis<\/i><\/b><\/h3>\n<p><span style=\"font-weight: 400;\">Eddie, el padre de Jamie, es un hombre que se enfrenta a la angustia de ver a su hijo acusado de un crimen tan grave. A nivel psicol\u00f3gico, su personaje representa la <\/span><b>ansiedad parental<\/b><span style=\"font-weight: 400;\"> y el <\/span><b>miedo al fracaso como figura autoritaria<\/b><span style=\"font-weight: 400;\">. Eddie siente que, como padre, ha fracasado al no poder proporcionar el apoyo emocional necesario a su hijo y, al mismo tiempo, se enfrenta a los<\/span><b> prejuicios sociales<\/b><span style=\"font-weight: 400;\"> sobre lo que significa ser un &#8220;buen padre&#8221;.<\/span><\/p>\n<p>&nbsp;<\/p>\n<p><span style=\"font-weight: 400;\">El padre de Jamie tambi\u00e9n refleja el desaf\u00edo de muchos adultos en la actualidad: encontrar el equilibrio entre ser un gu\u00eda para sus hijos y ser consciente de sus propias limitaciones. Esto creo que tratan de reflejar con la profesi\u00f3n de Eddie, un fontanero auton\u00f3mo que trabaja muchas horas y que se percibe que quiz\u00e1s no ha pasado suficiente tiempo con su hijo, con lo que significa luego a la hora de sentir ese malestar por haberle fallado como padre. A menudo, los padres de adolescentes sienten que sus intentos de guiar a sus hijos son insuficientes, especialmente cuando los j\u00f3venes est\u00e1n influenciados por fuerzas externas, como las redes sociales o las presiones de los compa\u00f1eros. No se trata de saber todo lo que hacen sus hijos, sino de ser fuente de confianza para que cuenten sus posibles problemas.<\/span><\/p>\n<p>&nbsp;<\/p>\n<p><span style=\"font-weight: 400;\">No queda claro esto en la serie, pero igual s\u00ed era a\u00fan as\u00ed su figura protectora, de hecho lo elige como tutor para los procesos judiciales, lo cual incluso le llega a sorprender cuando se lo dicen. Seguramente, porque sabiendo lo que hab\u00eda hecho Jamie esperaba un mayor apoyo de una figura masculina que la de su madre.\u00a0<\/span><\/p>\n<p>&nbsp;<\/p>\n<p><span style=\"font-weight: 400;\">La comunicaci\u00f3n y educaci\u00f3n parental es la mejor f\u00f3rmula para aprender y entender las necesidades de los hijos, para guiarlos en la toma de decisiones en ese proceso de la vida en la que est\u00e1n construyendo su identidad de camino a la vida adulta.\u00a0<\/span><\/p>\n<p>&nbsp;<\/p>\n<h3><b>3. Manda Miller (Christine Tremarco) &#8211; <\/b><b><i>La Madre que Busca Entender<\/i><\/b><\/h3>\n<p><span style=\"font-weight: 400;\">Aunque en la serie parece tener un rol secundario, porque se le da m\u00e1s protagonismo al padre, ella tambi\u00e9n experimenta la incertidumbre y el estr\u00e9s por verse desbordados ante comportamientos inesperados de lo que aparentaba ser un hijo no problem\u00e1tico. El amor incondicional de una madre choca con la falta de control sobre la situaci\u00f3n.\u00a0<\/span><\/p>\n<p>&nbsp;<\/p>\n<p><span style=\"font-weight: 400;\">Desde un punto de vista psicol\u00f3gico, Manda representa el rol de la madre que tiene que balancear el amor incondicional con la necesidad de ense\u00f1ar l\u00edmites y valores. Ella refleja la <\/span><b>compasi\u00f3n materna<\/b><span style=\"font-weight: 400;\">, pero tambi\u00e9n la <\/span><b>ansiedad por la falta de control<\/b><span style=\"font-weight: 400;\"> sobre las decisiones de su hijo, que cada vez est\u00e1 m\u00e1s influenciado por factores fuera de su alcance, como las redes sociales.\u00a0<\/span><\/p>\n<p>&nbsp;<\/p>\n<p><span style=\"font-weight: 400;\">La madre necesita entender a su hijo y se ve desbordada, incluso cuando elige al padre en vez de a ella para tutorizar el proceso judicial.\u00a0<\/span><\/p>\n<p>&nbsp;<\/p>\n<h3><b>4. Maddie Miller \u2013 <\/b><b><i>La hermana silenciada: el testigo emocional del caos familiar<\/i><\/b><\/h3>\n<p><span style=\"font-weight: 400;\">Maddie representa al adolescente o preadolescente que vive en la sombra del conflicto familiar. Ella no est\u00e1 directamente implicada en el crimen ni en las investigaciones, pero <\/span><b>es testigo pasiva y emocional<\/b><span style=\"font-weight: 400;\"> de todo lo que sucede. Su papel es especialmente relevante desde una perspectiva psicol\u00f3gica porque representa a la <\/span><b>\u201chija o hijo olvidado\u201d<\/b><span style=\"font-weight: 400;\"> o <\/span><b>el \u201cobservador emocional\u201d<\/b><span style=\"font-weight: 400;\">. Es decir, ella tambi\u00e9n es conocedora seguramente de todos los c\u00f3digos de redes sociales, y de lo que sucede en el instituto. Sin embargo, el silencio o la falta de capacidades para afrontar estas situaciones no ayuda a poder prevenirlas. Ella tambi\u00e9n tiene conflictos y problemas, seguramente sin haber llegado a estos extremos y de otra \u00edndole, pero la falta de comunicaci\u00f3n intrafamiliar seguramente tambi\u00e9n existiese.\u00a0<\/span><\/p>\n<p>&nbsp;<\/p>\n<p><span style=\"font-weight: 400;\">La hermana, es dif\u00edcil que fuera fuente de confianza para Jamie, ya que su distorsi\u00f3n sobre las mujeres seguramente no ayuda a ello al sentirse incomprendido.<\/span><\/p>\n<p>&nbsp;<\/p>\n<p><span style=\"font-weight: 400;\">Es probable que esto genere, al igual que con los padres, sentimientos de culpa en la hermana que adem\u00e1s pasar a perder de forma s\u00fabita la atenci\u00f3n de sus padres que se tienen que centrar en la problem\u00e1tica de su hijo pasando a tener un rol dentro de la familia de mucha m\u00e1s responsabilidad afectiva para aprender a comportarse en una situaci\u00f3n familiar tan compleja que precisar\u00e1 de una maduraci\u00f3n emocional capaz de empatizar con la situaci\u00f3n.<\/span><\/p>\n<p>&nbsp;<\/p>\n<p><span style=\"font-weight: 400;\">La familia va pasando tambi\u00e9n a lo largo de la historia para conseguir volver a recuperar la situaci\u00f3n familiar, que en parte es parecido al <\/span><a href=\"https:\/\/psicopico.com\/el-duelo-30-herramientas-para-la-gestion-emocional-tras-la-perdida-de-un-ser-querido\/\"><b>duelo<\/b><\/a> <span style=\"font-weight: 400;\">por la p\u00e9rdida de alguien. Jamie, no lo han perdido f\u00edsicamente, pero al estar internado en un centro cambiar\u00e1 sus vidas y deber\u00e1n adaptarse a ello.\u00a0<\/span><\/p>\n<p>&nbsp;<\/p>\n<h3><strong>5. Compa\u00f1eros, profesores e instituto<\/strong><\/h3>\n<p><span style=\"font-weight: 400;\">En este apartado solo vamos a mencionar a las amistades de Jamie de forma gen\u00e9rica, ya que sus amigos m\u00e1s cercanos en cierto modo son colaboradores del crimen. Representan esta subcultura digital y esa falta de educaci\u00f3n emocional sustituida por medios de comunicaci\u00f3n que no dan pie a la reflexi\u00f3n, tan necesaria para mejorar nuestra capacidad racional. Adem\u00e1s, se ven claramente ejemplos de conflictos comunes en institutos, algunos de ellos habituales independientemente de la era digital, como agresiones, bullying, homofobia o racismo.\u00a0<\/span><\/p>\n<p>&nbsp;<\/p>\n<p><span style=\"font-weight: 400;\">En la parte del profesorado, lo que m\u00e1s se representa es el desbordamiento emocional de los propios profesores que en alg\u00fan momento incluso da la sensaci\u00f3n de que los alumnos est\u00e1n bajo un r\u00e9gimen militar m\u00e1s que en un centro educativo. Seguramente influenciado por esa falta de capacidad para abordar las problem\u00e1ticas adolescentes. Por falta de recursos, por la alta densidad de alumnado o por la propia desesperaci\u00f3n.\u00a0<\/span><\/p>\n<p>&nbsp;<\/p>\n<h3><b>6. Luke Bascombe (Ashley Walters) &#8211; <\/b><b><i>El Detective y la Dilema Moral<\/i><\/b><\/h3>\n<p><span style=\"font-weight: 400;\">Luke Bascombe es el detective encargado de investigar el caso de Jamie. Su rol en la serie es importante, ya que representa la <\/span><b>lucha interna de los adultos<\/b><span style=\"font-weight: 400;\"> cuando deben lidiar con casos de adolescentes que han cometido delitos graves. Bascombe tambi\u00e9n tiene que enfrentarse a las complejidades emocionales del caso, ya que, al ser un padre, se ve reflejado en la familia de Jamie y la carga emocional que conlleva el caso.<\/span><\/p>\n<p>&nbsp;<\/p>\n<p><span style=\"font-weight: 400;\">De hecho, el propio Luke al principio de la serie tiene que lidiar con un problema de su propio hijo que miente para evitar tener que ir al instituto. Ya comentamos en el caso de Jamie lo recurrente que es la mentira para evitar conflictos el uso de la mentira en adolescentes. No es que se haga con malicia en s\u00ed, sino por falta de recursos de afrontamiento de esta edad.\u00a0<\/span><\/p>\n<p>&nbsp;<\/p>\n<p><span style=\"font-weight: 400;\">A trav\u00e9s de su personaje, se exploran temas como la <\/span><b>empat\u00eda<\/b><span style=\"font-weight: 400;\"> y la <\/span><b>justicia<\/b><span style=\"font-weight: 400;\">, pero tambi\u00e9n las <\/span><b>limitaciones del sistema<\/b><span style=\"font-weight: 400;\"> para entender y tratar las necesidades emocionales de los adolescentes. Es m\u00e1s, durante la serie se ve como tratan con extrema frialdad a Jamie a pesar de ser tan joven, la gravedad de los hechos le llevaba a hacerlo as\u00ed pero choca bastante para el espectador el trato tan directo, representado desde el principio cuando lo arrestan.\u00a0<\/span><\/p>\n<p>&nbsp;<\/p>\n<p><span style=\"font-weight: 400;\">Es un recordatorio de que la sociedad y las instituciones deben tener un enfoque m\u00e1s <\/span><b>comprensivo<\/b><span style=\"font-weight: 400;\"> y <\/span><b>emp\u00e1tico<\/b><span style=\"font-weight: 400;\"> hacia los adolescentes. En lugar de simplemente juzgar su comportamiento, debemos buscar las razones subyacentes y las influencias externas que pueden haber contribuido a sus decisiones. Esto resalta la importancia de crear entornos de apoyo dentro de la sociedad y de las instituciones educativas.<\/span><\/p>\n<h3><strong>7. Rob Fairchild (Adeel Akhtar) &#8211; El abogado o emp\u00e1tico.\u00a0<\/strong><\/h3>\n<p><span style=\"font-weight: 400;\">Contrastando con la figura de los cuerpos de la ley, el abogado de Jamie, es una figura que aporta humanidad a un sistema legal. Su presencia en la serie es un recordatorio de que l<\/span><span style=\"font-weight: 400;\">a justicia real no solo aplica leyes: tambi\u00e9n escucha, comprende y protege. Demuestra, a pesar de ser el abogado de oficio, tener una alta empat\u00eda para comprender los hechos y compasivo representando una masculinidad firme y positiva, todo lo contrario a la masculinidad t\u00f3xica de la que hablamos antes. Se tiene que enfrentar al conflicto \u00e9tico sobre la verdad y la mentira de su cliente que traslada la tensi\u00f3n interna de la profesi\u00f3n de abogado en estas situaciones.\u00a0<\/span><\/p>\n<h3><b>5. Misha Frank (Faye Marsay) &#8211; <\/b><b><i>La Psic\u00f3loga Cl\u00ednica<\/i><\/b><\/h3>\n<p><span style=\"font-weight: 400;\">Misha es una psic\u00f3loga cl\u00ednica asignada para ayudar a entender el estado emocional de Jamie. El cap\u00edtulo donde se desarrolla su relaci\u00f3n con el adolescente es sensacional para ver como la figura de un profesional de la psicolog\u00eda puede ayudar a los adolescentes a superar sus problemas emocionales y cognitivos. Misha trata de desentra\u00f1ar la psique de Jamie, abordando sus conflictos internos y las influencias sociales que afectan su comportamiento.\u00a0<\/span><\/p>\n<p>&nbsp;<\/p>\n<p><span style=\"font-weight: 400;\">No solo en la intervenci\u00f3n, sino en la prevenci\u00f3n de conductas de riesgo y apoyo emocional que recalca la necesidad de la figura de los psic\u00f3logos o educadores sociales en los centros educativos y otros \u00e1mbitos de nuestra sociedad, tanto para los j\u00f3venes como para aquellas familias que necesitan comprender mejor las problem\u00e1ticas de sus hijos adolescentes.\u00a0<\/span><\/p>\n<h2>Reflexi\u00f3n final<\/h2>\n<p><span style=\"font-weight: 400;\">\u2018Adolescence\u2019 no solo es una serie de entretenimiento; es una reflexi\u00f3n profunda sobre las <\/span><b>din\u00e1micas psicol\u00f3gicas<\/b><span style=\"font-weight: 400;\"> que afectan a los adolescentes en la era digital. A trav\u00e9s de sus personajes, la serie aborda la <\/span><b>influencia de las redes sociales<\/b><span style=\"font-weight: 400;\">, la <\/span><b>presi\u00f3n social<\/b><span style=\"font-weight: 400;\">, y los <\/span><b>conflictos emocionales<\/b><span style=\"font-weight: 400;\"> t\u00edpicos de esta etapa del desarrollo.\u00a0<\/span><\/p>\n<p>&nbsp;<\/p>\n<p><span style=\"font-weight: 400;\">En definitiva, es una serie muy recomendada, primeramente por la historia, y por como te envuelve en la misma gracias a su fotograf\u00eda, planos secuencia y narrativa y luego por la problem\u00e1tica tan dura, y a la vez tan extrema que se presenta. Porque s\u00ed, no nos olvidemos que se est\u00e1 representando un caso muy extremo, pero casos de menor gravedad como el acoso a trav\u00e9s de internet, la distorsi\u00f3n de la realidad, el odio u otras conductas problem\u00e1ticas que se extienden como la p\u00f3lvora por la inmediatez de la comunicaci\u00f3n es el pan de cada d\u00eda con el que tienen que lidiar los adolescentes en una etapa de sus vidas en las que se est\u00e1 desarrollando su personalidad.\u00a0\u00a0<\/span><span style=\"font-weight: 400;\">Yo soy un gran defensor de los adolescentes, solo necesitan comprensi\u00f3n y gu\u00edas adecuadas, porque la gran mayor\u00eda de sus problemas derivan de los de los adultos en los que se reflejan.\u00a0<\/span><\/p>\n<p>&nbsp;<\/p>\n<p><span style=\"font-weight: 400;\">Seguro que se me han quedado multitud de cosas en el tintero, que necesitan de un segundo visionado de la serie tomando todo tipo de apuntes. Por eso, deja en comentarios cualquier tema u opini\u00f3n al respecto para retroalimentar la publicaci\u00f3n y tratar\u00e9 de contestarla.\u00a0<\/span>","protected":false},"excerpt":{"rendered":"<p>Esta noticia non est\u00e1 dispo\u00f1ible en galego&#8230;sent\u00edmolo. Proba en castel\u00e1n. Apertas! For the sake of viewer convenience, the content is shown below in the alternative language. You may click the link to switch the active language.Hace un par de semanas termin\u00e9 de ver la serie \u2018Adolescence\u2019 (Adolescencia) de Netflix. Como en otras ocasiones, no sab\u00eda [&hellip;]<\/p>\n","protected":false},"author":1,"featured_media":9714,"comment_status":"open","ping_status":"closed","sticky":false,"template":"","format":"standard","meta":{"_jetpack_memberships_contains_paid_content":false,"_joinchat":[],"footnotes":""},"categories":[27,396,94,306,8],"tags":[511,380],"class_list":["post-9709","post","type-post","status-publish","format-standard","has-post-thumbnail","hentry","category-cine","category-criminologia","category-ocio","category-sexualidad","category-social","tag-odio","tag-redes-sociales"],"yoast_head":"<!-- This site is optimized with the Yoast SEO plugin v27.4 - https:\/\/yoast.com\/product\/yoast-seo-wordpress\/ -->\n<title>(Espa\u00f1ol) An\u00e1lisis psicol\u00f3gico &#039;Adolescence&#039;: j\u00f3venes, redes e influencia en su desarrollo emocional - PsicoPico<\/title>\n<meta name=\"robots\" content=\"index, follow, max-snippet:-1, max-image-preview:large, max-video-preview:-1\" \/>\n<link rel=\"canonical\" href=\"https:\/\/psicopico.com\/analisis-psicologico-adolescence-adolescentes-redes-sociales-y-la-influencia-en-su-desarrollo-emocional\/\" \/>\n<meta property=\"og:locale\" content=\"en_US\" \/>\n<meta property=\"og:type\" content=\"article\" \/>\n<meta property=\"og:title\" content=\"(Espa\u00f1ol) An\u00e1lisis psicol\u00f3gico &#039;Adolescence&#039;: j\u00f3venes, redes e influencia en su desarrollo emocional - PsicoPico\" \/>\n<meta property=\"og:description\" content=\"Esta noticia non est\u00e1 dispo\u00f1ible en galego...sent\u00edmolo. Proba en castel\u00e1n. Apertas! For the sake of viewer convenience, the content is shown below in the alternative language. You may click the link to switch the active language.Hace un par de semanas termin\u00e9 de ver la serie \u2018Adolescence\u2019 (Adolescencia) de Netflix. Como en otras ocasiones, no sab\u00eda [&hellip;]\" \/>\n<meta property=\"og:url\" content=\"https:\/\/psicopico.com\/analisis-psicologico-adolescence-adolescentes-redes-sociales-y-la-influencia-en-su-desarrollo-emocional\/\" \/>\n<meta property=\"og:site_name\" content=\"PsicoPico\" \/>\n<meta property=\"article:publisher\" content=\"https:\/\/es-la.facebook.com\/psicopicopsicologia\/\" \/>\n<meta property=\"article:author\" content=\"https:\/\/www.facebook.com\/psicopicopsicologia\/\" \/>\n<meta property=\"article:published_time\" content=\"2025-04-06T21:08:44+00:00\" \/>\n<meta property=\"article:modified_time\" content=\"2025-05-02T17:08:13+00:00\" \/>\n<meta property=\"og:image\" content=\"https:\/\/psicopico.com\/wp-content\/uploads\/2025\/04\/adolescencia-psicologia-1.jpg\" \/>\n\t<meta property=\"og:image:width\" content=\"1000\" \/>\n\t<meta property=\"og:image:height\" content=\"626\" \/>\n\t<meta property=\"og:image:type\" content=\"image\/jpeg\" \/>\n<meta name=\"author\" content=\"Iv\u00e1n Pico\" \/>\n<meta name=\"twitter:card\" content=\"summary_large_image\" \/>\n<meta name=\"twitter:creator\" content=\"@psicopico\" \/>\n<meta name=\"twitter:site\" content=\"@psicopico\" \/>\n<meta name=\"twitter:label1\" content=\"Written by\" \/>\n\t<meta name=\"twitter:data1\" content=\"Iv\u00e1n Pico\" \/>\n\t<meta name=\"twitter:label2\" content=\"Est. reading time\" \/>\n\t<meta name=\"twitter:data2\" content=\"16 minutes\" \/>\n<script type=\"application\/ld+json\" class=\"yoast-schema-graph\">{\"@context\":\"https:\\\/\\\/schema.org\",\"@graph\":[{\"@type\":\"Article\",\"@id\":\"https:\\\/\\\/psicopico.com\\\/analisis-psicologico-adolescence-adolescentes-redes-sociales-y-la-influencia-en-su-desarrollo-emocional\\\/#article\",\"isPartOf\":{\"@id\":\"https:\\\/\\\/psicopico.com\\\/analisis-psicologico-adolescence-adolescentes-redes-sociales-y-la-influencia-en-su-desarrollo-emocional\\\/\"},\"author\":{\"name\":\"Iv\u00e1n Pico\",\"@id\":\"https:\\\/\\\/psicopico.com\\\/#\\\/schema\\\/person\\\/e90a6b8840bf0a67abfaa95093cbda44\"},\"headline\":\"(Espa\u00f1ol) An\u00e1lisis psicol\u00f3gico &#8216;Adolescence&#8217;: j\u00f3venes, redes e influencia en su desarrollo emocional\",\"datePublished\":\"2025-04-06T21:08:44+00:00\",\"dateModified\":\"2025-05-02T17:08:13+00:00\",\"mainEntityOfPage\":{\"@id\":\"https:\\\/\\\/psicopico.com\\\/analisis-psicologico-adolescence-adolescentes-redes-sociales-y-la-influencia-en-su-desarrollo-emocional\\\/\"},\"wordCount\":3507,\"commentCount\":0,\"publisher\":{\"@id\":\"https:\\\/\\\/psicopico.com\\\/#organization\"},\"image\":{\"@id\":\"https:\\\/\\\/psicopico.com\\\/analisis-psicologico-adolescence-adolescentes-redes-sociales-y-la-influencia-en-su-desarrollo-emocional\\\/#primaryimage\"},\"thumbnailUrl\":\"https:\\\/\\\/i0.wp.com\\\/psicopico.com\\\/wp-content\\\/uploads\\\/2025\\\/04\\\/adolescencia-psicologia-1.jpg?fit=1000%2C626&ssl=1\",\"keywords\":[\"odio\",\"redes sociales\"],\"articleSection\":[\"Cine\",\"Criminolox\u00eda\",\"Ocio\",\"Sexualidade\",\"Social\"],\"inLanguage\":\"gal-GAL\",\"potentialAction\":[{\"@type\":\"CommentAction\",\"name\":\"Comment\",\"target\":[\"https:\\\/\\\/psicopico.com\\\/analisis-psicologico-adolescence-adolescentes-redes-sociales-y-la-influencia-en-su-desarrollo-emocional\\\/#respond\"]}]},{\"@type\":[\"WebPage\",\"ItemPage\"],\"@id\":\"https:\\\/\\\/psicopico.com\\\/analisis-psicologico-adolescence-adolescentes-redes-sociales-y-la-influencia-en-su-desarrollo-emocional\\\/\",\"url\":\"https:\\\/\\\/psicopico.com\\\/analisis-psicologico-adolescence-adolescentes-redes-sociales-y-la-influencia-en-su-desarrollo-emocional\\\/\",\"name\":\"(Espa\u00f1ol) An\u00e1lisis psicol\u00f3gico 'Adolescence': j\u00f3venes, redes e influencia en su desarrollo emocional - PsicoPico\",\"isPartOf\":{\"@id\":\"https:\\\/\\\/psicopico.com\\\/#website\"},\"primaryImageOfPage\":{\"@id\":\"https:\\\/\\\/psicopico.com\\\/analisis-psicologico-adolescence-adolescentes-redes-sociales-y-la-influencia-en-su-desarrollo-emocional\\\/#primaryimage\"},\"image\":{\"@id\":\"https:\\\/\\\/psicopico.com\\\/analisis-psicologico-adolescence-adolescentes-redes-sociales-y-la-influencia-en-su-desarrollo-emocional\\\/#primaryimage\"},\"thumbnailUrl\":\"https:\\\/\\\/i0.wp.com\\\/psicopico.com\\\/wp-content\\\/uploads\\\/2025\\\/04\\\/adolescencia-psicologia-1.jpg?fit=1000%2C626&ssl=1\",\"datePublished\":\"2025-04-06T21:08:44+00:00\",\"dateModified\":\"2025-05-02T17:08:13+00:00\",\"breadcrumb\":{\"@id\":\"https:\\\/\\\/psicopico.com\\\/analisis-psicologico-adolescence-adolescentes-redes-sociales-y-la-influencia-en-su-desarrollo-emocional\\\/#breadcrumb\"},\"inLanguage\":\"gal-GAL\",\"potentialAction\":[{\"@type\":\"ReadAction\",\"target\":[\"https:\\\/\\\/psicopico.com\\\/analisis-psicologico-adolescence-adolescentes-redes-sociales-y-la-influencia-en-su-desarrollo-emocional\\\/\"]}]},{\"@type\":\"ImageObject\",\"inLanguage\":\"gal-GAL\",\"@id\":\"https:\\\/\\\/psicopico.com\\\/analisis-psicologico-adolescence-adolescentes-redes-sociales-y-la-influencia-en-su-desarrollo-emocional\\\/#primaryimage\",\"url\":\"https:\\\/\\\/i0.wp.com\\\/psicopico.com\\\/wp-content\\\/uploads\\\/2025\\\/04\\\/adolescencia-psicologia-1.jpg?fit=1000%2C626&ssl=1\",\"contentUrl\":\"https:\\\/\\\/i0.wp.com\\\/psicopico.com\\\/wp-content\\\/uploads\\\/2025\\\/04\\\/adolescencia-psicologia-1.jpg?fit=1000%2C626&ssl=1\",\"width\":1000,\"height\":626},{\"@type\":\"BreadcrumbList\",\"@id\":\"https:\\\/\\\/psicopico.com\\\/analisis-psicologico-adolescence-adolescentes-redes-sociales-y-la-influencia-en-su-desarrollo-emocional\\\/#breadcrumb\",\"itemListElement\":[{\"@type\":\"ListItem\",\"position\":1,\"name\":\"Inicio\",\"item\":\"https:\\\/\\\/psicopico.com\\\/\"},{\"@type\":\"ListItem\",\"position\":2,\"name\":\"An\u00e1lisis psicol\u00f3gico &#8216;Adolescence&#8217;: j\u00f3venes, redes e influencia en su desarrollo emocional\"}]},{\"@type\":\"WebSite\",\"@id\":\"https:\\\/\\\/psicopico.com\\\/#website\",\"url\":\"https:\\\/\\\/psicopico.com\\\/\",\"name\":\"PsicoPico\",\"description\":\"Psicopico - Psicolox\u00eda Online por Iv\u00e1n Pico\",\"publisher\":{\"@id\":\"https:\\\/\\\/psicopico.com\\\/#organization\"},\"potentialAction\":[{\"@type\":\"SearchAction\",\"target\":{\"@type\":\"EntryPoint\",\"urlTemplate\":\"https:\\\/\\\/psicopico.com\\\/?s={search_term_string}\"},\"query-input\":{\"@type\":\"PropertyValueSpecification\",\"valueRequired\":true,\"valueName\":\"search_term_string\"}}],\"inLanguage\":\"gal-GAL\"},{\"@type\":\"Organization\",\"@id\":\"https:\\\/\\\/psicopico.com\\\/#organization\",\"name\":\"Psicopico\",\"url\":\"https:\\\/\\\/psicopico.com\\\/\",\"logo\":{\"@type\":\"ImageObject\",\"inLanguage\":\"gal-GAL\",\"@id\":\"https:\\\/\\\/psicopico.com\\\/#\\\/schema\\\/logo\\\/image\\\/\",\"url\":\"https:\\\/\\\/i0.wp.com\\\/psicopico.com\\\/wp-content\\\/uploads\\\/2015\\\/12\\\/logowebpsicopico.png?fit=377%2C113&ssl=1\",\"contentUrl\":\"https:\\\/\\\/i0.wp.com\\\/psicopico.com\\\/wp-content\\\/uploads\\\/2015\\\/12\\\/logowebpsicopico.png?fit=377%2C113&ssl=1\",\"width\":\"377\",\"height\":\"113\",\"caption\":\"Psicopico\"},\"image\":{\"@id\":\"https:\\\/\\\/psicopico.com\\\/#\\\/schema\\\/logo\\\/image\\\/\"},\"sameAs\":[\"https:\\\/\\\/es-la.facebook.com\\\/psicopicopsicologia\\\/\",\"https:\\\/\\\/x.com\\\/psicopico\",\"https:\\\/\\\/instagram.com\\\/psicopico\",\"https:\\\/\\\/es.linkedin.com\\\/in\\\/iv\u00e1n-pico-mart\u00ednez-5bb46873\",\"https:\\\/\\\/www.pinterest.es\\\/psicopico\\\/\",\"https:\\\/\\\/www.youtube.com\\\/channel\\\/UCwM4gAydCyOv_3sBkqVb74Q\"]},{\"@type\":\"Person\",\"@id\":\"https:\\\/\\\/psicopico.com\\\/#\\\/schema\\\/person\\\/e90a6b8840bf0a67abfaa95093cbda44\",\"name\":\"Iv\u00e1n Pico\",\"image\":{\"@type\":\"ImageObject\",\"inLanguage\":\"gal-GAL\",\"@id\":\"https:\\\/\\\/secure.gravatar.com\\\/avatar\\\/db757e40cd044bc752196ef8f9c1ed3c3c79321f8c82624947f51448030b8af1?s=96&d=mm&r=g\",\"url\":\"https:\\\/\\\/secure.gravatar.com\\\/avatar\\\/db757e40cd044bc752196ef8f9c1ed3c3c79321f8c82624947f51448030b8af1?s=96&d=mm&r=g\",\"contentUrl\":\"https:\\\/\\\/secure.gravatar.com\\\/avatar\\\/db757e40cd044bc752196ef8f9c1ed3c3c79321f8c82624947f51448030b8af1?s=96&d=mm&r=g\",\"caption\":\"Iv\u00e1n Pico\"},\"description\":\"Director y creador de Psicopico.com. Psic\u00f3logo Colegiado G-5480. Graduado en Psicolog\u00eda. Diplomado en Ciencias Empresariales y M\u00e1ster en Orientaci\u00f3n Profesional. M\u00e1ster en Psicolog\u00eda del Trabajo y Organizaciones. Posgrado en Psicolog\u00eda del Deporte y Entrenador Profesional de Futsal Nivel 3. Visita la secci\u00f3n \\\"Sobre m\u00ed\\\"para saber m\u00e1s. \u00bfQuieres una consulta personalizada? \u00a1Contacta conmigo en https:\\\/\\\/ivanpico.es\\\/!\",\"sameAs\":[\"https:\\\/\\\/www.psicopico.com\",\"https:\\\/\\\/www.facebook.com\\\/psicopicopsicologia\\\/\",\"https:\\\/\\\/www.instagram.com\\\/psicopico\\\/\",\"https:\\\/\\\/www.linkedin.com\\\/in\\\/ivan-pico-martinez\",\"https:\\\/\\\/x.com\\\/psicopico\",\"https:\\\/\\\/www.youtube.com\\\/channel\\\/UCwM4gAydCyOv_3sBkqVb74Q\"],\"url\":\"https:\\\/\\\/psicopico.com\\\/gl\\\/author\\\/ivan-pico-psicologo-lugo\\\/\"}]}<\/script>\n<!-- \/ Yoast SEO plugin. -->","yoast_head_json":{"title":"(Espa\u00f1ol) An\u00e1lisis psicol\u00f3gico 'Adolescence': j\u00f3venes, redes e influencia en su desarrollo emocional - PsicoPico","robots":{"index":"index","follow":"follow","max-snippet":"max-snippet:-1","max-image-preview":"max-image-preview:large","max-video-preview":"max-video-preview:-1"},"canonical":"https:\/\/psicopico.com\/analisis-psicologico-adolescence-adolescentes-redes-sociales-y-la-influencia-en-su-desarrollo-emocional\/","og_locale":"en_US","og_type":"article","og_title":"(Espa\u00f1ol) An\u00e1lisis psicol\u00f3gico 'Adolescence': j\u00f3venes, redes e influencia en su desarrollo emocional - PsicoPico","og_description":"Esta noticia non est\u00e1 dispo\u00f1ible en galego...sent\u00edmolo. Proba en castel\u00e1n. Apertas! For the sake of viewer convenience, the content is shown below in the alternative language. You may click the link to switch the active language.Hace un par de semanas termin\u00e9 de ver la serie \u2018Adolescence\u2019 (Adolescencia) de Netflix. Como en otras ocasiones, no sab\u00eda [&hellip;]","og_url":"https:\/\/psicopico.com\/analisis-psicologico-adolescence-adolescentes-redes-sociales-y-la-influencia-en-su-desarrollo-emocional\/","og_site_name":"PsicoPico","article_publisher":"https:\/\/es-la.facebook.com\/psicopicopsicologia\/","article_author":"https:\/\/www.facebook.com\/psicopicopsicologia\/","article_published_time":"2025-04-06T21:08:44+00:00","article_modified_time":"2025-05-02T17:08:13+00:00","og_image":[{"width":1000,"height":626,"url":"https:\/\/psicopico.com\/wp-content\/uploads\/2025\/04\/adolescencia-psicologia-1.jpg","type":"image\/jpeg"}],"author":"Iv\u00e1n Pico","twitter_card":"summary_large_image","twitter_creator":"@psicopico","twitter_site":"@psicopico","twitter_misc":{"Written by":"Iv\u00e1n Pico","Est. reading time":"16 minutes"},"schema":{"@context":"https:\/\/schema.org","@graph":[{"@type":"Article","@id":"https:\/\/psicopico.com\/analisis-psicologico-adolescence-adolescentes-redes-sociales-y-la-influencia-en-su-desarrollo-emocional\/#article","isPartOf":{"@id":"https:\/\/psicopico.com\/analisis-psicologico-adolescence-adolescentes-redes-sociales-y-la-influencia-en-su-desarrollo-emocional\/"},"author":{"name":"Iv\u00e1n Pico","@id":"https:\/\/psicopico.com\/#\/schema\/person\/e90a6b8840bf0a67abfaa95093cbda44"},"headline":"(Espa\u00f1ol) An\u00e1lisis psicol\u00f3gico &#8216;Adolescence&#8217;: j\u00f3venes, redes e influencia en su desarrollo emocional","datePublished":"2025-04-06T21:08:44+00:00","dateModified":"2025-05-02T17:08:13+00:00","mainEntityOfPage":{"@id":"https:\/\/psicopico.com\/analisis-psicologico-adolescence-adolescentes-redes-sociales-y-la-influencia-en-su-desarrollo-emocional\/"},"wordCount":3507,"commentCount":0,"publisher":{"@id":"https:\/\/psicopico.com\/#organization"},"image":{"@id":"https:\/\/psicopico.com\/analisis-psicologico-adolescence-adolescentes-redes-sociales-y-la-influencia-en-su-desarrollo-emocional\/#primaryimage"},"thumbnailUrl":"https:\/\/i0.wp.com\/psicopico.com\/wp-content\/uploads\/2025\/04\/adolescencia-psicologia-1.jpg?fit=1000%2C626&ssl=1","keywords":["odio","redes sociales"],"articleSection":["Cine","Criminolox\u00eda","Ocio","Sexualidade","Social"],"inLanguage":"gal-GAL","potentialAction":[{"@type":"CommentAction","name":"Comment","target":["https:\/\/psicopico.com\/analisis-psicologico-adolescence-adolescentes-redes-sociales-y-la-influencia-en-su-desarrollo-emocional\/#respond"]}]},{"@type":["WebPage","ItemPage"],"@id":"https:\/\/psicopico.com\/analisis-psicologico-adolescence-adolescentes-redes-sociales-y-la-influencia-en-su-desarrollo-emocional\/","url":"https:\/\/psicopico.com\/analisis-psicologico-adolescence-adolescentes-redes-sociales-y-la-influencia-en-su-desarrollo-emocional\/","name":"(Espa\u00f1ol) An\u00e1lisis psicol\u00f3gico 'Adolescence': j\u00f3venes, redes e influencia en su desarrollo emocional - PsicoPico","isPartOf":{"@id":"https:\/\/psicopico.com\/#website"},"primaryImageOfPage":{"@id":"https:\/\/psicopico.com\/analisis-psicologico-adolescence-adolescentes-redes-sociales-y-la-influencia-en-su-desarrollo-emocional\/#primaryimage"},"image":{"@id":"https:\/\/psicopico.com\/analisis-psicologico-adolescence-adolescentes-redes-sociales-y-la-influencia-en-su-desarrollo-emocional\/#primaryimage"},"thumbnailUrl":"https:\/\/i0.wp.com\/psicopico.com\/wp-content\/uploads\/2025\/04\/adolescencia-psicologia-1.jpg?fit=1000%2C626&ssl=1","datePublished":"2025-04-06T21:08:44+00:00","dateModified":"2025-05-02T17:08:13+00:00","breadcrumb":{"@id":"https:\/\/psicopico.com\/analisis-psicologico-adolescence-adolescentes-redes-sociales-y-la-influencia-en-su-desarrollo-emocional\/#breadcrumb"},"inLanguage":"gal-GAL","potentialAction":[{"@type":"ReadAction","target":["https:\/\/psicopico.com\/analisis-psicologico-adolescence-adolescentes-redes-sociales-y-la-influencia-en-su-desarrollo-emocional\/"]}]},{"@type":"ImageObject","inLanguage":"gal-GAL","@id":"https:\/\/psicopico.com\/analisis-psicologico-adolescence-adolescentes-redes-sociales-y-la-influencia-en-su-desarrollo-emocional\/#primaryimage","url":"https:\/\/i0.wp.com\/psicopico.com\/wp-content\/uploads\/2025\/04\/adolescencia-psicologia-1.jpg?fit=1000%2C626&ssl=1","contentUrl":"https:\/\/i0.wp.com\/psicopico.com\/wp-content\/uploads\/2025\/04\/adolescencia-psicologia-1.jpg?fit=1000%2C626&ssl=1","width":1000,"height":626},{"@type":"BreadcrumbList","@id":"https:\/\/psicopico.com\/analisis-psicologico-adolescence-adolescentes-redes-sociales-y-la-influencia-en-su-desarrollo-emocional\/#breadcrumb","itemListElement":[{"@type":"ListItem","position":1,"name":"Inicio","item":"https:\/\/psicopico.com\/"},{"@type":"ListItem","position":2,"name":"An\u00e1lisis psicol\u00f3gico &#8216;Adolescence&#8217;: j\u00f3venes, redes e influencia en su desarrollo emocional"}]},{"@type":"WebSite","@id":"https:\/\/psicopico.com\/#website","url":"https:\/\/psicopico.com\/","name":"PsicoPico","description":"Psicopico - Psicolox\u00eda Online por Iv\u00e1n Pico","publisher":{"@id":"https:\/\/psicopico.com\/#organization"},"potentialAction":[{"@type":"SearchAction","target":{"@type":"EntryPoint","urlTemplate":"https:\/\/psicopico.com\/?s={search_term_string}"},"query-input":{"@type":"PropertyValueSpecification","valueRequired":true,"valueName":"search_term_string"}}],"inLanguage":"gal-GAL"},{"@type":"Organization","@id":"https:\/\/psicopico.com\/#organization","name":"Psicopico","url":"https:\/\/psicopico.com\/","logo":{"@type":"ImageObject","inLanguage":"gal-GAL","@id":"https:\/\/psicopico.com\/#\/schema\/logo\/image\/","url":"https:\/\/i0.wp.com\/psicopico.com\/wp-content\/uploads\/2015\/12\/logowebpsicopico.png?fit=377%2C113&ssl=1","contentUrl":"https:\/\/i0.wp.com\/psicopico.com\/wp-content\/uploads\/2015\/12\/logowebpsicopico.png?fit=377%2C113&ssl=1","width":"377","height":"113","caption":"Psicopico"},"image":{"@id":"https:\/\/psicopico.com\/#\/schema\/logo\/image\/"},"sameAs":["https:\/\/es-la.facebook.com\/psicopicopsicologia\/","https:\/\/x.com\/psicopico","https:\/\/instagram.com\/psicopico","https:\/\/es.linkedin.com\/in\/iv\u00e1n-pico-mart\u00ednez-5bb46873","https:\/\/www.pinterest.es\/psicopico\/","https:\/\/www.youtube.com\/channel\/UCwM4gAydCyOv_3sBkqVb74Q"]},{"@type":"Person","@id":"https:\/\/psicopico.com\/#\/schema\/person\/e90a6b8840bf0a67abfaa95093cbda44","name":"Iv\u00e1n Pico","image":{"@type":"ImageObject","inLanguage":"gal-GAL","@id":"https:\/\/secure.gravatar.com\/avatar\/db757e40cd044bc752196ef8f9c1ed3c3c79321f8c82624947f51448030b8af1?s=96&d=mm&r=g","url":"https:\/\/secure.gravatar.com\/avatar\/db757e40cd044bc752196ef8f9c1ed3c3c79321f8c82624947f51448030b8af1?s=96&d=mm&r=g","contentUrl":"https:\/\/secure.gravatar.com\/avatar\/db757e40cd044bc752196ef8f9c1ed3c3c79321f8c82624947f51448030b8af1?s=96&d=mm&r=g","caption":"Iv\u00e1n Pico"},"description":"Director y creador de Psicopico.com. Psic\u00f3logo Colegiado G-5480. Graduado en Psicolog\u00eda. Diplomado en Ciencias Empresariales y M\u00e1ster en Orientaci\u00f3n Profesional. M\u00e1ster en Psicolog\u00eda del Trabajo y Organizaciones. Posgrado en Psicolog\u00eda del Deporte y Entrenador Profesional de Futsal Nivel 3. Visita la secci\u00f3n \"Sobre m\u00ed\"para saber m\u00e1s. \u00bfQuieres una consulta personalizada? \u00a1Contacta conmigo en https:\/\/ivanpico.es\/!","sameAs":["https:\/\/www.psicopico.com","https:\/\/www.facebook.com\/psicopicopsicologia\/","https:\/\/www.instagram.com\/psicopico\/","https:\/\/www.linkedin.com\/in\/ivan-pico-martinez","https:\/\/x.com\/psicopico","https:\/\/www.youtube.com\/channel\/UCwM4gAydCyOv_3sBkqVb74Q"],"url":"https:\/\/psicopico.com\/gl\/author\/ivan-pico-psicologo-lugo\/"}]}},"jetpack_featured_media_url":"https:\/\/i0.wp.com\/psicopico.com\/wp-content\/uploads\/2025\/04\/adolescencia-psicologia-1.jpg?fit=1000%2C626&ssl=1","jetpack_shortlink":"https:\/\/wp.me\/p6Zx58-2wB","jetpack_sharing_enabled":true,"_links":{"self":[{"href":"https:\/\/psicopico.com\/gl\/wp-json\/wp\/v2\/posts\/9709","targetHints":{"allow":["GET"]}}],"collection":[{"href":"https:\/\/psicopico.com\/gl\/wp-json\/wp\/v2\/posts"}],"about":[{"href":"https:\/\/psicopico.com\/gl\/wp-json\/wp\/v2\/types\/post"}],"author":[{"embeddable":true,"href":"https:\/\/psicopico.com\/gl\/wp-json\/wp\/v2\/users\/1"}],"replies":[{"embeddable":true,"href":"https:\/\/psicopico.com\/gl\/wp-json\/wp\/v2\/comments?post=9709"}],"version-history":[{"count":0,"href":"https:\/\/psicopico.com\/gl\/wp-json\/wp\/v2\/posts\/9709\/revisions"}],"wp:featuredmedia":[{"embeddable":true,"href":"https:\/\/psicopico.com\/gl\/wp-json\/wp\/v2\/media\/9714"}],"wp:attachment":[{"href":"https:\/\/psicopico.com\/gl\/wp-json\/wp\/v2\/media?parent=9709"}],"wp:term":[{"taxonomy":"category","embeddable":true,"href":"https:\/\/psicopico.com\/gl\/wp-json\/wp\/v2\/categories?post=9709"},{"taxonomy":"post_tag","embeddable":true,"href":"https:\/\/psicopico.com\/gl\/wp-json\/wp\/v2\/tags?post=9709"}],"curies":[{"name":"wp","href":"https:\/\/api.w.org\/{rel}","templated":true}]}}