{"id":8271,"date":"2022-06-30T12:45:02","date_gmt":"2022-06-30T11:45:02","guid":{"rendered":"https:\/\/psicopico.com\/?p=8271"},"modified":"2022-06-30T12:50:03","modified_gmt":"2022-06-30T11:50:03","slug":"manten-tu-mente-y-memoria-al-100","status":"publish","type":"post","link":"https:\/\/psicopico.com\/gl\/manten-tu-mente-y-memoria-al-100\/","title":{"rendered":"Mant\u00e9n mente e memoria ao 100%"},"content":{"rendered":"O noso cerebro \u00e9 un \u00f3rgano que necesita actividade. Est\u00e1 pensado para estar en constante funcionamento, non en balde \u00e9 o noso centro de operaci\u00f3ns e todas e cada unha das ordes de execuci\u00f3n do resto dos \u00f3rganos irradian dende o sistema nervioso, dependendo de que o noso cerebro estea activo. Ademais, o noso cerebro \u00e9 o disco duro de memoria onde almacenamos toda a informaci\u00f3n que necesitamos procesar no noso d\u00eda a d\u00eda, polo que o seu correcto mantemento \u00e9 fundamental para o seu correcto funcionamento.<\/p>\n<h2><strong>Como mellorar o rendemento cognitivo<\/strong><\/h2>\n<p>O<strong> deterioro cognitivo<\/strong> reduce a nosa funcionalidade cerebral por diferentes motivos, xa sexa polo paso do tempo debido ao envellecemento ou por alg\u00fan tipo de problema neurocognitivo ou enfermidade neurodexenerativa. Isto pode afectar a un ou m\u00e1is dos nosos <strong>oito procesos psicol\u00f3xicos b\u00e1sicos <\/strong>: atenci\u00f3n, memoria, percepci\u00f3n, aprendizaxe, linguaxe, motivaci\u00f3n, xesti\u00f3n emocional e pensamento.<\/p>\n<p>Como ocorre cando imos ao ximnasio a adestrar o noso corpo, debemos facer o mesmo co noso cerebro: adestralo! \u00c9 a mellor forma de previr a disfunci\u00f3n cognitiva prematura e mellorar as nosas capacidades mentais e o rendemento, xa que o seu exercicio reactiva a creaci\u00f3n de novas neuronas e mellora a nosa xesti\u00f3n emocional, o que incluso evitar\u00e1 problemas relacionados co estr\u00e9s ou a ansiedade.<\/p>\n<p>&nbsp;<\/p>\n<p>Ao final, ter un cerebro equilibrado repercute directamente na xesti\u00f3n dos nosos conflitos coti\u00e1ns, polo que ao xerar menos ou resolvelos con maior rapidez, tam\u00e9n teremos menos tensi\u00f3n cognitiva acumulada ao longo do d\u00eda.<\/p>\n<h2><strong>6 actividades para fortalecer a nosa mente<\/strong><\/h2>\n<p>Pois imos tentar darche algunhas ideas para mellorar o teu rendemento cognitivo e manter a mente e o cerebro activos para afrontar con maior eficiencia todos os nosos compromisos, xa sexa a nivel educativo ou profesional.<\/p>\n<p>&nbsp;<\/p>\n<ol>\n<li>\n<h3>Realizar exercicio f\u00edsico<\/h3>\n<\/li>\n<\/ol>\n<p>A actividade f\u00edsica regula de forma natural os principais neurotransmisores cerebrais: dopamina, serotonina, endorfina e oxitocina, que son a base da nosa xesti\u00f3n emocional. Para ter un cerebro saudable tam\u00e9n necesitas materia prima e o exercicio \u00e9 unha forma b\u00e1sica de motivaci\u00f3n natural. Loxicamente, adaptado \u00e1s necesidades e idades de cada persoa. Alg\u00fans dos exercicios para todas as idades son: ioga, tai chi ou danza.<\/p>\n<p>Tam\u00e9n se demostrou que o exercicio aer\u00f3bico <strong>aumenta o fluxo sangu\u00edneo <\/strong>no cerebro, aumentando as\u00ed as funcionalidades do hipocampo, que est\u00e1 directamente implicado na memoria verbal e na aprendizaxe, fortalecendo e protexendo as\u00ed o cerebro das adversidades.<\/p>\n<p>&nbsp;<\/p>\n<ol start=\"2\">\n<li>\n<h3>Alimentaci\u00f3n saudable<\/h3>\n<\/li>\n<\/ol>\n<p>Como dixemos no punto anterior, a materia prima \u00e9 fundamental para poder constru\u00edr a cognici\u00f3n. Polo tanto, manter unha boa dieta e unha <strong>dieta equilibrada <\/strong>tam\u00e9n promover\u00e1 e previr\u00e1 o deterioro cognitivo prematuro. Alimentos como a froita, as verduras de folla verde, o peixe (salm\u00f3n, at\u00fan&#8230;), alg\u00fans froitos secos ou mesmo chocolate (sen recheos) adoitan activar o noso cerebro.<\/p>\n<p>Existen complementos alimenticios que axudan a manter ese equilibrio mental e mellorar o rendemento cognitivo, <a href=\"https:\/\/www.farmacia4estaciones.es\/complemento-alimenticio\/26535-neuralex-60-capsulas-8470001711847.html\">esta soluci\u00f3n <\/a>adoita ser moi eficaz, sobre todo para manter a raia a fatiga e a fatiga cognitiva.<\/p>\n<p>Por suposto, <strong>beber moita auga <\/strong>\u00e9 esencial para manter o \u00f3rgano hidratado.<\/p>\n<p>Relacionado coa alimentaci\u00f3n, podemos inclu\u00edr a coci\u00f1a como unha actividade que precisa dunha planificaci\u00f3n e organizaci\u00f3n que ser\u00e1 outra afecci\u00f3n que mellore as nosas capacidades mentais xerais.<\/p>\n<ol start=\"3\">\n<li>\n<h3>Xoga a xogos t\u00e1cticos: adestra a t\u00faa mente xogando<\/h3>\n<\/li>\n<\/ol>\n<p>Unha das mellores formas de mellorar a nosa cognici\u00f3n mentres xogamos e nos divertimos \u00e9 <strong>practicando deportes ou xogos de mesa t\u00e1cticos como <\/strong>xadrez, damas, jenga, xogos de cartas, xogos de estratexia, etc. Outra forma de exercela xogando \u00e9 mediante xogos que implican recuperar informaci\u00f3n da memoria, como xogos de preguntas ou similares.<\/p>\n<p>O uso dos videoxogos tam\u00e9n \u00e9 unha moi boa forma de utilizar a mente xa que melloran procesos como a percepci\u00f3n visual, a velocidade de reacci\u00f3n, a memoria, a atenci\u00f3n e a toma de decisi\u00f3ns. Ademais, \u00e9 unha boa forma de achegarse ao entretemento xuvenil actual e unha boa escusa para compartir bos momentos cos m\u00e1is cativos.<\/p>\n<p>Outra boa forma de entreterse e aprender xogando \u00e9 a trav\u00e9s de xogos de papiroflexia ou similares, todas aquelas actividades de creaci\u00f3n manual que requiren planificaci\u00f3n, memoria e concentraci\u00f3n para levalas a cabo.<\/p>\n<ol start=\"4\">\n<li>\n<h3>Modificar rutinas<\/h3>\n<\/li>\n<\/ol>\n<p>O noso cerebro tende a automatizar procesos, pero \u00e1s veces unha boa forma de activalo \u00e9 realizando as nosas actividades diarias pero dun xeito diferente. Por exemplo, ir traballar por distintos lugares ou medios: un d\u00eda en bicicleta, outro a p\u00e9, outro en coche, utilizando distintos medios de transporte ou distintas estradas, etc. Tam\u00e9n podemos modificar como dispo\u00f1emos a nosa mesa ou armario, ou a orde da nosa rutina matinal, para forzar dalg\u00fan xeito o cerebro a reorganizarse e activarse para controlar de novo todas as novas variables que creamos para el.<\/p>\n<p>&nbsp;<\/p>\n<ol start=\"5\">\n<li>\n<h3>Ler, escribir, falar e escoitar<\/h3>\n<\/li>\n<\/ol>\n<p>Falta escribir a man, pero \u00e9 unha boa forma de exercitar o cerebro porque tam\u00e9n require <strong>unha coordinaci\u00f3n motora fina <\/strong>. Expresarse emocionalmente \u00e9 tam\u00e9n unha forma de liberar o cerebro e lembrar situaci\u00f3ns que mellora os v\u00ednculos entre a memoria e a emoci\u00f3n. En caso de non facelo a man, tam\u00e9n se pode facer tecleado nun ordenador.<\/p>\n<p>Relacionado con isto, o feito de <strong>ler <\/strong>unha novela, ou calquera outro tipo de escritura, \u00e9 un pracer que mellora a atenci\u00f3n e a concentraci\u00f3n. Ir a unha biblioteca ou a un club de lectura tam\u00e9n pode mellorar indirectamente as relaci\u00f3ns sociais. Falar e comunicarse \u00e9 unha necesidade humana case esencial que tam\u00e9n axudar\u00e1 a previr o deterioro cognitivo.<\/p>\n<p>Se falamos, tam\u00e9n escoitamos e esta capacidade de procesar a informaci\u00f3n da linguaxe \u00e9 tam\u00e9n un exercicio para o noso cerebro. Unha das mellores formas de escoitar \u00e9 fac\u00e9ndoo a trav\u00e9s da <strong>m\u00fasica <\/strong>, o pracer que d\u00e1 a m\u00fasica e as letras que nos obrigan a entendelas \u00e9 outra ferramenta de mellora sinxela e sinxela.<\/p>\n<ol start=\"6\">\n<li>\n<h3>Durmir e descansar<\/h3>\n<\/li>\n<\/ol>\n<p>Durante o sono prod\u00facese un proceso de reciclaxe de todo o &#8220;lixo&#8221; acumulado no noso cerebro ao longo do d\u00eda, polo que manter un bo descanso e sono tam\u00e9n \u00e9 fundamental para comezar os nosos d\u00edas con m\u00e1is enerx\u00eda para a mellora cognitiva. Sen enerx\u00eda pouco podemos facer, as\u00ed que non esquezas traballar a mente, pero tam\u00e9n descansar e relaxarse.<\/p>\n<p>&nbsp;<\/p>\n<p>Hai moitas outras f\u00f3rmulas para manter o cerebro activo, o sedentarismo mental \u00e9 m\u00e1is com\u00fan<\/p>\n<p>&nbsp;","protected":false},"excerpt":{"rendered":"<p>O noso cerebro \u00e9 un \u00f3rgano que necesita actividade. Est\u00e1 pensado para estar en constante funcionamento, non en balde \u00e9 o noso centro de operaci\u00f3ns e todas e cada unha das ordes de execuci\u00f3n do resto dos \u00f3rganos irradian dende o sistema nervioso, dependendo de que o noso cerebro estea activo. Ademais, o noso cerebro [&hellip;]<\/p>\n","protected":false},"author":1,"featured_media":8272,"comment_status":"open","ping_status":"closed","sticky":false,"template":"","format":"standard","meta":{"_jetpack_memberships_contains_paid_content":false,"_joinchat":[],"footnotes":""},"categories":[93],"tags":[298,360,575,564,11,195],"class_list":["post-8271","post","type-post","status-publish","format-standard","has-post-thumbnail","hentry","category-salud","tag-cerebro","tag-cognicion","tag-memoria","tag-mente","tag-psicologia","tag-salud"],"yoast_head":"<!-- This site is optimized with the Yoast SEO plugin v27.4 - https:\/\/yoast.com\/product\/yoast-seo-wordpress\/ -->\n<title>Mant\u00e9n mente e memoria ao 100% - PsicoPico<\/title>\n<meta name=\"robots\" content=\"index, follow, max-snippet:-1, max-image-preview:large, max-video-preview:-1\" \/>\n<link rel=\"canonical\" href=\"https:\/\/psicopico.com\/manten-tu-mente-y-memoria-al-100\/\" \/>\n<meta property=\"og:locale\" content=\"en_US\" \/>\n<meta property=\"og:type\" content=\"article\" \/>\n<meta property=\"og:title\" content=\"Mant\u00e9n mente e memoria ao 100% - PsicoPico\" \/>\n<meta property=\"og:description\" content=\"O noso cerebro \u00e9 un \u00f3rgano que necesita actividade. Est\u00e1 pensado para estar en constante funcionamento, non en balde \u00e9 o noso centro de operaci\u00f3ns e todas e cada unha das ordes de execuci\u00f3n do resto dos \u00f3rganos irradian dende o sistema nervioso, dependendo de que o noso cerebro estea activo. Ademais, o noso cerebro [&hellip;]\" \/>\n<meta property=\"og:url\" content=\"https:\/\/psicopico.com\/manten-tu-mente-y-memoria-al-100\/\" \/>\n<meta property=\"og:site_name\" content=\"PsicoPico\" \/>\n<meta property=\"article:publisher\" content=\"https:\/\/es-la.facebook.com\/psicopicopsicologia\/\" \/>\n<meta property=\"article:author\" content=\"https:\/\/www.facebook.com\/psicopicopsicologia\/\" \/>\n<meta property=\"article:published_time\" content=\"2022-06-30T11:45:02+00:00\" \/>\n<meta property=\"article:modified_time\" content=\"2022-06-30T11:50:03+00:00\" \/>\n<meta property=\"og:image\" content=\"https:\/\/psicopico.com\/wp-content\/uploads\/2022\/06\/mantener-cerebro-activo.jpg\" \/>\n\t<meta property=\"og:image:width\" content=\"1280\" \/>\n\t<meta property=\"og:image:height\" content=\"975\" \/>\n\t<meta property=\"og:image:type\" content=\"image\/jpeg\" \/>\n<meta name=\"author\" content=\"Iv\u00e1n Pico\" \/>\n<meta name=\"twitter:card\" content=\"summary_large_image\" \/>\n<meta name=\"twitter:creator\" content=\"@psicopico\" \/>\n<meta name=\"twitter:site\" content=\"@psicopico\" \/>\n<meta name=\"twitter:label1\" content=\"Written by\" \/>\n\t<meta name=\"twitter:data1\" content=\"Iv\u00e1n Pico\" \/>\n\t<meta name=\"twitter:label2\" content=\"Est. reading time\" \/>\n\t<meta name=\"twitter:data2\" content=\"5 minutes\" \/>\n<script type=\"application\/ld+json\" class=\"yoast-schema-graph\">{\"@context\":\"https:\\\/\\\/schema.org\",\"@graph\":[{\"@type\":\"Article\",\"@id\":\"https:\\\/\\\/psicopico.com\\\/manten-tu-mente-y-memoria-al-100\\\/#article\",\"isPartOf\":{\"@id\":\"https:\\\/\\\/psicopico.com\\\/manten-tu-mente-y-memoria-al-100\\\/\"},\"author\":{\"name\":\"Iv\u00e1n Pico\",\"@id\":\"https:\\\/\\\/psicopico.com\\\/#\\\/schema\\\/person\\\/e90a6b8840bf0a67abfaa95093cbda44\"},\"headline\":\"Mant\u00e9n mente e memoria ao 100%\",\"datePublished\":\"2022-06-30T11:45:02+00:00\",\"dateModified\":\"2022-06-30T11:50:03+00:00\",\"mainEntityOfPage\":{\"@id\":\"https:\\\/\\\/psicopico.com\\\/manten-tu-mente-y-memoria-al-100\\\/\"},\"wordCount\":3345,\"commentCount\":0,\"publisher\":{\"@id\":\"https:\\\/\\\/psicopico.com\\\/#organization\"},\"image\":{\"@id\":\"https:\\\/\\\/psicopico.com\\\/manten-tu-mente-y-memoria-al-100\\\/#primaryimage\"},\"thumbnailUrl\":\"https:\\\/\\\/i0.wp.com\\\/psicopico.com\\\/wp-content\\\/uploads\\\/2022\\\/06\\\/mantener-cerebro-activo.jpg?fit=1280%2C975&ssl=1\",\"keywords\":[\"cerebro\",\"cognici\u00f3n\",\"memoria\",\"mente\",\"Psicolox\u00eda\",\"Sa\u00fade\"],\"articleSection\":[\"Sa\u00fade\"],\"inLanguage\":\"gal-GAL\",\"potentialAction\":[{\"@type\":\"CommentAction\",\"name\":\"Comment\",\"target\":[\"https:\\\/\\\/psicopico.com\\\/manten-tu-mente-y-memoria-al-100\\\/#respond\"]}]},{\"@type\":[\"WebPage\",\"ItemPage\"],\"@id\":\"https:\\\/\\\/psicopico.com\\\/manten-tu-mente-y-memoria-al-100\\\/\",\"url\":\"https:\\\/\\\/psicopico.com\\\/manten-tu-mente-y-memoria-al-100\\\/\",\"name\":\"Mant\u00e9n mente e memoria ao 100% - PsicoPico\",\"isPartOf\":{\"@id\":\"https:\\\/\\\/psicopico.com\\\/#website\"},\"primaryImageOfPage\":{\"@id\":\"https:\\\/\\\/psicopico.com\\\/manten-tu-mente-y-memoria-al-100\\\/#primaryimage\"},\"image\":{\"@id\":\"https:\\\/\\\/psicopico.com\\\/manten-tu-mente-y-memoria-al-100\\\/#primaryimage\"},\"thumbnailUrl\":\"https:\\\/\\\/i0.wp.com\\\/psicopico.com\\\/wp-content\\\/uploads\\\/2022\\\/06\\\/mantener-cerebro-activo.jpg?fit=1280%2C975&ssl=1\",\"datePublished\":\"2022-06-30T11:45:02+00:00\",\"dateModified\":\"2022-06-30T11:50:03+00:00\",\"breadcrumb\":{\"@id\":\"https:\\\/\\\/psicopico.com\\\/manten-tu-mente-y-memoria-al-100\\\/#breadcrumb\"},\"inLanguage\":\"gal-GAL\",\"potentialAction\":[{\"@type\":\"ReadAction\",\"target\":[\"https:\\\/\\\/psicopico.com\\\/manten-tu-mente-y-memoria-al-100\\\/\"]}]},{\"@type\":\"ImageObject\",\"inLanguage\":\"gal-GAL\",\"@id\":\"https:\\\/\\\/psicopico.com\\\/manten-tu-mente-y-memoria-al-100\\\/#primaryimage\",\"url\":\"https:\\\/\\\/i0.wp.com\\\/psicopico.com\\\/wp-content\\\/uploads\\\/2022\\\/06\\\/mantener-cerebro-activo.jpg?fit=1280%2C975&ssl=1\",\"contentUrl\":\"https:\\\/\\\/i0.wp.com\\\/psicopico.com\\\/wp-content\\\/uploads\\\/2022\\\/06\\\/mantener-cerebro-activo.jpg?fit=1280%2C975&ssl=1\",\"width\":1280,\"height\":975,\"caption\":\"mantener cerebro activo\"},{\"@type\":\"BreadcrumbList\",\"@id\":\"https:\\\/\\\/psicopico.com\\\/manten-tu-mente-y-memoria-al-100\\\/#breadcrumb\",\"itemListElement\":[{\"@type\":\"ListItem\",\"position\":1,\"name\":\"Inicio\",\"item\":\"https:\\\/\\\/psicopico.com\\\/\"},{\"@type\":\"ListItem\",\"position\":2,\"name\":\"Mant\u00e9n tu mente y memoria al 100%\"}]},{\"@type\":\"WebSite\",\"@id\":\"https:\\\/\\\/psicopico.com\\\/#website\",\"url\":\"https:\\\/\\\/psicopico.com\\\/\",\"name\":\"PsicoPico\",\"description\":\"Psicopico - Psicolox\u00eda Online por Iv\u00e1n Pico\",\"publisher\":{\"@id\":\"https:\\\/\\\/psicopico.com\\\/#organization\"},\"potentialAction\":[{\"@type\":\"SearchAction\",\"target\":{\"@type\":\"EntryPoint\",\"urlTemplate\":\"https:\\\/\\\/psicopico.com\\\/?s={search_term_string}\"},\"query-input\":{\"@type\":\"PropertyValueSpecification\",\"valueRequired\":true,\"valueName\":\"search_term_string\"}}],\"inLanguage\":\"gal-GAL\"},{\"@type\":\"Organization\",\"@id\":\"https:\\\/\\\/psicopico.com\\\/#organization\",\"name\":\"Psicopico\",\"url\":\"https:\\\/\\\/psicopico.com\\\/\",\"logo\":{\"@type\":\"ImageObject\",\"inLanguage\":\"gal-GAL\",\"@id\":\"https:\\\/\\\/psicopico.com\\\/#\\\/schema\\\/logo\\\/image\\\/\",\"url\":\"https:\\\/\\\/i0.wp.com\\\/psicopico.com\\\/wp-content\\\/uploads\\\/2015\\\/12\\\/logowebpsicopico.png?fit=377%2C113&ssl=1\",\"contentUrl\":\"https:\\\/\\\/i0.wp.com\\\/psicopico.com\\\/wp-content\\\/uploads\\\/2015\\\/12\\\/logowebpsicopico.png?fit=377%2C113&ssl=1\",\"width\":\"377\",\"height\":\"113\",\"caption\":\"Psicopico\"},\"image\":{\"@id\":\"https:\\\/\\\/psicopico.com\\\/#\\\/schema\\\/logo\\\/image\\\/\"},\"sameAs\":[\"https:\\\/\\\/es-la.facebook.com\\\/psicopicopsicologia\\\/\",\"https:\\\/\\\/x.com\\\/psicopico\",\"https:\\\/\\\/instagram.com\\\/psicopico\",\"https:\\\/\\\/es.linkedin.com\\\/in\\\/iv\u00e1n-pico-mart\u00ednez-5bb46873\",\"https:\\\/\\\/www.pinterest.es\\\/psicopico\\\/\",\"https:\\\/\\\/www.youtube.com\\\/channel\\\/UCwM4gAydCyOv_3sBkqVb74Q\"]},{\"@type\":\"Person\",\"@id\":\"https:\\\/\\\/psicopico.com\\\/#\\\/schema\\\/person\\\/e90a6b8840bf0a67abfaa95093cbda44\",\"name\":\"Iv\u00e1n Pico\",\"image\":{\"@type\":\"ImageObject\",\"inLanguage\":\"gal-GAL\",\"@id\":\"https:\\\/\\\/secure.gravatar.com\\\/avatar\\\/db757e40cd044bc752196ef8f9c1ed3c3c79321f8c82624947f51448030b8af1?s=96&d=mm&r=g\",\"url\":\"https:\\\/\\\/secure.gravatar.com\\\/avatar\\\/db757e40cd044bc752196ef8f9c1ed3c3c79321f8c82624947f51448030b8af1?s=96&d=mm&r=g\",\"contentUrl\":\"https:\\\/\\\/secure.gravatar.com\\\/avatar\\\/db757e40cd044bc752196ef8f9c1ed3c3c79321f8c82624947f51448030b8af1?s=96&d=mm&r=g\",\"caption\":\"Iv\u00e1n Pico\"},\"description\":\"Director y creador de Psicopico.com. Psic\u00f3logo Colegiado G-5480. Graduado en Psicolog\u00eda. Diplomado en Ciencias Empresariales y M\u00e1ster en Orientaci\u00f3n Profesional. M\u00e1ster en Psicolog\u00eda del Trabajo y Organizaciones. Posgrado en Psicolog\u00eda del Deporte y Entrenador Profesional de Futsal Nivel 3. Visita la secci\u00f3n \\\"Sobre m\u00ed\\\"para saber m\u00e1s. \u00bfQuieres una consulta personalizada? \u00a1Contacta conmigo en https:\\\/\\\/ivanpico.es\\\/!\",\"sameAs\":[\"https:\\\/\\\/www.psicopico.com\",\"https:\\\/\\\/www.facebook.com\\\/psicopicopsicologia\\\/\",\"https:\\\/\\\/www.instagram.com\\\/psicopico\\\/\",\"https:\\\/\\\/www.linkedin.com\\\/in\\\/ivan-pico-martinez\",\"https:\\\/\\\/x.com\\\/psicopico\",\"https:\\\/\\\/www.youtube.com\\\/channel\\\/UCwM4gAydCyOv_3sBkqVb74Q\"],\"url\":\"https:\\\/\\\/psicopico.com\\\/gl\\\/author\\\/ivan-pico-psicologo-lugo\\\/\"}]}<\/script>\n<!-- \/ Yoast SEO plugin. -->","yoast_head_json":{"title":"Mant\u00e9n mente e memoria ao 100% - PsicoPico","robots":{"index":"index","follow":"follow","max-snippet":"max-snippet:-1","max-image-preview":"max-image-preview:large","max-video-preview":"max-video-preview:-1"},"canonical":"https:\/\/psicopico.com\/manten-tu-mente-y-memoria-al-100\/","og_locale":"en_US","og_type":"article","og_title":"Mant\u00e9n mente e memoria ao 100% - PsicoPico","og_description":"O noso cerebro \u00e9 un \u00f3rgano que necesita actividade. Est\u00e1 pensado para estar en constante funcionamento, non en balde \u00e9 o noso centro de operaci\u00f3ns e todas e cada unha das ordes de execuci\u00f3n do resto dos \u00f3rganos irradian dende o sistema nervioso, dependendo de que o noso cerebro estea activo. Ademais, o noso cerebro [&hellip;]","og_url":"https:\/\/psicopico.com\/manten-tu-mente-y-memoria-al-100\/","og_site_name":"PsicoPico","article_publisher":"https:\/\/es-la.facebook.com\/psicopicopsicologia\/","article_author":"https:\/\/www.facebook.com\/psicopicopsicologia\/","article_published_time":"2022-06-30T11:45:02+00:00","article_modified_time":"2022-06-30T11:50:03+00:00","og_image":[{"width":1280,"height":975,"url":"https:\/\/psicopico.com\/wp-content\/uploads\/2022\/06\/mantener-cerebro-activo.jpg","type":"image\/jpeg"}],"author":"Iv\u00e1n Pico","twitter_card":"summary_large_image","twitter_creator":"@psicopico","twitter_site":"@psicopico","twitter_misc":{"Written by":"Iv\u00e1n Pico","Est. reading time":"5 minutes"},"schema":{"@context":"https:\/\/schema.org","@graph":[{"@type":"Article","@id":"https:\/\/psicopico.com\/manten-tu-mente-y-memoria-al-100\/#article","isPartOf":{"@id":"https:\/\/psicopico.com\/manten-tu-mente-y-memoria-al-100\/"},"author":{"name":"Iv\u00e1n Pico","@id":"https:\/\/psicopico.com\/#\/schema\/person\/e90a6b8840bf0a67abfaa95093cbda44"},"headline":"Mant\u00e9n mente e memoria ao 100%","datePublished":"2022-06-30T11:45:02+00:00","dateModified":"2022-06-30T11:50:03+00:00","mainEntityOfPage":{"@id":"https:\/\/psicopico.com\/manten-tu-mente-y-memoria-al-100\/"},"wordCount":3345,"commentCount":0,"publisher":{"@id":"https:\/\/psicopico.com\/#organization"},"image":{"@id":"https:\/\/psicopico.com\/manten-tu-mente-y-memoria-al-100\/#primaryimage"},"thumbnailUrl":"https:\/\/i0.wp.com\/psicopico.com\/wp-content\/uploads\/2022\/06\/mantener-cerebro-activo.jpg?fit=1280%2C975&ssl=1","keywords":["cerebro","cognici\u00f3n","memoria","mente","Psicolox\u00eda","Sa\u00fade"],"articleSection":["Sa\u00fade"],"inLanguage":"gal-GAL","potentialAction":[{"@type":"CommentAction","name":"Comment","target":["https:\/\/psicopico.com\/manten-tu-mente-y-memoria-al-100\/#respond"]}]},{"@type":["WebPage","ItemPage"],"@id":"https:\/\/psicopico.com\/manten-tu-mente-y-memoria-al-100\/","url":"https:\/\/psicopico.com\/manten-tu-mente-y-memoria-al-100\/","name":"Mant\u00e9n mente e memoria ao 100% - PsicoPico","isPartOf":{"@id":"https:\/\/psicopico.com\/#website"},"primaryImageOfPage":{"@id":"https:\/\/psicopico.com\/manten-tu-mente-y-memoria-al-100\/#primaryimage"},"image":{"@id":"https:\/\/psicopico.com\/manten-tu-mente-y-memoria-al-100\/#primaryimage"},"thumbnailUrl":"https:\/\/i0.wp.com\/psicopico.com\/wp-content\/uploads\/2022\/06\/mantener-cerebro-activo.jpg?fit=1280%2C975&ssl=1","datePublished":"2022-06-30T11:45:02+00:00","dateModified":"2022-06-30T11:50:03+00:00","breadcrumb":{"@id":"https:\/\/psicopico.com\/manten-tu-mente-y-memoria-al-100\/#breadcrumb"},"inLanguage":"gal-GAL","potentialAction":[{"@type":"ReadAction","target":["https:\/\/psicopico.com\/manten-tu-mente-y-memoria-al-100\/"]}]},{"@type":"ImageObject","inLanguage":"gal-GAL","@id":"https:\/\/psicopico.com\/manten-tu-mente-y-memoria-al-100\/#primaryimage","url":"https:\/\/i0.wp.com\/psicopico.com\/wp-content\/uploads\/2022\/06\/mantener-cerebro-activo.jpg?fit=1280%2C975&ssl=1","contentUrl":"https:\/\/i0.wp.com\/psicopico.com\/wp-content\/uploads\/2022\/06\/mantener-cerebro-activo.jpg?fit=1280%2C975&ssl=1","width":1280,"height":975,"caption":"mantener cerebro activo"},{"@type":"BreadcrumbList","@id":"https:\/\/psicopico.com\/manten-tu-mente-y-memoria-al-100\/#breadcrumb","itemListElement":[{"@type":"ListItem","position":1,"name":"Inicio","item":"https:\/\/psicopico.com\/"},{"@type":"ListItem","position":2,"name":"Mant\u00e9n tu mente y memoria al 100%"}]},{"@type":"WebSite","@id":"https:\/\/psicopico.com\/#website","url":"https:\/\/psicopico.com\/","name":"PsicoPico","description":"Psicopico - Psicolox\u00eda Online por Iv\u00e1n Pico","publisher":{"@id":"https:\/\/psicopico.com\/#organization"},"potentialAction":[{"@type":"SearchAction","target":{"@type":"EntryPoint","urlTemplate":"https:\/\/psicopico.com\/?s={search_term_string}"},"query-input":{"@type":"PropertyValueSpecification","valueRequired":true,"valueName":"search_term_string"}}],"inLanguage":"gal-GAL"},{"@type":"Organization","@id":"https:\/\/psicopico.com\/#organization","name":"Psicopico","url":"https:\/\/psicopico.com\/","logo":{"@type":"ImageObject","inLanguage":"gal-GAL","@id":"https:\/\/psicopico.com\/#\/schema\/logo\/image\/","url":"https:\/\/i0.wp.com\/psicopico.com\/wp-content\/uploads\/2015\/12\/logowebpsicopico.png?fit=377%2C113&ssl=1","contentUrl":"https:\/\/i0.wp.com\/psicopico.com\/wp-content\/uploads\/2015\/12\/logowebpsicopico.png?fit=377%2C113&ssl=1","width":"377","height":"113","caption":"Psicopico"},"image":{"@id":"https:\/\/psicopico.com\/#\/schema\/logo\/image\/"},"sameAs":["https:\/\/es-la.facebook.com\/psicopicopsicologia\/","https:\/\/x.com\/psicopico","https:\/\/instagram.com\/psicopico","https:\/\/es.linkedin.com\/in\/iv\u00e1n-pico-mart\u00ednez-5bb46873","https:\/\/www.pinterest.es\/psicopico\/","https:\/\/www.youtube.com\/channel\/UCwM4gAydCyOv_3sBkqVb74Q"]},{"@type":"Person","@id":"https:\/\/psicopico.com\/#\/schema\/person\/e90a6b8840bf0a67abfaa95093cbda44","name":"Iv\u00e1n Pico","image":{"@type":"ImageObject","inLanguage":"gal-GAL","@id":"https:\/\/secure.gravatar.com\/avatar\/db757e40cd044bc752196ef8f9c1ed3c3c79321f8c82624947f51448030b8af1?s=96&d=mm&r=g","url":"https:\/\/secure.gravatar.com\/avatar\/db757e40cd044bc752196ef8f9c1ed3c3c79321f8c82624947f51448030b8af1?s=96&d=mm&r=g","contentUrl":"https:\/\/secure.gravatar.com\/avatar\/db757e40cd044bc752196ef8f9c1ed3c3c79321f8c82624947f51448030b8af1?s=96&d=mm&r=g","caption":"Iv\u00e1n Pico"},"description":"Director y creador de Psicopico.com. Psic\u00f3logo Colegiado G-5480. Graduado en Psicolog\u00eda. Diplomado en Ciencias Empresariales y M\u00e1ster en Orientaci\u00f3n Profesional. M\u00e1ster en Psicolog\u00eda del Trabajo y Organizaciones. Posgrado en Psicolog\u00eda del Deporte y Entrenador Profesional de Futsal Nivel 3. Visita la secci\u00f3n \"Sobre m\u00ed\"para saber m\u00e1s. \u00bfQuieres una consulta personalizada? \u00a1Contacta conmigo en https:\/\/ivanpico.es\/!","sameAs":["https:\/\/www.psicopico.com","https:\/\/www.facebook.com\/psicopicopsicologia\/","https:\/\/www.instagram.com\/psicopico\/","https:\/\/www.linkedin.com\/in\/ivan-pico-martinez","https:\/\/x.com\/psicopico","https:\/\/www.youtube.com\/channel\/UCwM4gAydCyOv_3sBkqVb74Q"],"url":"https:\/\/psicopico.com\/gl\/author\/ivan-pico-psicologo-lugo\/"}]}},"jetpack_featured_media_url":"https:\/\/i0.wp.com\/psicopico.com\/wp-content\/uploads\/2022\/06\/mantener-cerebro-activo.jpg?fit=1280%2C975&ssl=1","jetpack_shortlink":"https:\/\/wp.me\/p6Zx58-29p","jetpack_sharing_enabled":true,"_links":{"self":[{"href":"https:\/\/psicopico.com\/gl\/wp-json\/wp\/v2\/posts\/8271","targetHints":{"allow":["GET"]}}],"collection":[{"href":"https:\/\/psicopico.com\/gl\/wp-json\/wp\/v2\/posts"}],"about":[{"href":"https:\/\/psicopico.com\/gl\/wp-json\/wp\/v2\/types\/post"}],"author":[{"embeddable":true,"href":"https:\/\/psicopico.com\/gl\/wp-json\/wp\/v2\/users\/1"}],"replies":[{"embeddable":true,"href":"https:\/\/psicopico.com\/gl\/wp-json\/wp\/v2\/comments?post=8271"}],"version-history":[{"count":0,"href":"https:\/\/psicopico.com\/gl\/wp-json\/wp\/v2\/posts\/8271\/revisions"}],"wp:featuredmedia":[{"embeddable":true,"href":"https:\/\/psicopico.com\/gl\/wp-json\/wp\/v2\/media\/8272"}],"wp:attachment":[{"href":"https:\/\/psicopico.com\/gl\/wp-json\/wp\/v2\/media?parent=8271"}],"wp:term":[{"taxonomy":"category","embeddable":true,"href":"https:\/\/psicopico.com\/gl\/wp-json\/wp\/v2\/categories?post=8271"},{"taxonomy":"post_tag","embeddable":true,"href":"https:\/\/psicopico.com\/gl\/wp-json\/wp\/v2\/tags?post=8271"}],"curies":[{"name":"wp","href":"https:\/\/api.w.org\/{rel}","templated":true}]}}