{"id":7019,"date":"2021-03-28T23:36:20","date_gmt":"2021-03-28T22:36:20","guid":{"rendered":"https:\/\/psicopico.com\/?p=7019"},"modified":"2021-04-25T20:51:57","modified_gmt":"2021-04-25T19:51:57","slug":"aprender-para-ensenar-mejor-la-importancia-de-la-formacion-de-los-docentes","status":"publish","type":"post","link":"https:\/\/psicopico.com\/gl\/aprender-para-ensenar-mejor-la-importancia-de-la-formacion-de-los-docentes\/","title":{"rendered":"Aprender para ensinar mellor: a importancia da formaci\u00f3n dos docentes"},"content":{"rendered":"A <strong>formaci\u00f3n <\/strong>constante dos membros de calquera tipo de organizaci\u00f3n \u00e9 clave para a mellora do seu rendemento e por tanto do progreso da instituci\u00f3n para a cal desempe\u00f1an o seu traballo. O \u00e1mbito educativo \u00e9 quizais un dos que m\u00e1is necesita de procesos de actualizaci\u00f3n dos co\u00f1ecementos, habilidades e destrezas dos docentes para que o proceso de ensino-aprendizaxe sexa de calidade coa importancia que sup\u00f3n iso para os alumnos que, o d\u00eda de ma\u00f1\u00e1 estar\u00e1n \u00e1 s\u00faa vez mellor preparados grazas a ter profesores competentes.<\/p>\n<p>Calquera que sexa a rama educativa \u00e9 esencial que se mante\u00f1an todos os <strong>docentes actualizados<\/strong>, pero aquelas en as que a intervenci\u00f3n educativa \u00e9 moito m\u00e1is espec\u00edfica sobre o alumnado, como pode ser a educaci\u00f3n especial, \u00e9 sumamente importante que os docentes te\u00f1an os co\u00f1ecementos adecuados aos tempos e estudos m\u00e1is recentes. Os centros educativos deber\u00edan elaborar plans de formaci\u00f3n dos seus mestres que inclu\u00edsen alg\u00fan tipo de <a href=\"https:\/\/www.rededuca.net\/Intervencion-Psicoeducativa-Educacion-Especial\">curso de intervenci\u00f3n en educaci\u00f3n especial<\/a> que lles proporcionar\u00e1 maiores competencias de traballo con estes grupos de alumnos con necesidades tan espec\u00edficas. Nestas \u00e1reas, a intervenci\u00f3n psicoeducativa correcta e actualizada ten especial relevancia.<\/p>\n<h2><strong>Beneficios da formaci\u00f3n en competencias en educaci\u00f3n<\/strong><\/h2>\n<p>Son m\u00faltiples as vantaxes de realizar en ampliar a formaci\u00f3n. Os docentes ou empregados en xeral, non deben quedar a expensas de que as s\u00faas titulaci\u00f3ns oficiais universitarias ou de formaci\u00f3n profesional s\u00edrvanlles para executar o seu traballo. Deben manterse e especializarse a medida que compaxinan a s\u00faa experiencia profesional. Estes son s\u00f3 alg\u00fans dos beneficios que sup\u00f3n formarse en competencias:<\/p>\n<ol>\n<li><strong>Mellora a execuci\u00f3n das tarefas.<\/strong> Aum\u00e9ntase a produtividade e a eficiencia do traballo. Docentes que saiban manexar correctamente as ferramentas ofim\u00e1ticas ou co\u00f1ezan novas t\u00e9cnicas de ensino; as\u00ed como maiores co\u00f1ecementos van mellorar os tempos \u00e1 hora de confeccionar as s\u00faas clases e actividades. \u00c9 beneficioso para todas as partes: o profesor ten m\u00e1is tempo para el, os alumnos reciben mellor formaci\u00f3n e a instituci\u00f3n que representa consegue maior produtividade.<\/li>\n<li><strong>Prepara para realizar novas tarefas e adquirir novo co\u00f1ecemento<\/strong>. Non s\u00f3 ampl\u00edase co\u00f1ecemento cando estamos a realizar unha nova formaci\u00f3n. Sen\u00f3n que estes novos co\u00f1ecementos adquiridos van fomentar aprender outros novos a maiores, son un trampol\u00edn para seguir aprendendo. \u00c9 unha forma de mellorar a nosa autopercepci\u00f3n persoal sobre as nosas capacidades que quizais non co\u00f1eciamos e que nos imped\u00eda penetrarnos en novos co\u00f1ecementos. Por exemplo, si non te\u00f1o unha base de ofim\u00e1tica b\u00e1sica, dificilmente vou penetrarme en mellorar as mi\u00f1as competencias grazas ao uso avanzado doutras ferramentas. O mesmo sucede cando un docente est\u00e1 a preparar as s\u00faas probas selectivas de acceso ao traballo, si durante o seu estudo realiza alg\u00fans<a href=\"https:\/\/www.rededuca.net\/\"> cursos homologados para oposici\u00f3ns<\/a> \u00e9 probable que ese co\u00f1ecemento lle sirva para utilizalo posteriormente ademais do propio que aprender\u00e1 durante a formaci\u00f3n para preparar os seus exames. O noso cerebro prep\u00e1rase para poder recibir novas tarefas canto m\u00e1is o exercitamos.<\/li>\n<li><strong>Mellora o clima na organizaci\u00f3n<\/strong>. Cando os profesores ou mestres est\u00e1n preparados ou todos recibiron una mesma formaci\u00f3n vai mellorar os procesos internos entre eles xa que ser\u00e1 capaces de compartir informaci\u00f3n ou ferramentas que todos son capaces de usar a un mesmo nivel. Isto d\u00e1 lugar a un mellor equilibrio saudable entre todos os compo\u00f1entes que compo\u00f1en o centro educativo.<\/li>\n<li><strong>Reduce os rexeitamentos a novas tarefas e ausencias laborais<\/strong>. Ao estar m\u00e1is preparados para afrontar a actividade docente, ad\u00f3itanse adquirir mellor novas tarefas ao ter un mellor autoconcepto e mellor as\u00ed o noso afrontamiento de retos. Iso facer implicar a\u00ednda m\u00e1is ao docente no seu traballo diario polo que as s\u00faas ausencias ser\u00e1n, a longo prazo, tam\u00e9n menores.<\/li>\n<li><strong>Reduce custos para a empresa. <\/strong>Si, a formaci\u00f3n \u00e9 un investimento que reduce custos na organizaci\u00f3n. O motivo \u00e9 que para realizar un mesmo traballo, a persoa ser\u00e1 capaz de elaboralo dentro do seu horario laboral; polo que non lle levar\u00e1 horas extras a s\u00faa confecci\u00f3n. Un mellor traballo \u00e9 sin\u00f3nimo de m\u00e1is calidade e iso atraer\u00e1 a novos clientes. A confianza no centro educativo e os seus docentes ser\u00e1 ampliada. Menos tempo para realizar as tarefas e tam\u00e9n menor posibilidade de estragar alg\u00fan tipo de ferramenta que necesita de co\u00f1ecemento previo. Ademais, nalgunhas ocasi\u00f3ns un empregado ben formado ser\u00eda capaz de realizar m\u00faltiples tarefas que noutras condici\u00f3ns necesitar\u00eda de m\u00e1is xente para a s\u00faa elaboraci\u00f3n.<\/li>\n<li><strong>Mellora as condici\u00f3ns laborais<\/strong>. Unha persoa ben formado, ademais de ter maior tempo para ela ao poder facer as tarefas en menos tempo, tam\u00e9n ter\u00e1 novas aptitudes para mellorar laboralmente; tanto a nivel salarial como o emocionais ao reducir a tensi\u00f3n laboral producido por non ter co\u00f1ecementos suficientes para mellorar a eficiencia no seu traballo.<\/li>\n<\/ol>\n<p>O investimento en formaci\u00f3n tanto a nivel persoal como por parte de calquera organizaci\u00f3n cara aos seus empregados \u00e9 parte fundamental para a mellora constante; \u00e9 un investimento con tantos beneficios que parece indiscutible non asumilo como unha certeza. A que esperas para seguir form\u00e1ndoche?","protected":false},"excerpt":{"rendered":"<p>A formaci\u00f3n constante dos membros de calquera tipo de organizaci\u00f3n \u00e9 clave para a mellora do seu rendemento e por tanto do progreso da instituci\u00f3n para a cal desempe\u00f1an o seu traballo. O \u00e1mbito educativo \u00e9 quizais un dos que m\u00e1is necesita de procesos de actualizaci\u00f3n dos co\u00f1ecementos, habilidades e destrezas dos docentes para que [&hellip;]<\/p>\n","protected":false},"author":1,"featured_media":7020,"comment_status":"open","ping_status":"closed","sticky":false,"template":"","format":"standard","meta":{"_jetpack_memberships_contains_paid_content":false,"_joinchat":[],"footnotes":""},"categories":[19],"tags":[49,54,519,11],"class_list":["post-7019","post","type-post","status-publish","format-standard","has-post-thumbnail","hentry","category-educacion","tag-educacion","tag-formacion","tag-orientacion-profesional","tag-psicologia"],"yoast_head":"<!-- This site is optimized with the Yoast SEO plugin v27.4 - https:\/\/yoast.com\/product\/yoast-seo-wordpress\/ -->\n<title>Aprender para ensinar mellor: a importancia da formaci\u00f3n dos docentes - PsicoPico<\/title>\n<meta name=\"robots\" content=\"index, follow, max-snippet:-1, max-image-preview:large, max-video-preview:-1\" \/>\n<link rel=\"canonical\" href=\"https:\/\/psicopico.com\/aprender-para-ensenar-mejor-la-importancia-de-la-formacion-de-los-docentes\/\" \/>\n<meta property=\"og:locale\" content=\"en_US\" \/>\n<meta property=\"og:type\" content=\"article\" \/>\n<meta property=\"og:title\" content=\"Aprender para ensinar mellor: a importancia da formaci\u00f3n dos docentes - PsicoPico\" \/>\n<meta property=\"og:description\" content=\"A formaci\u00f3n constante dos membros de calquera tipo de organizaci\u00f3n \u00e9 clave para a mellora do seu rendemento e por tanto do progreso da instituci\u00f3n para a cal desempe\u00f1an o seu traballo. O \u00e1mbito educativo \u00e9 quizais un dos que m\u00e1is necesita de procesos de actualizaci\u00f3n dos co\u00f1ecementos, habilidades e destrezas dos docentes para que [&hellip;]\" \/>\n<meta property=\"og:url\" content=\"https:\/\/psicopico.com\/aprender-para-ensenar-mejor-la-importancia-de-la-formacion-de-los-docentes\/\" \/>\n<meta property=\"og:site_name\" content=\"PsicoPico\" \/>\n<meta property=\"article:publisher\" content=\"https:\/\/es-la.facebook.com\/psicopicopsicologia\/\" \/>\n<meta property=\"article:author\" content=\"https:\/\/www.facebook.com\/psicopicopsicologia\/\" \/>\n<meta property=\"article:published_time\" content=\"2021-03-28T22:36:20+00:00\" \/>\n<meta property=\"article:modified_time\" content=\"2021-04-25T19:51:57+00:00\" \/>\n<meta property=\"og:image\" content=\"https:\/\/i1.wp.com\/psicopico.com\/wp-content\/uploads\/2021\/03\/formacion-educacion-cursos.jpg?fit=1080%2C720&ssl=1\" \/>\n\t<meta property=\"og:image:width\" content=\"1080\" \/>\n\t<meta property=\"og:image:height\" content=\"720\" \/>\n\t<meta property=\"og:image:type\" content=\"image\/jpeg\" \/>\n<meta name=\"author\" content=\"Iv\u00e1n Pico\" \/>\n<meta name=\"twitter:card\" content=\"summary_large_image\" \/>\n<meta name=\"twitter:creator\" content=\"@psicopico\" \/>\n<meta name=\"twitter:site\" content=\"@psicopico\" \/>\n<meta name=\"twitter:label1\" content=\"Written by\" \/>\n\t<meta name=\"twitter:data1\" content=\"Iv\u00e1n Pico\" \/>\n\t<meta name=\"twitter:label2\" content=\"Est. reading time\" \/>\n\t<meta name=\"twitter:data2\" content=\"4 minutes\" \/>\n<script type=\"application\/ld+json\" class=\"yoast-schema-graph\">{\"@context\":\"https:\\\/\\\/schema.org\",\"@graph\":[{\"@type\":\"Article\",\"@id\":\"https:\\\/\\\/psicopico.com\\\/aprender-para-ensenar-mejor-la-importancia-de-la-formacion-de-los-docentes\\\/#article\",\"isPartOf\":{\"@id\":\"https:\\\/\\\/psicopico.com\\\/aprender-para-ensenar-mejor-la-importancia-de-la-formacion-de-los-docentes\\\/\"},\"author\":{\"name\":\"Iv\u00e1n Pico\",\"@id\":\"https:\\\/\\\/psicopico.com\\\/#\\\/schema\\\/person\\\/e90a6b8840bf0a67abfaa95093cbda44\"},\"headline\":\"Aprender para ensinar mellor: a importancia da formaci\u00f3n dos docentes\",\"datePublished\":\"2021-03-28T22:36:20+00:00\",\"dateModified\":\"2021-04-25T19:51:57+00:00\",\"mainEntityOfPage\":{\"@id\":\"https:\\\/\\\/psicopico.com\\\/aprender-para-ensenar-mejor-la-importancia-de-la-formacion-de-los-docentes\\\/\"},\"wordCount\":2730,\"commentCount\":0,\"publisher\":{\"@id\":\"https:\\\/\\\/psicopico.com\\\/#organization\"},\"image\":{\"@id\":\"https:\\\/\\\/psicopico.com\\\/aprender-para-ensenar-mejor-la-importancia-de-la-formacion-de-los-docentes\\\/#primaryimage\"},\"thumbnailUrl\":\"https:\\\/\\\/i0.wp.com\\\/psicopico.com\\\/wp-content\\\/uploads\\\/2021\\\/03\\\/formacion-educacion-cursos.jpg?fit=1080%2C720&ssl=1\",\"keywords\":[\"Educaci\u00f3n\",\"Formaci\u00f3n\",\"orientaci\u00f3n profesional\",\"Psicolox\u00eda\"],\"articleSection\":[\"Educaci\u00f3n\"],\"inLanguage\":\"gal-GAL\",\"potentialAction\":[{\"@type\":\"CommentAction\",\"name\":\"Comment\",\"target\":[\"https:\\\/\\\/psicopico.com\\\/aprender-para-ensenar-mejor-la-importancia-de-la-formacion-de-los-docentes\\\/#respond\"]}]},{\"@type\":[\"WebPage\",\"ItemPage\"],\"@id\":\"https:\\\/\\\/psicopico.com\\\/aprender-para-ensenar-mejor-la-importancia-de-la-formacion-de-los-docentes\\\/\",\"url\":\"https:\\\/\\\/psicopico.com\\\/aprender-para-ensenar-mejor-la-importancia-de-la-formacion-de-los-docentes\\\/\",\"name\":\"Aprender para ensinar mellor: a importancia da formaci\u00f3n dos docentes - PsicoPico\",\"isPartOf\":{\"@id\":\"https:\\\/\\\/psicopico.com\\\/#website\"},\"primaryImageOfPage\":{\"@id\":\"https:\\\/\\\/psicopico.com\\\/aprender-para-ensenar-mejor-la-importancia-de-la-formacion-de-los-docentes\\\/#primaryimage\"},\"image\":{\"@id\":\"https:\\\/\\\/psicopico.com\\\/aprender-para-ensenar-mejor-la-importancia-de-la-formacion-de-los-docentes\\\/#primaryimage\"},\"thumbnailUrl\":\"https:\\\/\\\/i0.wp.com\\\/psicopico.com\\\/wp-content\\\/uploads\\\/2021\\\/03\\\/formacion-educacion-cursos.jpg?fit=1080%2C720&ssl=1\",\"datePublished\":\"2021-03-28T22:36:20+00:00\",\"dateModified\":\"2021-04-25T19:51:57+00:00\",\"breadcrumb\":{\"@id\":\"https:\\\/\\\/psicopico.com\\\/aprender-para-ensenar-mejor-la-importancia-de-la-formacion-de-los-docentes\\\/#breadcrumb\"},\"inLanguage\":\"gal-GAL\",\"potentialAction\":[{\"@type\":\"ReadAction\",\"target\":[\"https:\\\/\\\/psicopico.com\\\/aprender-para-ensenar-mejor-la-importancia-de-la-formacion-de-los-docentes\\\/\"]}]},{\"@type\":\"ImageObject\",\"inLanguage\":\"gal-GAL\",\"@id\":\"https:\\\/\\\/psicopico.com\\\/aprender-para-ensenar-mejor-la-importancia-de-la-formacion-de-los-docentes\\\/#primaryimage\",\"url\":\"https:\\\/\\\/i0.wp.com\\\/psicopico.com\\\/wp-content\\\/uploads\\\/2021\\\/03\\\/formacion-educacion-cursos.jpg?fit=1080%2C720&ssl=1\",\"contentUrl\":\"https:\\\/\\\/i0.wp.com\\\/psicopico.com\\\/wp-content\\\/uploads\\\/2021\\\/03\\\/formacion-educacion-cursos.jpg?fit=1080%2C720&ssl=1\",\"width\":1080,\"height\":720,\"caption\":\"formacion educacion cursos\"},{\"@type\":\"BreadcrumbList\",\"@id\":\"https:\\\/\\\/psicopico.com\\\/aprender-para-ensenar-mejor-la-importancia-de-la-formacion-de-los-docentes\\\/#breadcrumb\",\"itemListElement\":[{\"@type\":\"ListItem\",\"position\":1,\"name\":\"Inicio\",\"item\":\"https:\\\/\\\/psicopico.com\\\/\"},{\"@type\":\"ListItem\",\"position\":2,\"name\":\"Aprender para ense\u00f1ar mejor: la importancia de la formaci\u00f3n de los docentes\"}]},{\"@type\":\"WebSite\",\"@id\":\"https:\\\/\\\/psicopico.com\\\/#website\",\"url\":\"https:\\\/\\\/psicopico.com\\\/\",\"name\":\"PsicoPico\",\"description\":\"Psicopico - Psicolox\u00eda Online por Iv\u00e1n Pico\",\"publisher\":{\"@id\":\"https:\\\/\\\/psicopico.com\\\/#organization\"},\"potentialAction\":[{\"@type\":\"SearchAction\",\"target\":{\"@type\":\"EntryPoint\",\"urlTemplate\":\"https:\\\/\\\/psicopico.com\\\/?s={search_term_string}\"},\"query-input\":{\"@type\":\"PropertyValueSpecification\",\"valueRequired\":true,\"valueName\":\"search_term_string\"}}],\"inLanguage\":\"gal-GAL\"},{\"@type\":\"Organization\",\"@id\":\"https:\\\/\\\/psicopico.com\\\/#organization\",\"name\":\"Psicopico\",\"url\":\"https:\\\/\\\/psicopico.com\\\/\",\"logo\":{\"@type\":\"ImageObject\",\"inLanguage\":\"gal-GAL\",\"@id\":\"https:\\\/\\\/psicopico.com\\\/#\\\/schema\\\/logo\\\/image\\\/\",\"url\":\"https:\\\/\\\/i0.wp.com\\\/psicopico.com\\\/wp-content\\\/uploads\\\/2015\\\/12\\\/logowebpsicopico.png?fit=377%2C113&ssl=1\",\"contentUrl\":\"https:\\\/\\\/i0.wp.com\\\/psicopico.com\\\/wp-content\\\/uploads\\\/2015\\\/12\\\/logowebpsicopico.png?fit=377%2C113&ssl=1\",\"width\":\"377\",\"height\":\"113\",\"caption\":\"Psicopico\"},\"image\":{\"@id\":\"https:\\\/\\\/psicopico.com\\\/#\\\/schema\\\/logo\\\/image\\\/\"},\"sameAs\":[\"https:\\\/\\\/es-la.facebook.com\\\/psicopicopsicologia\\\/\",\"https:\\\/\\\/x.com\\\/psicopico\",\"https:\\\/\\\/instagram.com\\\/psicopico\",\"https:\\\/\\\/es.linkedin.com\\\/in\\\/iv\u00e1n-pico-mart\u00ednez-5bb46873\",\"https:\\\/\\\/www.pinterest.es\\\/psicopico\\\/\",\"https:\\\/\\\/www.youtube.com\\\/channel\\\/UCwM4gAydCyOv_3sBkqVb74Q\"]},{\"@type\":\"Person\",\"@id\":\"https:\\\/\\\/psicopico.com\\\/#\\\/schema\\\/person\\\/e90a6b8840bf0a67abfaa95093cbda44\",\"name\":\"Iv\u00e1n Pico\",\"image\":{\"@type\":\"ImageObject\",\"inLanguage\":\"gal-GAL\",\"@id\":\"https:\\\/\\\/secure.gravatar.com\\\/avatar\\\/db757e40cd044bc752196ef8f9c1ed3c3c79321f8c82624947f51448030b8af1?s=96&d=mm&r=g\",\"url\":\"https:\\\/\\\/secure.gravatar.com\\\/avatar\\\/db757e40cd044bc752196ef8f9c1ed3c3c79321f8c82624947f51448030b8af1?s=96&d=mm&r=g\",\"contentUrl\":\"https:\\\/\\\/secure.gravatar.com\\\/avatar\\\/db757e40cd044bc752196ef8f9c1ed3c3c79321f8c82624947f51448030b8af1?s=96&d=mm&r=g\",\"caption\":\"Iv\u00e1n Pico\"},\"description\":\"Director y creador de Psicopico.com. Psic\u00f3logo Colegiado G-5480. Graduado en Psicolog\u00eda. Diplomado en Ciencias Empresariales y M\u00e1ster en Orientaci\u00f3n Profesional. M\u00e1ster en Psicolog\u00eda del Trabajo y Organizaciones. Posgrado en Psicolog\u00eda del Deporte y Entrenador Profesional de Futsal Nivel 3. Visita la secci\u00f3n \\\"Sobre m\u00ed\\\"para saber m\u00e1s. \u00bfQuieres una consulta personalizada? \u00a1Contacta conmigo en https:\\\/\\\/ivanpico.es\\\/!\",\"sameAs\":[\"https:\\\/\\\/www.psicopico.com\",\"https:\\\/\\\/www.facebook.com\\\/psicopicopsicologia\\\/\",\"https:\\\/\\\/www.instagram.com\\\/psicopico\\\/\",\"https:\\\/\\\/www.linkedin.com\\\/in\\\/ivan-pico-martinez\",\"https:\\\/\\\/x.com\\\/psicopico\",\"https:\\\/\\\/www.youtube.com\\\/channel\\\/UCwM4gAydCyOv_3sBkqVb74Q\"],\"url\":\"https:\\\/\\\/psicopico.com\\\/gl\\\/author\\\/ivan-pico-psicologo-lugo\\\/\"}]}<\/script>\n<!-- \/ Yoast SEO plugin. -->","yoast_head_json":{"title":"Aprender para ensinar mellor: a importancia da formaci\u00f3n dos docentes - PsicoPico","robots":{"index":"index","follow":"follow","max-snippet":"max-snippet:-1","max-image-preview":"max-image-preview:large","max-video-preview":"max-video-preview:-1"},"canonical":"https:\/\/psicopico.com\/aprender-para-ensenar-mejor-la-importancia-de-la-formacion-de-los-docentes\/","og_locale":"en_US","og_type":"article","og_title":"Aprender para ensinar mellor: a importancia da formaci\u00f3n dos docentes - PsicoPico","og_description":"A formaci\u00f3n constante dos membros de calquera tipo de organizaci\u00f3n \u00e9 clave para a mellora do seu rendemento e por tanto do progreso da instituci\u00f3n para a cal desempe\u00f1an o seu traballo. O \u00e1mbito educativo \u00e9 quizais un dos que m\u00e1is necesita de procesos de actualizaci\u00f3n dos co\u00f1ecementos, habilidades e destrezas dos docentes para que [&hellip;]","og_url":"https:\/\/psicopico.com\/aprender-para-ensenar-mejor-la-importancia-de-la-formacion-de-los-docentes\/","og_site_name":"PsicoPico","article_publisher":"https:\/\/es-la.facebook.com\/psicopicopsicologia\/","article_author":"https:\/\/www.facebook.com\/psicopicopsicologia\/","article_published_time":"2021-03-28T22:36:20+00:00","article_modified_time":"2021-04-25T19:51:57+00:00","og_image":[{"width":1080,"height":720,"url":"https:\/\/i1.wp.com\/psicopico.com\/wp-content\/uploads\/2021\/03\/formacion-educacion-cursos.jpg?fit=1080%2C720&ssl=1","type":"image\/jpeg"}],"author":"Iv\u00e1n Pico","twitter_card":"summary_large_image","twitter_creator":"@psicopico","twitter_site":"@psicopico","twitter_misc":{"Written by":"Iv\u00e1n Pico","Est. reading time":"4 minutes"},"schema":{"@context":"https:\/\/schema.org","@graph":[{"@type":"Article","@id":"https:\/\/psicopico.com\/aprender-para-ensenar-mejor-la-importancia-de-la-formacion-de-los-docentes\/#article","isPartOf":{"@id":"https:\/\/psicopico.com\/aprender-para-ensenar-mejor-la-importancia-de-la-formacion-de-los-docentes\/"},"author":{"name":"Iv\u00e1n Pico","@id":"https:\/\/psicopico.com\/#\/schema\/person\/e90a6b8840bf0a67abfaa95093cbda44"},"headline":"Aprender para ensinar mellor: a importancia da formaci\u00f3n dos docentes","datePublished":"2021-03-28T22:36:20+00:00","dateModified":"2021-04-25T19:51:57+00:00","mainEntityOfPage":{"@id":"https:\/\/psicopico.com\/aprender-para-ensenar-mejor-la-importancia-de-la-formacion-de-los-docentes\/"},"wordCount":2730,"commentCount":0,"publisher":{"@id":"https:\/\/psicopico.com\/#organization"},"image":{"@id":"https:\/\/psicopico.com\/aprender-para-ensenar-mejor-la-importancia-de-la-formacion-de-los-docentes\/#primaryimage"},"thumbnailUrl":"https:\/\/i0.wp.com\/psicopico.com\/wp-content\/uploads\/2021\/03\/formacion-educacion-cursos.jpg?fit=1080%2C720&ssl=1","keywords":["Educaci\u00f3n","Formaci\u00f3n","orientaci\u00f3n profesional","Psicolox\u00eda"],"articleSection":["Educaci\u00f3n"],"inLanguage":"gal-GAL","potentialAction":[{"@type":"CommentAction","name":"Comment","target":["https:\/\/psicopico.com\/aprender-para-ensenar-mejor-la-importancia-de-la-formacion-de-los-docentes\/#respond"]}]},{"@type":["WebPage","ItemPage"],"@id":"https:\/\/psicopico.com\/aprender-para-ensenar-mejor-la-importancia-de-la-formacion-de-los-docentes\/","url":"https:\/\/psicopico.com\/aprender-para-ensenar-mejor-la-importancia-de-la-formacion-de-los-docentes\/","name":"Aprender para ensinar mellor: a importancia da formaci\u00f3n dos docentes - PsicoPico","isPartOf":{"@id":"https:\/\/psicopico.com\/#website"},"primaryImageOfPage":{"@id":"https:\/\/psicopico.com\/aprender-para-ensenar-mejor-la-importancia-de-la-formacion-de-los-docentes\/#primaryimage"},"image":{"@id":"https:\/\/psicopico.com\/aprender-para-ensenar-mejor-la-importancia-de-la-formacion-de-los-docentes\/#primaryimage"},"thumbnailUrl":"https:\/\/i0.wp.com\/psicopico.com\/wp-content\/uploads\/2021\/03\/formacion-educacion-cursos.jpg?fit=1080%2C720&ssl=1","datePublished":"2021-03-28T22:36:20+00:00","dateModified":"2021-04-25T19:51:57+00:00","breadcrumb":{"@id":"https:\/\/psicopico.com\/aprender-para-ensenar-mejor-la-importancia-de-la-formacion-de-los-docentes\/#breadcrumb"},"inLanguage":"gal-GAL","potentialAction":[{"@type":"ReadAction","target":["https:\/\/psicopico.com\/aprender-para-ensenar-mejor-la-importancia-de-la-formacion-de-los-docentes\/"]}]},{"@type":"ImageObject","inLanguage":"gal-GAL","@id":"https:\/\/psicopico.com\/aprender-para-ensenar-mejor-la-importancia-de-la-formacion-de-los-docentes\/#primaryimage","url":"https:\/\/i0.wp.com\/psicopico.com\/wp-content\/uploads\/2021\/03\/formacion-educacion-cursos.jpg?fit=1080%2C720&ssl=1","contentUrl":"https:\/\/i0.wp.com\/psicopico.com\/wp-content\/uploads\/2021\/03\/formacion-educacion-cursos.jpg?fit=1080%2C720&ssl=1","width":1080,"height":720,"caption":"formacion educacion cursos"},{"@type":"BreadcrumbList","@id":"https:\/\/psicopico.com\/aprender-para-ensenar-mejor-la-importancia-de-la-formacion-de-los-docentes\/#breadcrumb","itemListElement":[{"@type":"ListItem","position":1,"name":"Inicio","item":"https:\/\/psicopico.com\/"},{"@type":"ListItem","position":2,"name":"Aprender para ense\u00f1ar mejor: la importancia de la formaci\u00f3n de los docentes"}]},{"@type":"WebSite","@id":"https:\/\/psicopico.com\/#website","url":"https:\/\/psicopico.com\/","name":"PsicoPico","description":"Psicopico - Psicolox\u00eda Online por Iv\u00e1n Pico","publisher":{"@id":"https:\/\/psicopico.com\/#organization"},"potentialAction":[{"@type":"SearchAction","target":{"@type":"EntryPoint","urlTemplate":"https:\/\/psicopico.com\/?s={search_term_string}"},"query-input":{"@type":"PropertyValueSpecification","valueRequired":true,"valueName":"search_term_string"}}],"inLanguage":"gal-GAL"},{"@type":"Organization","@id":"https:\/\/psicopico.com\/#organization","name":"Psicopico","url":"https:\/\/psicopico.com\/","logo":{"@type":"ImageObject","inLanguage":"gal-GAL","@id":"https:\/\/psicopico.com\/#\/schema\/logo\/image\/","url":"https:\/\/i0.wp.com\/psicopico.com\/wp-content\/uploads\/2015\/12\/logowebpsicopico.png?fit=377%2C113&ssl=1","contentUrl":"https:\/\/i0.wp.com\/psicopico.com\/wp-content\/uploads\/2015\/12\/logowebpsicopico.png?fit=377%2C113&ssl=1","width":"377","height":"113","caption":"Psicopico"},"image":{"@id":"https:\/\/psicopico.com\/#\/schema\/logo\/image\/"},"sameAs":["https:\/\/es-la.facebook.com\/psicopicopsicologia\/","https:\/\/x.com\/psicopico","https:\/\/instagram.com\/psicopico","https:\/\/es.linkedin.com\/in\/iv\u00e1n-pico-mart\u00ednez-5bb46873","https:\/\/www.pinterest.es\/psicopico\/","https:\/\/www.youtube.com\/channel\/UCwM4gAydCyOv_3sBkqVb74Q"]},{"@type":"Person","@id":"https:\/\/psicopico.com\/#\/schema\/person\/e90a6b8840bf0a67abfaa95093cbda44","name":"Iv\u00e1n Pico","image":{"@type":"ImageObject","inLanguage":"gal-GAL","@id":"https:\/\/secure.gravatar.com\/avatar\/db757e40cd044bc752196ef8f9c1ed3c3c79321f8c82624947f51448030b8af1?s=96&d=mm&r=g","url":"https:\/\/secure.gravatar.com\/avatar\/db757e40cd044bc752196ef8f9c1ed3c3c79321f8c82624947f51448030b8af1?s=96&d=mm&r=g","contentUrl":"https:\/\/secure.gravatar.com\/avatar\/db757e40cd044bc752196ef8f9c1ed3c3c79321f8c82624947f51448030b8af1?s=96&d=mm&r=g","caption":"Iv\u00e1n Pico"},"description":"Director y creador de Psicopico.com. Psic\u00f3logo Colegiado G-5480. Graduado en Psicolog\u00eda. Diplomado en Ciencias Empresariales y M\u00e1ster en Orientaci\u00f3n Profesional. M\u00e1ster en Psicolog\u00eda del Trabajo y Organizaciones. Posgrado en Psicolog\u00eda del Deporte y Entrenador Profesional de Futsal Nivel 3. Visita la secci\u00f3n \"Sobre m\u00ed\"para saber m\u00e1s. \u00bfQuieres una consulta personalizada? \u00a1Contacta conmigo en https:\/\/ivanpico.es\/!","sameAs":["https:\/\/www.psicopico.com","https:\/\/www.facebook.com\/psicopicopsicologia\/","https:\/\/www.instagram.com\/psicopico\/","https:\/\/www.linkedin.com\/in\/ivan-pico-martinez","https:\/\/x.com\/psicopico","https:\/\/www.youtube.com\/channel\/UCwM4gAydCyOv_3sBkqVb74Q"],"url":"https:\/\/psicopico.com\/gl\/author\/ivan-pico-psicologo-lugo\/"}]}},"jetpack_featured_media_url":"https:\/\/i0.wp.com\/psicopico.com\/wp-content\/uploads\/2021\/03\/formacion-educacion-cursos.jpg?fit=1080%2C720&ssl=1","jetpack_shortlink":"https:\/\/wp.me\/p6Zx58-1Pd","jetpack_sharing_enabled":true,"_links":{"self":[{"href":"https:\/\/psicopico.com\/gl\/wp-json\/wp\/v2\/posts\/7019","targetHints":{"allow":["GET"]}}],"collection":[{"href":"https:\/\/psicopico.com\/gl\/wp-json\/wp\/v2\/posts"}],"about":[{"href":"https:\/\/psicopico.com\/gl\/wp-json\/wp\/v2\/types\/post"}],"author":[{"embeddable":true,"href":"https:\/\/psicopico.com\/gl\/wp-json\/wp\/v2\/users\/1"}],"replies":[{"embeddable":true,"href":"https:\/\/psicopico.com\/gl\/wp-json\/wp\/v2\/comments?post=7019"}],"version-history":[{"count":0,"href":"https:\/\/psicopico.com\/gl\/wp-json\/wp\/v2\/posts\/7019\/revisions"}],"wp:featuredmedia":[{"embeddable":true,"href":"https:\/\/psicopico.com\/gl\/wp-json\/wp\/v2\/media\/7020"}],"wp:attachment":[{"href":"https:\/\/psicopico.com\/gl\/wp-json\/wp\/v2\/media?parent=7019"}],"wp:term":[{"taxonomy":"category","embeddable":true,"href":"https:\/\/psicopico.com\/gl\/wp-json\/wp\/v2\/categories?post=7019"},{"taxonomy":"post_tag","embeddable":true,"href":"https:\/\/psicopico.com\/gl\/wp-json\/wp\/v2\/tags?post=7019"}],"curies":[{"name":"wp","href":"https:\/\/api.w.org\/{rel}","templated":true}]}}