{"id":4662,"date":"2018-10-20T12:39:52","date_gmt":"2018-10-20T11:39:52","guid":{"rendered":"https:\/\/psicopico.com\/?p=4662"},"modified":"2018-10-20T12:58:42","modified_gmt":"2018-10-20T11:58:42","slug":"el-autoconcepto-como-afecta-tu-vida","status":"publish","type":"post","link":"https:\/\/psicopico.com\/gl\/el-autoconcepto-como-afecta-tu-vida\/","title":{"rendered":"(Espa\u00f1ol) El autoconcepto \u00bfc\u00f3mo afecta tu vida?"},"content":{"rendered":"<p class=\"qtranxs-available-languages-message qtranxs-available-languages-message-gl\">Esta noticia non est\u00e1 dispo\u00f1ible en galego...sent\u00edmolo. Proba en castel\u00e1n. Apertas! For the sake of viewer convenience, the content is shown below in the alternative language. You may click the link to switch the active language.<\/p><span style=\"font-weight: 400;\">El autoconcepto es una percepci\u00f3n que tienes de tu imagen, experiencias y en cierto modo, <\/span><b>una percepci\u00f3n de tu propia singularidad individual<\/b><span style=\"font-weight: 400;\">. Este conocimiento que tienes de ti mismo se basa en la informaci\u00f3n que has recopilado sobre tus valores, roles de vida, objetivos y habilidades a lo largo del tiempo.<\/span><\/p>\n<p><span style=\"font-weight: 400;\">Tu autoconcepto es en cierto modo una <\/span><i><span style=\"font-weight: 400;\">colecci\u00f3n de creencias que tienes sobre tu propia naturaleza, cualidades y comportamiento<\/span><\/i><span style=\"font-weight: 400;\">. Se trata de c\u00f3mo piensas y te eval\u00faas en un momento dado en el tiempo. \u00bfTe gustar\u00eda <\/span><b>aprender c\u00f3mo mejorar la percepci\u00f3n que tienes de ti mismo<\/b><span style=\"font-weight: 400;\">?<\/span><\/p>\n<p><img data-recalc-dims=\"1\" loading=\"lazy\" decoding=\"async\" class=\"aligncenter wp-image-4663 size-full\" src=\"https:\/\/i0.wp.com\/psicopico.com\/wp-content\/uploads\/2018\/10\/autoconcepto.jpg?resize=626%2C344&#038;ssl=1\" alt=\"autoconcepto\" width=\"626\" height=\"344\" srcset=\"https:\/\/i0.wp.com\/psicopico.com\/wp-content\/uploads\/2018\/10\/autoconcepto.jpg?w=626&amp;ssl=1 626w, https:\/\/i0.wp.com\/psicopico.com\/wp-content\/uploads\/2018\/10\/autoconcepto.jpg?resize=300%2C165&amp;ssl=1 300w, https:\/\/i0.wp.com\/psicopico.com\/wp-content\/uploads\/2018\/10\/autoconcepto.jpg?resize=600%2C330&amp;ssl=1 600w\" sizes=\"auto, (max-width: 626px) 100vw, 626px\" \/><\/p>\n<h1><b>Importancia del autoconcepto<\/b><\/h1>\n<p><span style=\"font-weight: 400;\">El autoconcepto tiene su importancia por ser un referente que permite proyectar y crear una direcci\u00f3n en la vida. Esta representaci\u00f3n repleta de afinidades, define al individuo, lo ayuda a \u00a0saber qui\u00e9n es, por lo tanto le da seguridad para decir: &#8220;<\/span><b>yo s\u00e9 qui\u00e9n soy<\/b><span style=\"font-weight: 400;\">&#8220;, me autodefino.<\/span><\/p>\n<p><span style=\"font-weight: 400;\">Esta autoimagen sobre s\u00ed mismo, crea una referencia de singularidad y unidad y al tener un concepto propio sobre nosotros mismos, dejamos de querer que los dem\u00e1s nos definen, lo que nos hace menos vulnerables.<\/span><\/p>\n<p><span style=\"font-weight: 400;\">Adem\u00e1s, les quitamos el poder que tienen otras personas sobre nosotros.<\/span><\/p>\n<p><span style=\"font-weight: 400;\">Si no sabes qui\u00e9n eres y no conoces a ese \u201cser\u201d que habita dentro de ti puedes tener problemas, ya que se pierde la referencia, generando la sensaci\u00f3n de estar perdido. Sin tener el autoconcepto definido, las personas no poseen identidad ni <\/span><a href=\"https:\/\/www.esalud.com\/trastornos-de-la-personalidad\/\"><span style=\"font-weight: 400;\">personalidad<\/span><\/a><span style=\"font-weight: 400;\">.<\/span><\/p>\n<p><i><span style=\"font-weight: 400;\">El autoconcepto ayuda a comprender aspectos importantes del comportamiento humano<\/span><\/i><span style=\"font-weight: 400;\">, como la uniformidad, la conciencia y la coherencia de la conducta observable, la noci\u00f3n de identidad y el mantenimiento de ciertos estereotipos de acci\u00f3n en la continuidad del tiempo.<\/span><\/p>\n<p><span style=\"font-weight: 400;\">Tambi\u00e9n <\/span><b>puede estar relacionado con el sentimiento de ser aceptado<\/b><span style=\"font-weight: 400;\">, de ser amado, de ser aut\u00f3nomo y de ser competente, delante de s\u00ed mismo y del grupo. No obstante, el bajo autoconcepto puede estar ligado a la devaluaci\u00f3n personal que puede afectar la salud y llevar al estr\u00e9s, a la depresi\u00f3n, etc.<\/span><\/p>\n<h2><b>Autoconcepto poco saludable<\/b><\/h2>\n<p><span style=\"font-weight: 400;\">Antes de saber c\u00f3mo mejorar tu autoconcepto es importante que aprendas a detectar si tienes una mala imagen de ti mismo. <\/span><b>Un autoconcepto malsano es algo que a menudo nos arrastra a la vida<\/b><span style=\"font-weight: 400;\">, es algo que limita tus oportunidades, te niega el acceso a recursos esenciales y quebranta tu potencial.<\/span><\/p>\n<p><span style=\"font-weight: 400;\">Adem\u00e1s, <\/span><i><span style=\"font-weight: 400;\">implica que tienes un bajo valor de ti mismo<\/span><\/i><span style=\"font-weight: 400;\">, y cuando tenemos un bajo valor de nosotros mismos, por lo general carecemos de la confianza necesaria para avanzar con audacia en la direcci\u00f3n de nuestras metas.<\/span><\/p>\n<p><span style=\"font-weight: 400;\">Sin confianza en nosotros mismos, <\/span><b>carecemos del ingenio necesario para superar la incertidumbre,<\/b><span style=\"font-weight: 400;\"> resolver problemas y gestionar el cambio de manera efectiva.<\/span><\/p>\n<ul>\n<li style=\"font-weight: 400;\"><span style=\"font-weight: 400;\">La vida se vuelve r\u00e1pidamente abrumadora y dif\u00edcil de soportar, ya que luchas con tus emociones y tomas malas decisiones. En esencia, todo se convierte en una lucha y las cosas realmente no deber\u00edan ser as\u00ed.<\/span><\/li>\n<li style=\"font-weight: 400;\"><span style=\"font-weight: 400;\">Lo bueno es que existen signos espec\u00edficos que te pueden ayudar a identificar si est\u00e1s luchando con un autoconcepto d\u00e9bil o no. Por ejemplo, es probable que tengas un autoconcepto d\u00e9bil cuando:<\/span><\/li>\n<li style=\"font-weight: 400;\"><span style=\"font-weight: 400;\">Te cuesta dar cari\u00f1o.<\/span><\/li>\n<li style=\"font-weight: 400;\"><span style=\"font-weight: 400;\">Te comparas frecuentemente con otras personas.<\/span><\/li>\n<li style=\"font-weight: 400;\"><span style=\"font-weight: 400;\">Te invaden los celos.<\/span><\/li>\n<li style=\"font-weight: 400;\"><span style=\"font-weight: 400;\">Rechazas los cumplidos.<\/span><\/li>\n<li style=\"font-weight: 400;\"><span style=\"font-weight: 400;\">Te cr\u00edticas frecuentemente a ti mismo y a los dem\u00e1s.<\/span><\/li>\n<li style=\"font-weight: 400;\"><span style=\"font-weight: 400;\">Te dejas llevar por el di\u00e1logo interno negativo y el pesimismo.<\/span><\/li>\n<li style=\"font-weight: 400;\"><span style=\"font-weight: 400;\">Sufres por lo que podr\u00edas, deber\u00edas o hubieras hecho.<\/span><\/li>\n<li style=\"font-weight: 400;\"><span style=\"font-weight: 400;\">Quebrantas tus propias necesidades personales en favor de las necesidades de otras personas.<\/span><\/li>\n<li style=\"font-weight: 400;\"><span style=\"font-weight: 400;\">Tienes mala <\/span><a href=\"https:\/\/www.esalud.com\/proceso-salud-enfermedad\/\"><span style=\"font-weight: 400;\">salud emocional<\/span><\/a><span style=\"font-weight: 400;\"> y f\u00edsica.<\/span><\/li>\n<\/ul>\n<p><span style=\"font-weight: 400;\">Si te identificas con \u00a0tres o cuatro elementos de esta lista, es probable que tengas un mal auto concepto. Entonces, lleg\u00f3 la hora de comprometerse a <\/span><b>actualizar tus pensamientos, creencias, decisiones y acciones para avanzar<\/b><span style=\"font-weight: 400;\">, solo as\u00ed transformar\u00e1s tu autoconcepto y optimizar\u00e1s c\u00f3mo vives tu vida.<\/span><\/p>\n<h2><b>Autoconcepto \u00bfC\u00f3mo mejorarlo?<\/b><\/h2>\n<p><span style=\"font-weight: 400;\">Transformar tu <\/span><a href=\"https:\/\/www.esalud.com\/autoconcepto\/\"><span style=\"font-weight: 400;\">autoconcepto<\/span><\/a><span style=\"font-weight: 400;\"> no ser\u00e1 f\u00e1cil. De hecho, deber\u00e1s tener mucha paciencia, tiempo y esfuerzo.<\/span><\/p>\n<p><span style=\"font-weight: 400;\">A lo largo de este viaje es probable que necesites liberar viejos h\u00e1bitos, creencias limitantes y pensamientos in\u00fatiles. B\u00e1sicamente \u00a0<\/span><i><span style=\"font-weight: 400;\">deber\u00e1s cuestionar el valor de c\u00f3mo has estado viviendo tu vida<\/span><\/i><span style=\"font-weight: 400;\">, lo que incluye en las elecciones y las decisiones que has estado tomando.<\/span><\/p>\n<p><span style=\"font-weight: 400;\">Si las decisiones que tomas no est\u00e1n fuera de tu zona de comodidad y no te empujan hacia tus metas, entonces el cambio es algo que debes realizar.<\/span><\/p>\n<p><span style=\"font-weight: 400;\">Antes de seguir adelante es importante que tengas en cuenta que la calidad de tu vida es un reflejo directo de tu estado emocional. Esto significa que cuando tus emociones est\u00e9n saludables, la calidad de tu vida tambi\u00e9n mejorar\u00e1.<\/span><\/p>\n<p><span style=\"font-weight: 400;\">Tu vida mejora porque <\/span><b>la vida siempre se reduce a las experiencias emocionales que elegimos para disfrutar<\/b><span style=\"font-weight: 400;\">.<\/span><\/p>\n<p><span style=\"font-weight: 400;\">Cuando nuestras experiencias emocionales son de naturaleza sana y positiva, consecuentemente mejora la calidad de nuestros pensamientos y a medida que nuestros pensamientos mejoran, tambi\u00e9n lo hacen nuestras elecciones, decisiones y acciones.<\/span><\/p>\n<h2><b>En resumen<\/b><\/h2>\n<p><span style=\"font-weight: 400;\">Cuando nos conocemos a nosotros mismos podemos tomar decisiones asertivas \u00a0y c\u00f3mo debemos actuar en determinadas situaciones.<\/span><\/p>\n<p><span style=\"font-weight: 400;\">Este autoconocimiento se puede realizar a nivel individual o de grupo. <\/span><\/p>\n<p><span style=\"font-weight: 400;\">Reconocer nuestra identidad y la de los dem\u00e1s hace nuestra vida m\u00e1s f\u00e1cil y facilita las relaciones intergrupales \u00a0e interpersonales.<\/span><\/p>\n<p><span style=\"font-weight: 400;\">De all\u00ed la importancia de <\/span><b>construir un autoconcepto sano y robusto<\/b><span style=\"font-weight: 400;\">. Aunque es algo que requiere trabajo y esfuerzo constante, de hecho lleva tiempo y vale la pena hacerlo.<\/span><\/p>\n<p><span style=\"font-weight: 400;\">Transformar tu autoconcepto es algo en lo que necesitas trabajar constantemente a lo largo del tiempo. <\/span><i><span style=\"font-weight: 400;\">No es algo que se pueda lograr de la noche a la ma\u00f1ana<\/span><\/i><span style=\"font-weight: 400;\">. Del mismo modo, no es algo con lo que vas a trabajar una vez y luego olvidar por el resto de tu vida.<\/span><\/p>\n<p><span style=\"font-weight: 400;\">Si realmente deseas <\/span><b>cambiar \u00a0y evolucionar continuamente<\/b><span style=\"font-weight: 400;\"> a medida que alcanzas nuevos l\u00edmites en el camino de tu vida debes ser persistente, adem\u00e1s debes tomarte tu tiempo. Establece peque\u00f1os objetivos diarios y durante muchas semanas, meses y a\u00f1os progresar\u00e1s considerablemente a medida que descubras qui\u00e9n eres y en qui\u00e9n deseas convertirte.<\/span><\/p>\n<p><span style=\"font-weight: 400;\">Conocerse y aceptarse a s\u00ed mismo no es una tarea f\u00e1cil, requiere un gran esfuerzo, pero lo beneficios son invaluables. Adelante.<\/span>","protected":false},"excerpt":{"rendered":"<p>Esta noticia non est\u00e1 dispo\u00f1ible en galego&#8230;sent\u00edmolo. Proba en castel\u00e1n. Apertas! For the sake of viewer convenience, the content is shown below in the alternative language. You may click the link to switch the active language.El autoconcepto es una percepci\u00f3n que tienes de tu imagen, experiencias y en cierto modo, una percepci\u00f3n de tu propia [&hellip;]<\/p>\n","protected":false},"author":168,"featured_media":4664,"comment_status":"open","ping_status":"open","sticky":false,"template":"","format":"standard","meta":{"_jetpack_memberships_contains_paid_content":false,"_joinchat":[],"footnotes":""},"categories":[22,93],"tags":[532,376,403,11,195],"class_list":["post-4662","post","type-post","status-publish","format-standard","has-post-thumbnail","hentry","category-inteligencia-emocional","category-salud","tag-autoconcepto","tag-autoestima","tag-personalidad","tag-psicologia","tag-salud"],"yoast_head":"<!-- This site is optimized with the Yoast SEO plugin v27.4 - https:\/\/yoast.com\/product\/yoast-seo-wordpress\/ -->\n<title>(Espa\u00f1ol) El autoconcepto \u00bfc\u00f3mo afecta tu vida? - PsicoPico<\/title>\n<meta name=\"robots\" content=\"index, follow, max-snippet:-1, max-image-preview:large, max-video-preview:-1\" \/>\n<link rel=\"canonical\" href=\"https:\/\/psicopico.com\/el-autoconcepto-como-afecta-tu-vida\/\" \/>\n<meta property=\"og:locale\" content=\"en_US\" \/>\n<meta property=\"og:type\" content=\"article\" \/>\n<meta property=\"og:title\" content=\"(Espa\u00f1ol) El autoconcepto \u00bfc\u00f3mo afecta tu vida? - PsicoPico\" \/>\n<meta property=\"og:description\" content=\"Esta noticia non est\u00e1 dispo\u00f1ible en galego...sent\u00edmolo. Proba en castel\u00e1n. Apertas! For the sake of viewer convenience, the content is shown below in the alternative language. You may click the link to switch the active language.El autoconcepto es una percepci\u00f3n que tienes de tu imagen, experiencias y en cierto modo, una percepci\u00f3n de tu propia [&hellip;]\" \/>\n<meta property=\"og:url\" content=\"https:\/\/psicopico.com\/el-autoconcepto-como-afecta-tu-vida\/\" \/>\n<meta property=\"og:site_name\" content=\"PsicoPico\" \/>\n<meta property=\"article:publisher\" content=\"https:\/\/es-la.facebook.com\/psicopicopsicologia\/\" \/>\n<meta property=\"article:published_time\" content=\"2018-10-20T11:39:52+00:00\" \/>\n<meta property=\"article:modified_time\" content=\"2018-10-20T11:58:42+00:00\" \/>\n<meta property=\"og:image\" content=\"https:\/\/i0.wp.com\/psicopico.com\/wp-content\/uploads\/2018\/10\/autoconcepto-imagen-personal.jpg?fit=773%2C426&ssl=1\" \/>\n\t<meta property=\"og:image:width\" content=\"773\" \/>\n\t<meta property=\"og:image:height\" content=\"426\" \/>\n\t<meta property=\"og:image:type\" content=\"image\/jpeg\" \/>\n<meta name=\"author\" content=\"Redacci\u00f3n\" \/>\n<meta name=\"twitter:card\" content=\"summary_large_image\" \/>\n<meta name=\"twitter:creator\" content=\"@psicopico\" \/>\n<meta name=\"twitter:site\" content=\"@psicopico\" \/>\n<meta name=\"twitter:label1\" content=\"Written by\" \/>\n\t<meta name=\"twitter:data1\" content=\"Redacci\u00f3n\" \/>\n\t<meta name=\"twitter:label2\" content=\"Est. reading time\" \/>\n\t<meta name=\"twitter:data2\" content=\"5 minutes\" \/>\n<script type=\"application\/ld+json\" class=\"yoast-schema-graph\">{\"@context\":\"https:\\\/\\\/schema.org\",\"@graph\":[{\"@type\":\"Article\",\"@id\":\"https:\\\/\\\/psicopico.com\\\/el-autoconcepto-como-afecta-tu-vida\\\/#article\",\"isPartOf\":{\"@id\":\"https:\\\/\\\/psicopico.com\\\/el-autoconcepto-como-afecta-tu-vida\\\/\"},\"author\":{\"name\":\"Redacci\u00f3n\",\"@id\":\"https:\\\/\\\/psicopico.com\\\/#\\\/schema\\\/person\\\/56f68638e4701296aab5da5cf736cdbd\"},\"headline\":\"(Espa\u00f1ol) El autoconcepto \u00bfc\u00f3mo afecta tu vida?\",\"datePublished\":\"2018-10-20T11:39:52+00:00\",\"dateModified\":\"2018-10-20T11:58:42+00:00\",\"mainEntityOfPage\":{\"@id\":\"https:\\\/\\\/psicopico.com\\\/el-autoconcepto-como-afecta-tu-vida\\\/\"},\"wordCount\":1078,\"commentCount\":0,\"publisher\":{\"@id\":\"https:\\\/\\\/psicopico.com\\\/#organization\"},\"image\":{\"@id\":\"https:\\\/\\\/psicopico.com\\\/el-autoconcepto-como-afecta-tu-vida\\\/#primaryimage\"},\"thumbnailUrl\":\"https:\\\/\\\/i0.wp.com\\\/psicopico.com\\\/wp-content\\\/uploads\\\/2018\\\/10\\\/autoconcepto-imagen-personal.jpg?fit=773%2C426&ssl=1\",\"keywords\":[\"autoconcepto\",\"autoestima\",\"personalidad\",\"Psicolox\u00eda\",\"Sa\u00fade\"],\"articleSection\":[\"Intelixencia Emocional\",\"Sa\u00fade\"],\"inLanguage\":\"gal-GAL\",\"potentialAction\":[{\"@type\":\"CommentAction\",\"name\":\"Comment\",\"target\":[\"https:\\\/\\\/psicopico.com\\\/el-autoconcepto-como-afecta-tu-vida\\\/#respond\"]}]},{\"@type\":[\"WebPage\",\"ItemPage\"],\"@id\":\"https:\\\/\\\/psicopico.com\\\/el-autoconcepto-como-afecta-tu-vida\\\/\",\"url\":\"https:\\\/\\\/psicopico.com\\\/el-autoconcepto-como-afecta-tu-vida\\\/\",\"name\":\"(Espa\u00f1ol) El autoconcepto \u00bfc\u00f3mo afecta tu vida? - PsicoPico\",\"isPartOf\":{\"@id\":\"https:\\\/\\\/psicopico.com\\\/#website\"},\"primaryImageOfPage\":{\"@id\":\"https:\\\/\\\/psicopico.com\\\/el-autoconcepto-como-afecta-tu-vida\\\/#primaryimage\"},\"image\":{\"@id\":\"https:\\\/\\\/psicopico.com\\\/el-autoconcepto-como-afecta-tu-vida\\\/#primaryimage\"},\"thumbnailUrl\":\"https:\\\/\\\/i0.wp.com\\\/psicopico.com\\\/wp-content\\\/uploads\\\/2018\\\/10\\\/autoconcepto-imagen-personal.jpg?fit=773%2C426&ssl=1\",\"datePublished\":\"2018-10-20T11:39:52+00:00\",\"dateModified\":\"2018-10-20T11:58:42+00:00\",\"breadcrumb\":{\"@id\":\"https:\\\/\\\/psicopico.com\\\/el-autoconcepto-como-afecta-tu-vida\\\/#breadcrumb\"},\"inLanguage\":\"gal-GAL\",\"potentialAction\":[{\"@type\":\"ReadAction\",\"target\":[\"https:\\\/\\\/psicopico.com\\\/el-autoconcepto-como-afecta-tu-vida\\\/\"]}]},{\"@type\":\"ImageObject\",\"inLanguage\":\"gal-GAL\",\"@id\":\"https:\\\/\\\/psicopico.com\\\/el-autoconcepto-como-afecta-tu-vida\\\/#primaryimage\",\"url\":\"https:\\\/\\\/i0.wp.com\\\/psicopico.com\\\/wp-content\\\/uploads\\\/2018\\\/10\\\/autoconcepto-imagen-personal.jpg?fit=773%2C426&ssl=1\",\"contentUrl\":\"https:\\\/\\\/i0.wp.com\\\/psicopico.com\\\/wp-content\\\/uploads\\\/2018\\\/10\\\/autoconcepto-imagen-personal.jpg?fit=773%2C426&ssl=1\",\"width\":773,\"height\":426,\"caption\":\"autoconcepto\"},{\"@type\":\"BreadcrumbList\",\"@id\":\"https:\\\/\\\/psicopico.com\\\/el-autoconcepto-como-afecta-tu-vida\\\/#breadcrumb\",\"itemListElement\":[{\"@type\":\"ListItem\",\"position\":1,\"name\":\"Inicio\",\"item\":\"https:\\\/\\\/psicopico.com\\\/\"},{\"@type\":\"ListItem\",\"position\":2,\"name\":\"El autoconcepto \u00bfc\u00f3mo afecta tu vida?\"}]},{\"@type\":\"WebSite\",\"@id\":\"https:\\\/\\\/psicopico.com\\\/#website\",\"url\":\"https:\\\/\\\/psicopico.com\\\/\",\"name\":\"PsicoPico\",\"description\":\"Psicopico - Psicolox\u00eda Online por Iv\u00e1n Pico\",\"publisher\":{\"@id\":\"https:\\\/\\\/psicopico.com\\\/#organization\"},\"potentialAction\":[{\"@type\":\"SearchAction\",\"target\":{\"@type\":\"EntryPoint\",\"urlTemplate\":\"https:\\\/\\\/psicopico.com\\\/?s={search_term_string}\"},\"query-input\":{\"@type\":\"PropertyValueSpecification\",\"valueRequired\":true,\"valueName\":\"search_term_string\"}}],\"inLanguage\":\"gal-GAL\"},{\"@type\":\"Organization\",\"@id\":\"https:\\\/\\\/psicopico.com\\\/#organization\",\"name\":\"Psicopico\",\"url\":\"https:\\\/\\\/psicopico.com\\\/\",\"logo\":{\"@type\":\"ImageObject\",\"inLanguage\":\"gal-GAL\",\"@id\":\"https:\\\/\\\/psicopico.com\\\/#\\\/schema\\\/logo\\\/image\\\/\",\"url\":\"https:\\\/\\\/i0.wp.com\\\/psicopico.com\\\/wp-content\\\/uploads\\\/2015\\\/12\\\/logowebpsicopico.png?fit=377%2C113&ssl=1\",\"contentUrl\":\"https:\\\/\\\/i0.wp.com\\\/psicopico.com\\\/wp-content\\\/uploads\\\/2015\\\/12\\\/logowebpsicopico.png?fit=377%2C113&ssl=1\",\"width\":\"377\",\"height\":\"113\",\"caption\":\"Psicopico\"},\"image\":{\"@id\":\"https:\\\/\\\/psicopico.com\\\/#\\\/schema\\\/logo\\\/image\\\/\"},\"sameAs\":[\"https:\\\/\\\/es-la.facebook.com\\\/psicopicopsicologia\\\/\",\"https:\\\/\\\/x.com\\\/psicopico\",\"https:\\\/\\\/instagram.com\\\/psicopico\",\"https:\\\/\\\/es.linkedin.com\\\/in\\\/iv\u00e1n-pico-mart\u00ednez-5bb46873\",\"https:\\\/\\\/www.pinterest.es\\\/psicopico\\\/\",\"https:\\\/\\\/www.youtube.com\\\/channel\\\/UCwM4gAydCyOv_3sBkqVb74Q\"]},{\"@type\":\"Person\",\"@id\":\"https:\\\/\\\/psicopico.com\\\/#\\\/schema\\\/person\\\/56f68638e4701296aab5da5cf736cdbd\",\"name\":\"Redacci\u00f3n\",\"image\":{\"@type\":\"ImageObject\",\"inLanguage\":\"gal-GAL\",\"@id\":\"https:\\\/\\\/secure.gravatar.com\\\/avatar\\\/4560b4d28510ae2b90ccec33befe8433801e44ffb277465c6dac29ce5d1f0e80?s=96&d=mm&r=g\",\"url\":\"https:\\\/\\\/secure.gravatar.com\\\/avatar\\\/4560b4d28510ae2b90ccec33befe8433801e44ffb277465c6dac29ce5d1f0e80?s=96&d=mm&r=g\",\"contentUrl\":\"https:\\\/\\\/secure.gravatar.com\\\/avatar\\\/4560b4d28510ae2b90ccec33befe8433801e44ffb277465c6dac29ce5d1f0e80?s=96&d=mm&r=g\",\"caption\":\"Redacci\u00f3n\"},\"description\":\"Psicopico.com es un lugar donde aprender psicolog\u00eda de manera amena y sencilla. Intentamos acercar a todo el mundo c\u00f3mo el mundo te entiende a ti y c\u00f3mo entiendes t\u00fa al mundo apoyados en la ciencia del comportamiento humano: la psicolog\u00eda. Art\u00edculos sobre psicolog\u00eda social, psicolog\u00eda deportiva, salud, inteligencia emocional, orientaci\u00f3n profesional y educativa y mucho m\u00e1s. Si quieres saber m\u00e1s sobre las \u00faltimas investigaciones sobre neurociencia y psicolog\u00eda tambi\u00e9n puedes visitar canalpsico.com\",\"url\":\"https:\\\/\\\/psicopico.com\\\/gl\\\/author\\\/redaccion\\\/\"}]}<\/script>\n<!-- \/ Yoast SEO plugin. -->","yoast_head_json":{"title":"(Espa\u00f1ol) El autoconcepto \u00bfc\u00f3mo afecta tu vida? - PsicoPico","robots":{"index":"index","follow":"follow","max-snippet":"max-snippet:-1","max-image-preview":"max-image-preview:large","max-video-preview":"max-video-preview:-1"},"canonical":"https:\/\/psicopico.com\/el-autoconcepto-como-afecta-tu-vida\/","og_locale":"en_US","og_type":"article","og_title":"(Espa\u00f1ol) El autoconcepto \u00bfc\u00f3mo afecta tu vida? - PsicoPico","og_description":"Esta noticia non est\u00e1 dispo\u00f1ible en galego...sent\u00edmolo. Proba en castel\u00e1n. Apertas! For the sake of viewer convenience, the content is shown below in the alternative language. You may click the link to switch the active language.El autoconcepto es una percepci\u00f3n que tienes de tu imagen, experiencias y en cierto modo, una percepci\u00f3n de tu propia [&hellip;]","og_url":"https:\/\/psicopico.com\/el-autoconcepto-como-afecta-tu-vida\/","og_site_name":"PsicoPico","article_publisher":"https:\/\/es-la.facebook.com\/psicopicopsicologia\/","article_published_time":"2018-10-20T11:39:52+00:00","article_modified_time":"2018-10-20T11:58:42+00:00","og_image":[{"width":773,"height":426,"url":"https:\/\/i0.wp.com\/psicopico.com\/wp-content\/uploads\/2018\/10\/autoconcepto-imagen-personal.jpg?fit=773%2C426&ssl=1","type":"image\/jpeg"}],"author":"Redacci\u00f3n","twitter_card":"summary_large_image","twitter_creator":"@psicopico","twitter_site":"@psicopico","twitter_misc":{"Written by":"Redacci\u00f3n","Est. reading time":"5 minutes"},"schema":{"@context":"https:\/\/schema.org","@graph":[{"@type":"Article","@id":"https:\/\/psicopico.com\/el-autoconcepto-como-afecta-tu-vida\/#article","isPartOf":{"@id":"https:\/\/psicopico.com\/el-autoconcepto-como-afecta-tu-vida\/"},"author":{"name":"Redacci\u00f3n","@id":"https:\/\/psicopico.com\/#\/schema\/person\/56f68638e4701296aab5da5cf736cdbd"},"headline":"(Espa\u00f1ol) El autoconcepto \u00bfc\u00f3mo afecta tu vida?","datePublished":"2018-10-20T11:39:52+00:00","dateModified":"2018-10-20T11:58:42+00:00","mainEntityOfPage":{"@id":"https:\/\/psicopico.com\/el-autoconcepto-como-afecta-tu-vida\/"},"wordCount":1078,"commentCount":0,"publisher":{"@id":"https:\/\/psicopico.com\/#organization"},"image":{"@id":"https:\/\/psicopico.com\/el-autoconcepto-como-afecta-tu-vida\/#primaryimage"},"thumbnailUrl":"https:\/\/i0.wp.com\/psicopico.com\/wp-content\/uploads\/2018\/10\/autoconcepto-imagen-personal.jpg?fit=773%2C426&ssl=1","keywords":["autoconcepto","autoestima","personalidad","Psicolox\u00eda","Sa\u00fade"],"articleSection":["Intelixencia Emocional","Sa\u00fade"],"inLanguage":"gal-GAL","potentialAction":[{"@type":"CommentAction","name":"Comment","target":["https:\/\/psicopico.com\/el-autoconcepto-como-afecta-tu-vida\/#respond"]}]},{"@type":["WebPage","ItemPage"],"@id":"https:\/\/psicopico.com\/el-autoconcepto-como-afecta-tu-vida\/","url":"https:\/\/psicopico.com\/el-autoconcepto-como-afecta-tu-vida\/","name":"(Espa\u00f1ol) El autoconcepto \u00bfc\u00f3mo afecta tu vida? - PsicoPico","isPartOf":{"@id":"https:\/\/psicopico.com\/#website"},"primaryImageOfPage":{"@id":"https:\/\/psicopico.com\/el-autoconcepto-como-afecta-tu-vida\/#primaryimage"},"image":{"@id":"https:\/\/psicopico.com\/el-autoconcepto-como-afecta-tu-vida\/#primaryimage"},"thumbnailUrl":"https:\/\/i0.wp.com\/psicopico.com\/wp-content\/uploads\/2018\/10\/autoconcepto-imagen-personal.jpg?fit=773%2C426&ssl=1","datePublished":"2018-10-20T11:39:52+00:00","dateModified":"2018-10-20T11:58:42+00:00","breadcrumb":{"@id":"https:\/\/psicopico.com\/el-autoconcepto-como-afecta-tu-vida\/#breadcrumb"},"inLanguage":"gal-GAL","potentialAction":[{"@type":"ReadAction","target":["https:\/\/psicopico.com\/el-autoconcepto-como-afecta-tu-vida\/"]}]},{"@type":"ImageObject","inLanguage":"gal-GAL","@id":"https:\/\/psicopico.com\/el-autoconcepto-como-afecta-tu-vida\/#primaryimage","url":"https:\/\/i0.wp.com\/psicopico.com\/wp-content\/uploads\/2018\/10\/autoconcepto-imagen-personal.jpg?fit=773%2C426&ssl=1","contentUrl":"https:\/\/i0.wp.com\/psicopico.com\/wp-content\/uploads\/2018\/10\/autoconcepto-imagen-personal.jpg?fit=773%2C426&ssl=1","width":773,"height":426,"caption":"autoconcepto"},{"@type":"BreadcrumbList","@id":"https:\/\/psicopico.com\/el-autoconcepto-como-afecta-tu-vida\/#breadcrumb","itemListElement":[{"@type":"ListItem","position":1,"name":"Inicio","item":"https:\/\/psicopico.com\/"},{"@type":"ListItem","position":2,"name":"El autoconcepto \u00bfc\u00f3mo afecta tu vida?"}]},{"@type":"WebSite","@id":"https:\/\/psicopico.com\/#website","url":"https:\/\/psicopico.com\/","name":"PsicoPico","description":"Psicopico - Psicolox\u00eda Online por Iv\u00e1n Pico","publisher":{"@id":"https:\/\/psicopico.com\/#organization"},"potentialAction":[{"@type":"SearchAction","target":{"@type":"EntryPoint","urlTemplate":"https:\/\/psicopico.com\/?s={search_term_string}"},"query-input":{"@type":"PropertyValueSpecification","valueRequired":true,"valueName":"search_term_string"}}],"inLanguage":"gal-GAL"},{"@type":"Organization","@id":"https:\/\/psicopico.com\/#organization","name":"Psicopico","url":"https:\/\/psicopico.com\/","logo":{"@type":"ImageObject","inLanguage":"gal-GAL","@id":"https:\/\/psicopico.com\/#\/schema\/logo\/image\/","url":"https:\/\/i0.wp.com\/psicopico.com\/wp-content\/uploads\/2015\/12\/logowebpsicopico.png?fit=377%2C113&ssl=1","contentUrl":"https:\/\/i0.wp.com\/psicopico.com\/wp-content\/uploads\/2015\/12\/logowebpsicopico.png?fit=377%2C113&ssl=1","width":"377","height":"113","caption":"Psicopico"},"image":{"@id":"https:\/\/psicopico.com\/#\/schema\/logo\/image\/"},"sameAs":["https:\/\/es-la.facebook.com\/psicopicopsicologia\/","https:\/\/x.com\/psicopico","https:\/\/instagram.com\/psicopico","https:\/\/es.linkedin.com\/in\/iv\u00e1n-pico-mart\u00ednez-5bb46873","https:\/\/www.pinterest.es\/psicopico\/","https:\/\/www.youtube.com\/channel\/UCwM4gAydCyOv_3sBkqVb74Q"]},{"@type":"Person","@id":"https:\/\/psicopico.com\/#\/schema\/person\/56f68638e4701296aab5da5cf736cdbd","name":"Redacci\u00f3n","image":{"@type":"ImageObject","inLanguage":"gal-GAL","@id":"https:\/\/secure.gravatar.com\/avatar\/4560b4d28510ae2b90ccec33befe8433801e44ffb277465c6dac29ce5d1f0e80?s=96&d=mm&r=g","url":"https:\/\/secure.gravatar.com\/avatar\/4560b4d28510ae2b90ccec33befe8433801e44ffb277465c6dac29ce5d1f0e80?s=96&d=mm&r=g","contentUrl":"https:\/\/secure.gravatar.com\/avatar\/4560b4d28510ae2b90ccec33befe8433801e44ffb277465c6dac29ce5d1f0e80?s=96&d=mm&r=g","caption":"Redacci\u00f3n"},"description":"Psicopico.com es un lugar donde aprender psicolog\u00eda de manera amena y sencilla. Intentamos acercar a todo el mundo c\u00f3mo el mundo te entiende a ti y c\u00f3mo entiendes t\u00fa al mundo apoyados en la ciencia del comportamiento humano: la psicolog\u00eda. Art\u00edculos sobre psicolog\u00eda social, psicolog\u00eda deportiva, salud, inteligencia emocional, orientaci\u00f3n profesional y educativa y mucho m\u00e1s. Si quieres saber m\u00e1s sobre las \u00faltimas investigaciones sobre neurociencia y psicolog\u00eda tambi\u00e9n puedes visitar canalpsico.com","url":"https:\/\/psicopico.com\/gl\/author\/redaccion\/"}]}},"jetpack_featured_media_url":"https:\/\/i0.wp.com\/psicopico.com\/wp-content\/uploads\/2018\/10\/autoconcepto-imagen-personal.jpg?fit=773%2C426&ssl=1","jetpack_shortlink":"https:\/\/wp.me\/p6Zx58-1dc","jetpack_sharing_enabled":true,"_links":{"self":[{"href":"https:\/\/psicopico.com\/gl\/wp-json\/wp\/v2\/posts\/4662","targetHints":{"allow":["GET"]}}],"collection":[{"href":"https:\/\/psicopico.com\/gl\/wp-json\/wp\/v2\/posts"}],"about":[{"href":"https:\/\/psicopico.com\/gl\/wp-json\/wp\/v2\/types\/post"}],"author":[{"embeddable":true,"href":"https:\/\/psicopico.com\/gl\/wp-json\/wp\/v2\/users\/168"}],"replies":[{"embeddable":true,"href":"https:\/\/psicopico.com\/gl\/wp-json\/wp\/v2\/comments?post=4662"}],"version-history":[{"count":0,"href":"https:\/\/psicopico.com\/gl\/wp-json\/wp\/v2\/posts\/4662\/revisions"}],"wp:featuredmedia":[{"embeddable":true,"href":"https:\/\/psicopico.com\/gl\/wp-json\/wp\/v2\/media\/4664"}],"wp:attachment":[{"href":"https:\/\/psicopico.com\/gl\/wp-json\/wp\/v2\/media?parent=4662"}],"wp:term":[{"taxonomy":"category","embeddable":true,"href":"https:\/\/psicopico.com\/gl\/wp-json\/wp\/v2\/categories?post=4662"},{"taxonomy":"post_tag","embeddable":true,"href":"https:\/\/psicopico.com\/gl\/wp-json\/wp\/v2\/tags?post=4662"}],"curies":[{"name":"wp","href":"https:\/\/api.w.org\/{rel}","templated":true}]}}