{"id":4360,"date":"2018-04-30T21:35:35","date_gmt":"2018-04-30T20:35:35","guid":{"rendered":"https:\/\/psicopico.com\/?p=4360"},"modified":"2018-04-30T21:41:43","modified_gmt":"2018-04-30T20:41:43","slug":"conferencia-de-psicologia-deportiva-de-base-en-las-jornadas-tecnicas-de-la-real-federacion-gallega-de-futbol","status":"publish","type":"post","link":"https:\/\/psicopico.com\/gl\/conferencia-de-psicologia-deportiva-de-base-en-las-jornadas-tecnicas-de-la-real-federacion-gallega-de-futbol\/","title":{"rendered":"(Espa\u00f1ol) Conferencia de psicolog\u00eda deportiva de base en las Jornadas T\u00e9cnicas de la Real Federaci\u00f3n Gallega de F\u00fatbol"},"content":{"rendered":"<p class=\"qtranxs-available-languages-message qtranxs-available-languages-message-gl\">Esta noticia non est\u00e1 dispo\u00f1ible en galego...sent\u00edmolo. Proba en castel\u00e1n. Apertas! For the sake of viewer convenience, the content is shown below in the alternative language. You may click the link to switch the active language.<\/p>El pasado viernes 27 de abril tuvo lugar una de las <strong>Jornadas T\u00e9cnicas que el Comit\u00e9 de Entrenadores de la <a href=\"http:\/\/futgal.es\" target=\"_blank\" rel=\"noopener\">Real Federaci\u00f3n Galega de F\u00fatbol<\/a>\u00a0<\/strong>lleva realizando a lo largo de la temporada con el objetivo de formar a sus entrenadores colegiados y resto de aficionados al deporte en una iniciativa educativa que est\u00e1 teniendo un gran \u00e9xito de asistencia. En esta ocasi\u00f3n, <a href=\"https:\/\/psicopico.com\/ivan-pico-psicologo-lugo\/\">Iv\u00e1n Pico<\/a> (creador y director de <a href=\"https:\/\/psicopico.com\">psicopico.com<\/a>\u00a0y tambi\u00e9n trabajador de la federaci\u00f3n imparti\u00f3 una ponencia titulada <strong>&#8220;El verdadero significado de ganar en el deporte base&#8221;<\/strong>.<\/p>\n<p>La conferencia en la que estuvieron presentes medio centenar de entrenadores y responsables de clubes deportivos de toda Galicia se centr\u00f3 en mostrar desde el punto de vista psicol\u00f3gico lo que realmente significa una victoria en las edades formativas y m\u00e1s concretamente aplicado al f\u00fatbol sala, dentro de la especialidad a la que iba dirigida esta jornada t\u00e9cnica.<\/p>\n<p>Los objetivos formativos que tuvo la ponencia se pueden resumir en cuatro aspectos fundamentales:<\/p>\n<ul>\n<li>Exponer los c<a href=\"https:\/\/psicopico.com\/por-que-hacemos-deporte\/\">ondicionantes motivacionales y psicol\u00f3gicas de los ni\u00f1os para la pr\u00e1ctica deportiva.<\/a><\/li>\n<li>Fomentar el uso de la <a href=\"https:\/\/psicopico.com\/6-preguntas-basicas-crear-modelo-ensenanza-aprendizaje-deportivo\/\">planificaci\u00f3n deportiva<\/a> de base por contenidos y objetivos no resultadistas a corto plazo.<\/li>\n<li>Establecer pautas de <a href=\"https:\/\/psicopico.com\/10-consejos-mejorar-la-comunicacion\/\">comunicaci\u00f3n<\/a> eficientes que logren reforzar el aprendizaje.<\/li>\n<li>Sensibilizar sobre el uso correcto del valor de la victoria y la derrota.<\/li>\n<\/ul>\n<p><span style=\"font-size: 14px;\">&gt;&gt; Art\u00edculo relacionado: <a href=\"https:\/\/psicopico.com\/goleadas-deporte-como-afectan-motivacion\/\">Goleadas en el deporte: como afectan a la motivaci\u00f3n<\/a>.<\/span><\/p>\n<p>A continuaci\u00f3n, tuvo lugar otra interesa ponencia a cargo de un entrenador nacional de futsal de consagrada experiencia, Tom\u00e1s de Dios, que imparti\u00f3 una charla titulada &#8220;De la metodolog\u00eda y el sentido de pertenencia&#8230;a la quinta de Pola&#8221; en la que relat\u00f3 su experiencia a cago de clubes como Santiago Futsal.<\/p>\n<p>El acto fue encabezado por diferentes responsables de la Real Federaci\u00f3n Gallega de F\u00fatbol, como Pichi Lucas, presidente del Comit\u00e9 de Entrenadores; Pablo Prieto, Presidente del Comit\u00e9 T\u00e9cnico de F\u00fatbol Sala y David Garc\u00eda Sierra, Jefe de Estudios de la Escuela de Entrenadores.<\/p>\n<p><img data-recalc-dims=\"1\" loading=\"lazy\" decoding=\"async\" class=\"aligncenter wp-image-4363 size-full\" src=\"https:\/\/i0.wp.com\/psicopico.com\/wp-content\/uploads\/2018\/04\/00100_0000020466_5_2018-04-27-PHOTO-00000014.jpg?resize=800%2C330&#038;ssl=1\" alt=\"psicologia deportiva\" width=\"800\" height=\"330\" srcset=\"https:\/\/i0.wp.com\/psicopico.com\/wp-content\/uploads\/2018\/04\/00100_0000020466_5_2018-04-27-PHOTO-00000014.jpg?w=800&amp;ssl=1 800w, https:\/\/i0.wp.com\/psicopico.com\/wp-content\/uploads\/2018\/04\/00100_0000020466_5_2018-04-27-PHOTO-00000014.jpg?resize=300%2C124&amp;ssl=1 300w, https:\/\/i0.wp.com\/psicopico.com\/wp-content\/uploads\/2018\/04\/00100_0000020466_5_2018-04-27-PHOTO-00000014.jpg?resize=768%2C317&amp;ssl=1 768w, https:\/\/i0.wp.com\/psicopico.com\/wp-content\/uploads\/2018\/04\/00100_0000020466_5_2018-04-27-PHOTO-00000014.jpg?resize=600%2C248&amp;ssl=1 600w\" sizes=\"auto, (max-width: 800px) 100vw, 800px\" \/><\/p>\n<p>La jornada se celebr\u00f3 en el sal\u00f3n <strong>&#8220;Amancio Amaro&#8221;<\/strong> de la sede federativa en Santiago de Compostela y suposo la segunda actividad que el Comit\u00e9 de entrenadores realiza en las \u00faltimas semanas luego de las ponencias de<strong> Rub\u00e9n de la Barrera<\/strong> (entrenador de f\u00fatbol) y <strong>Vicente del Bosque<\/strong> (ex-seleccionador espa\u00f1ol de f\u00fatbol y campe\u00f3n del mundo), el comit\u00e9 sigue trabajando para ampliar su oferta formativa con la tercera jornada t\u00e9cnica que tendr\u00e1 lugar en pr\u00f3ximas fechas.<\/p>\n<p><span style=\"font-size: 14px;\">&gt;&gt; Art\u00edculo relacionado: <a href=\"https:\/\/psicopico.com\/goleadas-deporte-soluciones-medidas-prevencion\/\">Resultados abultados en el deporte: medidas de prevenci\u00f3n.<\/a><\/span>","protected":false},"excerpt":{"rendered":"<p>Esta noticia non est\u00e1 dispo\u00f1ible en galego&#8230;sent\u00edmolo. Proba en castel\u00e1n. Apertas! For the sake of viewer convenience, the content is shown below in the alternative language. You may click the link to switch the active language.El pasado viernes 27 de abril tuvo lugar una de las Jornadas T\u00e9cnicas que el Comit\u00e9 de Entrenadores de la [&hellip;]<\/p>\n","protected":false},"author":1,"featured_media":4365,"comment_status":"open","ping_status":"open","sticky":false,"template":"","format":"standard","meta":{"_jetpack_memberships_contains_paid_content":false,"_joinchat":[],"footnotes":""},"categories":[18],"tags":[47,422,133,11],"class_list":["post-4360","post","type-post","status-publish","format-standard","has-post-thumbnail","hentry","category-deporte","tag-deporte-2","tag-galicia","tag-motivacion","tag-psicologia"],"yoast_head":"<!-- This site is optimized with the Yoast SEO plugin v27.4 - https:\/\/yoast.com\/product\/yoast-seo-wordpress\/ -->\n<title>(Espa\u00f1ol) Conferencia de psicolog\u00eda deportiva de base en las Jornadas T\u00e9cnicas de la Real Federaci\u00f3n Gallega de F\u00fatbol - PsicoPico<\/title>\n<meta name=\"robots\" content=\"index, follow, max-snippet:-1, max-image-preview:large, max-video-preview:-1\" \/>\n<link rel=\"canonical\" href=\"https:\/\/psicopico.com\/conferencia-de-psicologia-deportiva-de-base-en-las-jornadas-tecnicas-de-la-real-federacion-gallega-de-futbol\/\" \/>\n<meta property=\"og:locale\" content=\"en_US\" \/>\n<meta property=\"og:type\" content=\"article\" \/>\n<meta property=\"og:title\" content=\"(Espa\u00f1ol) Conferencia de psicolog\u00eda deportiva de base en las Jornadas T\u00e9cnicas de la Real Federaci\u00f3n Gallega de F\u00fatbol - PsicoPico\" \/>\n<meta property=\"og:description\" content=\"Esta noticia non est\u00e1 dispo\u00f1ible en galego...sent\u00edmolo. Proba en castel\u00e1n. Apertas! For the sake of viewer convenience, the content is shown below in the alternative language. You may click the link to switch the active language.El pasado viernes 27 de abril tuvo lugar una de las Jornadas T\u00e9cnicas que el Comit\u00e9 de Entrenadores de la [&hellip;]\" \/>\n<meta property=\"og:url\" content=\"https:\/\/psicopico.com\/conferencia-de-psicologia-deportiva-de-base-en-las-jornadas-tecnicas-de-la-real-federacion-gallega-de-futbol\/\" \/>\n<meta property=\"og:site_name\" content=\"PsicoPico\" \/>\n<meta property=\"article:publisher\" content=\"https:\/\/es-la.facebook.com\/psicopicopsicologia\/\" \/>\n<meta property=\"article:author\" content=\"https:\/\/www.facebook.com\/psicopicopsicologia\/\" \/>\n<meta property=\"article:published_time\" content=\"2018-04-30T20:35:35+00:00\" \/>\n<meta property=\"article:modified_time\" content=\"2018-04-30T20:41:43+00:00\" \/>\n<meta property=\"og:image\" content=\"https:\/\/i2.wp.com\/psicopico.com\/wp-content\/uploads\/2018\/04\/psicologo-deportivo-futsal.jpg?fit=1200%2C900&ssl=1\" \/>\n\t<meta property=\"og:image:width\" content=\"1200\" \/>\n\t<meta property=\"og:image:height\" content=\"900\" \/>\n\t<meta property=\"og:image:type\" content=\"image\/jpeg\" \/>\n<meta name=\"author\" content=\"Iv\u00e1n Pico\" \/>\n<meta name=\"twitter:card\" content=\"summary_large_image\" \/>\n<meta name=\"twitter:creator\" content=\"@psicopico\" \/>\n<meta name=\"twitter:site\" content=\"@psicopico\" \/>\n<meta name=\"twitter:label1\" content=\"Written by\" \/>\n\t<meta name=\"twitter:data1\" content=\"Iv\u00e1n Pico\" \/>\n\t<meta name=\"twitter:label2\" content=\"Est. reading time\" \/>\n\t<meta name=\"twitter:data2\" content=\"2 minutes\" \/>\n<script type=\"application\/ld+json\" class=\"yoast-schema-graph\">{\"@context\":\"https:\\\/\\\/schema.org\",\"@graph\":[{\"@type\":\"Article\",\"@id\":\"https:\\\/\\\/psicopico.com\\\/conferencia-de-psicologia-deportiva-de-base-en-las-jornadas-tecnicas-de-la-real-federacion-gallega-de-futbol\\\/#article\",\"isPartOf\":{\"@id\":\"https:\\\/\\\/psicopico.com\\\/conferencia-de-psicologia-deportiva-de-base-en-las-jornadas-tecnicas-de-la-real-federacion-gallega-de-futbol\\\/\"},\"author\":{\"name\":\"Iv\u00e1n Pico\",\"@id\":\"https:\\\/\\\/psicopico.com\\\/#\\\/schema\\\/person\\\/e90a6b8840bf0a67abfaa95093cbda44\"},\"headline\":\"(Espa\u00f1ol) Conferencia de psicolog\u00eda deportiva de base en las Jornadas T\u00e9cnicas de la Real Federaci\u00f3n Gallega de F\u00fatbol\",\"datePublished\":\"2018-04-30T20:35:35+00:00\",\"dateModified\":\"2018-04-30T20:41:43+00:00\",\"mainEntityOfPage\":{\"@id\":\"https:\\\/\\\/psicopico.com\\\/conferencia-de-psicologia-deportiva-de-base-en-las-jornadas-tecnicas-de-la-real-federacion-gallega-de-futbol\\\/\"},\"wordCount\":470,\"commentCount\":0,\"publisher\":{\"@id\":\"https:\\\/\\\/psicopico.com\\\/#organization\"},\"image\":{\"@id\":\"https:\\\/\\\/psicopico.com\\\/conferencia-de-psicologia-deportiva-de-base-en-las-jornadas-tecnicas-de-la-real-federacion-gallega-de-futbol\\\/#primaryimage\"},\"thumbnailUrl\":\"https:\\\/\\\/i0.wp.com\\\/psicopico.com\\\/wp-content\\\/uploads\\\/2018\\\/04\\\/psicologo-deportivo-futsal.jpg?fit=1200%2C900&ssl=1\",\"keywords\":[\"deporte\",\"Galicia\",\"Motivaci\u00f3n\",\"Psicolox\u00eda\"],\"articleSection\":[\"Deporte\"],\"inLanguage\":\"gal-GAL\",\"potentialAction\":[{\"@type\":\"CommentAction\",\"name\":\"Comment\",\"target\":[\"https:\\\/\\\/psicopico.com\\\/conferencia-de-psicologia-deportiva-de-base-en-las-jornadas-tecnicas-de-la-real-federacion-gallega-de-futbol\\\/#respond\"]}]},{\"@type\":[\"WebPage\",\"ItemPage\"],\"@id\":\"https:\\\/\\\/psicopico.com\\\/conferencia-de-psicologia-deportiva-de-base-en-las-jornadas-tecnicas-de-la-real-federacion-gallega-de-futbol\\\/\",\"url\":\"https:\\\/\\\/psicopico.com\\\/conferencia-de-psicologia-deportiva-de-base-en-las-jornadas-tecnicas-de-la-real-federacion-gallega-de-futbol\\\/\",\"name\":\"(Espa\u00f1ol) Conferencia de psicolog\u00eda deportiva de base en las Jornadas T\u00e9cnicas de la Real Federaci\u00f3n Gallega de F\u00fatbol - PsicoPico\",\"isPartOf\":{\"@id\":\"https:\\\/\\\/psicopico.com\\\/#website\"},\"primaryImageOfPage\":{\"@id\":\"https:\\\/\\\/psicopico.com\\\/conferencia-de-psicologia-deportiva-de-base-en-las-jornadas-tecnicas-de-la-real-federacion-gallega-de-futbol\\\/#primaryimage\"},\"image\":{\"@id\":\"https:\\\/\\\/psicopico.com\\\/conferencia-de-psicologia-deportiva-de-base-en-las-jornadas-tecnicas-de-la-real-federacion-gallega-de-futbol\\\/#primaryimage\"},\"thumbnailUrl\":\"https:\\\/\\\/i0.wp.com\\\/psicopico.com\\\/wp-content\\\/uploads\\\/2018\\\/04\\\/psicologo-deportivo-futsal.jpg?fit=1200%2C900&ssl=1\",\"datePublished\":\"2018-04-30T20:35:35+00:00\",\"dateModified\":\"2018-04-30T20:41:43+00:00\",\"breadcrumb\":{\"@id\":\"https:\\\/\\\/psicopico.com\\\/conferencia-de-psicologia-deportiva-de-base-en-las-jornadas-tecnicas-de-la-real-federacion-gallega-de-futbol\\\/#breadcrumb\"},\"inLanguage\":\"gal-GAL\",\"potentialAction\":[{\"@type\":\"ReadAction\",\"target\":[\"https:\\\/\\\/psicopico.com\\\/conferencia-de-psicologia-deportiva-de-base-en-las-jornadas-tecnicas-de-la-real-federacion-gallega-de-futbol\\\/\"]}]},{\"@type\":\"ImageObject\",\"inLanguage\":\"gal-GAL\",\"@id\":\"https:\\\/\\\/psicopico.com\\\/conferencia-de-psicologia-deportiva-de-base-en-las-jornadas-tecnicas-de-la-real-federacion-gallega-de-futbol\\\/#primaryimage\",\"url\":\"https:\\\/\\\/i0.wp.com\\\/psicopico.com\\\/wp-content\\\/uploads\\\/2018\\\/04\\\/psicologo-deportivo-futsal.jpg?fit=1200%2C900&ssl=1\",\"contentUrl\":\"https:\\\/\\\/i0.wp.com\\\/psicopico.com\\\/wp-content\\\/uploads\\\/2018\\\/04\\\/psicologo-deportivo-futsal.jpg?fit=1200%2C900&ssl=1\",\"width\":\"1200\",\"height\":\"900\"},{\"@type\":\"BreadcrumbList\",\"@id\":\"https:\\\/\\\/psicopico.com\\\/conferencia-de-psicologia-deportiva-de-base-en-las-jornadas-tecnicas-de-la-real-federacion-gallega-de-futbol\\\/#breadcrumb\",\"itemListElement\":[{\"@type\":\"ListItem\",\"position\":1,\"name\":\"Inicio\",\"item\":\"https:\\\/\\\/psicopico.com\\\/\"},{\"@type\":\"ListItem\",\"position\":2,\"name\":\"Conferencia de psicolog\u00eda deportiva de base en las Jornadas T\u00e9cnicas de la Real Federaci\u00f3n Gallega de F\u00fatbol\"}]},{\"@type\":\"WebSite\",\"@id\":\"https:\\\/\\\/psicopico.com\\\/#website\",\"url\":\"https:\\\/\\\/psicopico.com\\\/\",\"name\":\"PsicoPico\",\"description\":\"Psicopico - Psicolox\u00eda Online por Iv\u00e1n Pico\",\"publisher\":{\"@id\":\"https:\\\/\\\/psicopico.com\\\/#organization\"},\"potentialAction\":[{\"@type\":\"SearchAction\",\"target\":{\"@type\":\"EntryPoint\",\"urlTemplate\":\"https:\\\/\\\/psicopico.com\\\/?s={search_term_string}\"},\"query-input\":{\"@type\":\"PropertyValueSpecification\",\"valueRequired\":true,\"valueName\":\"search_term_string\"}}],\"inLanguage\":\"gal-GAL\"},{\"@type\":\"Organization\",\"@id\":\"https:\\\/\\\/psicopico.com\\\/#organization\",\"name\":\"Psicopico\",\"url\":\"https:\\\/\\\/psicopico.com\\\/\",\"logo\":{\"@type\":\"ImageObject\",\"inLanguage\":\"gal-GAL\",\"@id\":\"https:\\\/\\\/psicopico.com\\\/#\\\/schema\\\/logo\\\/image\\\/\",\"url\":\"https:\\\/\\\/i0.wp.com\\\/psicopico.com\\\/wp-content\\\/uploads\\\/2015\\\/12\\\/logowebpsicopico.png?fit=377%2C113&ssl=1\",\"contentUrl\":\"https:\\\/\\\/i0.wp.com\\\/psicopico.com\\\/wp-content\\\/uploads\\\/2015\\\/12\\\/logowebpsicopico.png?fit=377%2C113&ssl=1\",\"width\":\"377\",\"height\":\"113\",\"caption\":\"Psicopico\"},\"image\":{\"@id\":\"https:\\\/\\\/psicopico.com\\\/#\\\/schema\\\/logo\\\/image\\\/\"},\"sameAs\":[\"https:\\\/\\\/es-la.facebook.com\\\/psicopicopsicologia\\\/\",\"https:\\\/\\\/x.com\\\/psicopico\",\"https:\\\/\\\/instagram.com\\\/psicopico\",\"https:\\\/\\\/es.linkedin.com\\\/in\\\/iv\u00e1n-pico-mart\u00ednez-5bb46873\",\"https:\\\/\\\/www.pinterest.es\\\/psicopico\\\/\",\"https:\\\/\\\/www.youtube.com\\\/channel\\\/UCwM4gAydCyOv_3sBkqVb74Q\"]},{\"@type\":\"Person\",\"@id\":\"https:\\\/\\\/psicopico.com\\\/#\\\/schema\\\/person\\\/e90a6b8840bf0a67abfaa95093cbda44\",\"name\":\"Iv\u00e1n Pico\",\"image\":{\"@type\":\"ImageObject\",\"inLanguage\":\"gal-GAL\",\"@id\":\"https:\\\/\\\/secure.gravatar.com\\\/avatar\\\/db757e40cd044bc752196ef8f9c1ed3c3c79321f8c82624947f51448030b8af1?s=96&d=mm&r=g\",\"url\":\"https:\\\/\\\/secure.gravatar.com\\\/avatar\\\/db757e40cd044bc752196ef8f9c1ed3c3c79321f8c82624947f51448030b8af1?s=96&d=mm&r=g\",\"contentUrl\":\"https:\\\/\\\/secure.gravatar.com\\\/avatar\\\/db757e40cd044bc752196ef8f9c1ed3c3c79321f8c82624947f51448030b8af1?s=96&d=mm&r=g\",\"caption\":\"Iv\u00e1n Pico\"},\"description\":\"Director y creador de Psicopico.com. Psic\u00f3logo Colegiado G-5480. Graduado en Psicolog\u00eda. Diplomado en Ciencias Empresariales y M\u00e1ster en Orientaci\u00f3n Profesional. M\u00e1ster en Psicolog\u00eda del Trabajo y Organizaciones. Posgrado en Psicolog\u00eda del Deporte y Entrenador Profesional de Futsal Nivel 3. Visita la secci\u00f3n \\\"Sobre m\u00ed\\\"para saber m\u00e1s. \u00bfQuieres una consulta personalizada? \u00a1Contacta conmigo en https:\\\/\\\/ivanpico.es\\\/!\",\"sameAs\":[\"https:\\\/\\\/www.psicopico.com\",\"https:\\\/\\\/www.facebook.com\\\/psicopicopsicologia\\\/\",\"https:\\\/\\\/www.instagram.com\\\/psicopico\\\/\",\"https:\\\/\\\/www.linkedin.com\\\/in\\\/ivan-pico-martinez\",\"https:\\\/\\\/x.com\\\/psicopico\",\"https:\\\/\\\/www.youtube.com\\\/channel\\\/UCwM4gAydCyOv_3sBkqVb74Q\"],\"url\":\"https:\\\/\\\/psicopico.com\\\/gl\\\/author\\\/ivan-pico-psicologo-lugo\\\/\"}]}<\/script>\n<!-- \/ Yoast SEO plugin. -->","yoast_head_json":{"title":"(Espa\u00f1ol) Conferencia de psicolog\u00eda deportiva de base en las Jornadas T\u00e9cnicas de la Real Federaci\u00f3n Gallega de F\u00fatbol - PsicoPico","robots":{"index":"index","follow":"follow","max-snippet":"max-snippet:-1","max-image-preview":"max-image-preview:large","max-video-preview":"max-video-preview:-1"},"canonical":"https:\/\/psicopico.com\/conferencia-de-psicologia-deportiva-de-base-en-las-jornadas-tecnicas-de-la-real-federacion-gallega-de-futbol\/","og_locale":"en_US","og_type":"article","og_title":"(Espa\u00f1ol) Conferencia de psicolog\u00eda deportiva de base en las Jornadas T\u00e9cnicas de la Real Federaci\u00f3n Gallega de F\u00fatbol - PsicoPico","og_description":"Esta noticia non est\u00e1 dispo\u00f1ible en galego...sent\u00edmolo. Proba en castel\u00e1n. Apertas! For the sake of viewer convenience, the content is shown below in the alternative language. You may click the link to switch the active language.El pasado viernes 27 de abril tuvo lugar una de las Jornadas T\u00e9cnicas que el Comit\u00e9 de Entrenadores de la [&hellip;]","og_url":"https:\/\/psicopico.com\/conferencia-de-psicologia-deportiva-de-base-en-las-jornadas-tecnicas-de-la-real-federacion-gallega-de-futbol\/","og_site_name":"PsicoPico","article_publisher":"https:\/\/es-la.facebook.com\/psicopicopsicologia\/","article_author":"https:\/\/www.facebook.com\/psicopicopsicologia\/","article_published_time":"2018-04-30T20:35:35+00:00","article_modified_time":"2018-04-30T20:41:43+00:00","og_image":[{"width":1200,"height":900,"url":"https:\/\/i2.wp.com\/psicopico.com\/wp-content\/uploads\/2018\/04\/psicologo-deportivo-futsal.jpg?fit=1200%2C900&ssl=1","type":"image\/jpeg"}],"author":"Iv\u00e1n Pico","twitter_card":"summary_large_image","twitter_creator":"@psicopico","twitter_site":"@psicopico","twitter_misc":{"Written by":"Iv\u00e1n Pico","Est. reading time":"2 minutes"},"schema":{"@context":"https:\/\/schema.org","@graph":[{"@type":"Article","@id":"https:\/\/psicopico.com\/conferencia-de-psicologia-deportiva-de-base-en-las-jornadas-tecnicas-de-la-real-federacion-gallega-de-futbol\/#article","isPartOf":{"@id":"https:\/\/psicopico.com\/conferencia-de-psicologia-deportiva-de-base-en-las-jornadas-tecnicas-de-la-real-federacion-gallega-de-futbol\/"},"author":{"name":"Iv\u00e1n Pico","@id":"https:\/\/psicopico.com\/#\/schema\/person\/e90a6b8840bf0a67abfaa95093cbda44"},"headline":"(Espa\u00f1ol) Conferencia de psicolog\u00eda deportiva de base en las Jornadas T\u00e9cnicas de la Real Federaci\u00f3n Gallega de F\u00fatbol","datePublished":"2018-04-30T20:35:35+00:00","dateModified":"2018-04-30T20:41:43+00:00","mainEntityOfPage":{"@id":"https:\/\/psicopico.com\/conferencia-de-psicologia-deportiva-de-base-en-las-jornadas-tecnicas-de-la-real-federacion-gallega-de-futbol\/"},"wordCount":470,"commentCount":0,"publisher":{"@id":"https:\/\/psicopico.com\/#organization"},"image":{"@id":"https:\/\/psicopico.com\/conferencia-de-psicologia-deportiva-de-base-en-las-jornadas-tecnicas-de-la-real-federacion-gallega-de-futbol\/#primaryimage"},"thumbnailUrl":"https:\/\/i0.wp.com\/psicopico.com\/wp-content\/uploads\/2018\/04\/psicologo-deportivo-futsal.jpg?fit=1200%2C900&ssl=1","keywords":["deporte","Galicia","Motivaci\u00f3n","Psicolox\u00eda"],"articleSection":["Deporte"],"inLanguage":"gal-GAL","potentialAction":[{"@type":"CommentAction","name":"Comment","target":["https:\/\/psicopico.com\/conferencia-de-psicologia-deportiva-de-base-en-las-jornadas-tecnicas-de-la-real-federacion-gallega-de-futbol\/#respond"]}]},{"@type":["WebPage","ItemPage"],"@id":"https:\/\/psicopico.com\/conferencia-de-psicologia-deportiva-de-base-en-las-jornadas-tecnicas-de-la-real-federacion-gallega-de-futbol\/","url":"https:\/\/psicopico.com\/conferencia-de-psicologia-deportiva-de-base-en-las-jornadas-tecnicas-de-la-real-federacion-gallega-de-futbol\/","name":"(Espa\u00f1ol) Conferencia de psicolog\u00eda deportiva de base en las Jornadas T\u00e9cnicas de la Real Federaci\u00f3n Gallega de F\u00fatbol - PsicoPico","isPartOf":{"@id":"https:\/\/psicopico.com\/#website"},"primaryImageOfPage":{"@id":"https:\/\/psicopico.com\/conferencia-de-psicologia-deportiva-de-base-en-las-jornadas-tecnicas-de-la-real-federacion-gallega-de-futbol\/#primaryimage"},"image":{"@id":"https:\/\/psicopico.com\/conferencia-de-psicologia-deportiva-de-base-en-las-jornadas-tecnicas-de-la-real-federacion-gallega-de-futbol\/#primaryimage"},"thumbnailUrl":"https:\/\/i0.wp.com\/psicopico.com\/wp-content\/uploads\/2018\/04\/psicologo-deportivo-futsal.jpg?fit=1200%2C900&ssl=1","datePublished":"2018-04-30T20:35:35+00:00","dateModified":"2018-04-30T20:41:43+00:00","breadcrumb":{"@id":"https:\/\/psicopico.com\/conferencia-de-psicologia-deportiva-de-base-en-las-jornadas-tecnicas-de-la-real-federacion-gallega-de-futbol\/#breadcrumb"},"inLanguage":"gal-GAL","potentialAction":[{"@type":"ReadAction","target":["https:\/\/psicopico.com\/conferencia-de-psicologia-deportiva-de-base-en-las-jornadas-tecnicas-de-la-real-federacion-gallega-de-futbol\/"]}]},{"@type":"ImageObject","inLanguage":"gal-GAL","@id":"https:\/\/psicopico.com\/conferencia-de-psicologia-deportiva-de-base-en-las-jornadas-tecnicas-de-la-real-federacion-gallega-de-futbol\/#primaryimage","url":"https:\/\/i0.wp.com\/psicopico.com\/wp-content\/uploads\/2018\/04\/psicologo-deportivo-futsal.jpg?fit=1200%2C900&ssl=1","contentUrl":"https:\/\/i0.wp.com\/psicopico.com\/wp-content\/uploads\/2018\/04\/psicologo-deportivo-futsal.jpg?fit=1200%2C900&ssl=1","width":"1200","height":"900"},{"@type":"BreadcrumbList","@id":"https:\/\/psicopico.com\/conferencia-de-psicologia-deportiva-de-base-en-las-jornadas-tecnicas-de-la-real-federacion-gallega-de-futbol\/#breadcrumb","itemListElement":[{"@type":"ListItem","position":1,"name":"Inicio","item":"https:\/\/psicopico.com\/"},{"@type":"ListItem","position":2,"name":"Conferencia de psicolog\u00eda deportiva de base en las Jornadas T\u00e9cnicas de la Real Federaci\u00f3n Gallega de F\u00fatbol"}]},{"@type":"WebSite","@id":"https:\/\/psicopico.com\/#website","url":"https:\/\/psicopico.com\/","name":"PsicoPico","description":"Psicopico - Psicolox\u00eda Online por Iv\u00e1n Pico","publisher":{"@id":"https:\/\/psicopico.com\/#organization"},"potentialAction":[{"@type":"SearchAction","target":{"@type":"EntryPoint","urlTemplate":"https:\/\/psicopico.com\/?s={search_term_string}"},"query-input":{"@type":"PropertyValueSpecification","valueRequired":true,"valueName":"search_term_string"}}],"inLanguage":"gal-GAL"},{"@type":"Organization","@id":"https:\/\/psicopico.com\/#organization","name":"Psicopico","url":"https:\/\/psicopico.com\/","logo":{"@type":"ImageObject","inLanguage":"gal-GAL","@id":"https:\/\/psicopico.com\/#\/schema\/logo\/image\/","url":"https:\/\/i0.wp.com\/psicopico.com\/wp-content\/uploads\/2015\/12\/logowebpsicopico.png?fit=377%2C113&ssl=1","contentUrl":"https:\/\/i0.wp.com\/psicopico.com\/wp-content\/uploads\/2015\/12\/logowebpsicopico.png?fit=377%2C113&ssl=1","width":"377","height":"113","caption":"Psicopico"},"image":{"@id":"https:\/\/psicopico.com\/#\/schema\/logo\/image\/"},"sameAs":["https:\/\/es-la.facebook.com\/psicopicopsicologia\/","https:\/\/x.com\/psicopico","https:\/\/instagram.com\/psicopico","https:\/\/es.linkedin.com\/in\/iv\u00e1n-pico-mart\u00ednez-5bb46873","https:\/\/www.pinterest.es\/psicopico\/","https:\/\/www.youtube.com\/channel\/UCwM4gAydCyOv_3sBkqVb74Q"]},{"@type":"Person","@id":"https:\/\/psicopico.com\/#\/schema\/person\/e90a6b8840bf0a67abfaa95093cbda44","name":"Iv\u00e1n Pico","image":{"@type":"ImageObject","inLanguage":"gal-GAL","@id":"https:\/\/secure.gravatar.com\/avatar\/db757e40cd044bc752196ef8f9c1ed3c3c79321f8c82624947f51448030b8af1?s=96&d=mm&r=g","url":"https:\/\/secure.gravatar.com\/avatar\/db757e40cd044bc752196ef8f9c1ed3c3c79321f8c82624947f51448030b8af1?s=96&d=mm&r=g","contentUrl":"https:\/\/secure.gravatar.com\/avatar\/db757e40cd044bc752196ef8f9c1ed3c3c79321f8c82624947f51448030b8af1?s=96&d=mm&r=g","caption":"Iv\u00e1n Pico"},"description":"Director y creador de Psicopico.com. Psic\u00f3logo Colegiado G-5480. Graduado en Psicolog\u00eda. Diplomado en Ciencias Empresariales y M\u00e1ster en Orientaci\u00f3n Profesional. M\u00e1ster en Psicolog\u00eda del Trabajo y Organizaciones. Posgrado en Psicolog\u00eda del Deporte y Entrenador Profesional de Futsal Nivel 3. Visita la secci\u00f3n \"Sobre m\u00ed\"para saber m\u00e1s. \u00bfQuieres una consulta personalizada? \u00a1Contacta conmigo en https:\/\/ivanpico.es\/!","sameAs":["https:\/\/www.psicopico.com","https:\/\/www.facebook.com\/psicopicopsicologia\/","https:\/\/www.instagram.com\/psicopico\/","https:\/\/www.linkedin.com\/in\/ivan-pico-martinez","https:\/\/x.com\/psicopico","https:\/\/www.youtube.com\/channel\/UCwM4gAydCyOv_3sBkqVb74Q"],"url":"https:\/\/psicopico.com\/gl\/author\/ivan-pico-psicologo-lugo\/"}]}},"jetpack_featured_media_url":"https:\/\/i0.wp.com\/psicopico.com\/wp-content\/uploads\/2018\/04\/psicologo-deportivo-futsal.jpg?fit=1200%2C900&ssl=1","jetpack_shortlink":"https:\/\/wp.me\/p6Zx58-18k","jetpack_sharing_enabled":true,"_links":{"self":[{"href":"https:\/\/psicopico.com\/gl\/wp-json\/wp\/v2\/posts\/4360","targetHints":{"allow":["GET"]}}],"collection":[{"href":"https:\/\/psicopico.com\/gl\/wp-json\/wp\/v2\/posts"}],"about":[{"href":"https:\/\/psicopico.com\/gl\/wp-json\/wp\/v2\/types\/post"}],"author":[{"embeddable":true,"href":"https:\/\/psicopico.com\/gl\/wp-json\/wp\/v2\/users\/1"}],"replies":[{"embeddable":true,"href":"https:\/\/psicopico.com\/gl\/wp-json\/wp\/v2\/comments?post=4360"}],"version-history":[{"count":0,"href":"https:\/\/psicopico.com\/gl\/wp-json\/wp\/v2\/posts\/4360\/revisions"}],"wp:featuredmedia":[{"embeddable":true,"href":"https:\/\/psicopico.com\/gl\/wp-json\/wp\/v2\/media\/4365"}],"wp:attachment":[{"href":"https:\/\/psicopico.com\/gl\/wp-json\/wp\/v2\/media?parent=4360"}],"wp:term":[{"taxonomy":"category","embeddable":true,"href":"https:\/\/psicopico.com\/gl\/wp-json\/wp\/v2\/categories?post=4360"},{"taxonomy":"post_tag","embeddable":true,"href":"https:\/\/psicopico.com\/gl\/wp-json\/wp\/v2\/tags?post=4360"}],"curies":[{"name":"wp","href":"https:\/\/api.w.org\/{rel}","templated":true}]}}