{"id":2982,"date":"2017-03-29T21:54:51","date_gmt":"2017-03-29T20:54:51","guid":{"rendered":"http:\/\/psicopico.com\/?p=2982"},"modified":"2024-03-25T15:05:00","modified_gmt":"2024-03-25T14:05:00","slug":"cuando-la-ansiedad-es-la-solucion-y-no-el-problema","status":"publish","type":"post","link":"https:\/\/psicopico.com\/gl\/cuando-la-ansiedad-es-la-solucion-y-no-el-problema\/","title":{"rendered":"Cando a ansiedad \u00e9 a soluci\u00f3n non o problema"},"content":{"rendered":"O termo\u00a0<strong>ansiedade<\/strong>\u00a0\u00e9 erroneamente asociado a un problema de sa\u00fade cando non \u00e9 do todo certo. A ansiedade non \u00e9 de seu un problema, nin un trastorno mental, polo menos nun principio non. De feito, non poderiamos evolucionar como especie sen ansiedade. As persoas vivimos constantemente interaccionando coa nosa contorna en busca de resolver as nosas\u00a0<strong>necesidades<\/strong>\u00a0e intereses persoais (ou colectivos). Durante esta inspecci\u00f3n do medio\u00a0tam\u00e9n podemos atoparnos con\u00a0<strong>riscos<\/strong>\u00a0e\u00a0<strong>ameazas<\/strong>\u00a0que desestabilizan o noso equilibrio, por tanto\u00a0 queremos evitalas ou contrarrestalas en busca do noso equilibrio e en procura daqueloutras fontes de oportunidades que nos permitan satisfacer as nosas necesidades.<\/p>\n<p>O obxectivo deste artigo \u00e9 facer entender ao lector que a ansiedade non ten s\u00f3 \u00e9 connotaci\u00f3n tan negativa coa que se adoita asociar. A ansiedade como problema solo xurde cando se superan certos l\u00edmites da mesma, mentras tanto \u00e9 unha soluci\u00f3n a parte dos nosos problemas diarios.<\/p>\n<p><span style=\"font-size: 10pt;\">&gt;&gt; Artigo relacionado:\u00a0<a href=\"https:\/\/psicopico.com\/la-falacia-de-las-preocupaciones-en-la-ansiedad-generalizada\/\">A falacia das preocupaci\u00f3ns na ansiedade xeneralizada.<\/a><\/span><\/p>\n<h2><strong>A ansiedade como sistema de alerta.\u00a0<\/strong><\/h2>\n<p>Imaxina que o noso organismo non tivese ning\u00fan tipo de<strong>\u00a0sistema de alerta para diferenciar unha situaci\u00f3n ameazante<\/strong>\u00a0da que non o \u00e9. Si os nosos devanceiros non activasen este mecanismo cada vez que se atopaban ante un novo animal, quizais fosen presa deles con maior facilidade. Non fai falta co\u00f1ecer o feito para sentirse ameazado por el. De feito\u00a0 normalmente act\u00edvase primariamente ante feitos desco\u00f1ecidos e posteriormente ante a aprendizaxe deses feitos como algo posiblemente dani\u00f1o.\u00a0<strong>O organismo antic\u00edpase<\/strong>\u00a0a esa posible ganancia ou perda ante o feito ou situaci\u00f3n sobre a que nos atopamos.<\/p>\n<p>Por tanto, a funci\u00f3n da ansiedade \u00e9 advertir e activar ao organismo co fin de mobilizalo ante situaci\u00f3ns de posible risco, de forma que podamos afrontalas e sa\u00edr airoso delas. \u00c9 dicir, necesitamos ansiedade si non queremos converternos en uns\u00a0<a href=\"https:\/\/psicopico.com\/casi-psicopatas\/\"><strong>psic\u00f3patas<\/strong><\/a>\u00a0(unha das s\u00faas caracter\u00edsticas \u00e9 a relativa pouca activaci\u00f3n ante situaci\u00f3ns de risco, o cal lles leva a cometer todo tipo de actos sen mediaci\u00f3n).<\/p>\n<p><span style=\"font-size: 10pt;\">&gt;&gt; Artigo relacionado:\u00a0<a href=\"https:\/\/psicopico.com\/casi-psicopatas\/\">Que son os case psic\u00f3patas?<\/a><\/span><\/p>\n<p>A ansiedade p\u00f3dese producir tanto por est\u00edmulos externos (por exemplo, unha serpe), como por est\u00edmulos internos\u00a0(como poden ser os prexu\u00edzos negativos cara a certos colectivos).<\/p>\n<h3><strong>Mecanismos do sistema de resposta humano implicados na ansiedade.\u00a0<\/strong><\/h3>\n<p>O sistema da ansiedade activa tres mecanismos de resposta humanos que poida actuar de forma relativamente independente:<\/p>\n<h4><strong>Cognitivos.<\/strong><\/h4>\n<ul>\n<li><strong>Anticipar situaci\u00f3ns ameazantes<\/strong>. Por exemplo, si pers\u00e9guennos.<\/li>\n<li><strong>Calcular as consecuencias e avaliar o risco<\/strong>. Por exemplo, calcular que pasar\u00eda si caio desde un terceiro piso).<\/li>\n<li><strong>Activar pensamentos autom\u00e1ticos negativos e imaxes perturbadoras<\/strong>. Poderiamos dicir que se activan como &#8220;castigos&#8221; que eviten a conduta ou propicien unha conduta compensatoria (segundo a mi\u00f1a interpretaci\u00f3n). Por p\u00f3r outro exemplo, si tes que realizar unha exposici\u00f3n en p\u00fablico \u00e9 probable que penses nas posibles malas caras da xente si o micr\u00f3fono non funciona\u00a0polo que grazas a esa ansiedade \u00e9 posible que revises as pilas do micr\u00f3fono.<\/li>\n<\/ul>\n<h4><strong>Fisiol\u00f3gicos.\u00a0<\/strong><\/h4>\n<p><strong>Activar os centros nerviosos<\/strong>, en particular o sistema nervioso aut\u00f3nomo (cambios vasculares, respiratorios, etc.). Anticip\u00e1monos \u00e1 acci\u00f3n. O noso coraz\u00f3n empeza a latexar un pouco m\u00e1is r\u00e1pido para que, en caso de ser necesario, dispor da maior enerx\u00eda posible para a acci\u00f3n.<\/p>\n<h4><strong>Motores.\u00a0<\/strong><\/h4>\n<p><strong>Inhibici\u00f3n ou sobreactivaci\u00f3n motora<\/strong>. O corpo prep\u00e1rase fisicamente para un posible comportamento defensivo (hu\u00edda ou ataque). \u00c9 dicir, cando nos penetramos por primeira vez nun lugar desco\u00f1ecido instintivamente o corpo est\u00e1 a adaptarse a unha posible reacci\u00f3n ante un est\u00edmulo ameazante porque non sabemos que nos imos a atopar.<\/p>\n<h2><strong>A ansiedade \u00e9 como o\u00a0sem\u00e1foro da vida.<\/strong><\/h2>\n<p>Evidentemente, o sistema de ansiedade\u00a0\u00e9 unha\u00a0<strong>medida psicofisiol\u00f3gica<\/strong>\u00a0moi favorable para a evoluci\u00f3n. Mantennos a salvo. A ansiedade funciona como un sem\u00e1foro que nos indica coas s\u00faas diversas intensidades dos perigos que nos podemos atopar no noso cami\u00f1o pola vida. En verde non hai perigo, en \u00e1mbar adv\u00edrtenos e cando se nos pon en vermello evita ou cambia a nosa conduta. E cantos accidentes evita! Por tanto,<strong>\u00a0a ansiedade facil\u00edtanos a vida<\/strong>.<\/p>\n<h3><strong>Ansiedade boa e ansiedade mala.\u00a0<\/strong><\/h3>\n<p>Por tanto, a ansiedade \u00e9 un mecanismo normal e adaptativo que cando se produce de maneira proporcionada e expresada dentro duns l\u00edmites cumpre un labor funcional. Incluso estes l\u00edmites poden chegar a alcanzar niveis moi altos con mesmo manifestaci\u00f3n de certa sintomatolog\u00eda, con todo\u00a0 estes cambios fisiol\u00f3gicos non s\u00f3 son normais sen\u00f3n que como vimos, cumpren unha funci\u00f3n vital. Como case con todo, s\u00f3 cando estes l\u00edmites exc\u00e9dense de maneira esaxerada e mantida p\u00f3dense chegar a converter nun problema de sa\u00fade que impida a realizaci\u00f3n dunha vida normal, infl\u00faa no benestar da persoa e na s\u00faa vida social e laboral e mesmo cohibir os movementos da persoa. \u00c9 nestes casos cando si podemos falar da ansiedade como alteraci\u00f3n.<\/p>\n<h2><strong>Diferenza entre medo e ansiedade.<\/strong><\/h2>\n<p>Por \u00faltimo, facer un pequeno fincap\u00e9 na diferenza entre medo e ansiedade. Medo e ansiedade ad\u00f3itanse utilizar de maneira equivalente, pero existen diferenzas. Con todo, o<strong>\u00a0medo fai referencia a unha relaci\u00f3n m\u00e1is do estilo est\u00edmulo-resposta ante un feito identificable<\/strong>\u00a0e co\u00f1ecido. A ansiedade vai m\u00e1is al\u00f3 \u00a0e conv\u00e9rtese en un\u00a0<strong>estado emocional<\/strong>\u00a0m\u00e1is difuso ante unha ameaza irreco\u00f1ecible.<\/p>\n<p><span style=\"font-size: 10pt;\">&gt;&gt; Artigo relacionado:\u00a0<a href=\"https:\/\/psicopico.com\/miedo-lo-desconocido-perfeccionismo-inmovilizante\/\">Medo ao desco\u00f1ecido e o perfeccionismo inmovilizante<\/a>.\u00a0<\/span><\/p>\n<p>Autores como Epstein (1972) pu\u00f1an a diferenza entre medo e ansiedade en que o primeiro era o\u00a0<strong><em>drive<\/em><\/strong>\u00a0que motiva unha conduta de evitaci\u00f3n ante \u00a0a percepci\u00f3n dun est\u00edmulo ameazante, mentres que o segundo era o estado emocional de o\u00a0<strong>medo non resolto<\/strong>\u00a0sen direcci\u00f3n espec\u00edfica ante a percepci\u00f3n de ameaza.<\/p>\n<p>Por referenciar\u00a0un pouco m\u00e1is as diferenzas entre medo e ansiedade,\u00a0<a href=\"http:\/\/www.bu.edu\/psych\/faculty\/dhbarlow\/\">Barlow<\/a>\u00a0(1988) propuxo o termo<strong>\u00a0aprensi\u00f3n ansiosa<\/strong>\u00a0como a combinaci\u00f3n difusa de emoci\u00f3ns orientadas ao futuro, mentres que o medo era unha\u00a0<strong>alarma primitiva<\/strong>\u00a0de resposta a un perigo presente.<\/p>\n<p>Si crees que podes mellorar o teu sistema de ansiedade podes apoiarche en un\u00a0<a href=\"https:\/\/psicopico.com\/contacto\/\"><strong>psic\u00f3logo<\/strong><\/a>, profesional da conduta humana, que che poida axudar a manexar e adestrar a ansiedade de maneira correcta.\u00a0Aprende a controlar a ansiedade antes de que se poida converter nun trastorno. Si doutra banda sentes que a t\u00faa vida est\u00e1 moi condicionada polos teus estados de ansiedade, non dubides en consultalo cun profesional sanitario.<\/p>\n<p><span style=\"font-size: 10pt;\">_<\/span><\/p>\n<p><span style=\"font-size: 10pt;\">Referencias:<\/span><\/p>\n<p><span style=\"font-size: 10pt;\">Barlow, D.H. (2002).\u00a0<em>Anxiety and Its Disorders. The Nature and Treatment of Anxiety and Panic (2nd Edition)<\/em>. Nova York: The Guilford Press.\u00a0<\/span><\/p>\n<p><span style=\"font-size: 10pt;\">Belloch A.; Sand\u00edn, B. e Ramos, F. (2009.):\u00a0<em>Manual de Psicopatolog\u00eda<\/em>,\u00a0<em>Volume\u00a0II<\/em>\u00a0(Texto revisado). McGraw-Hill. Madrid, 2009.<\/span><\/p>\n<p><span style=\"font-size: 10pt;\">Epstein, S. (1972), The nature of anxiety with emphasis upon its relationship to expectancy. En C.D. Spielberger (Ed.).\u00a0<em>Anxiety: Current Trends in Theory and Research<\/em>\u00a0(2), pp. 291-337. Nova York: Academic Express.<\/span>","protected":false},"excerpt":{"rendered":"<p>O termo\u00a0ansiedade\u00a0\u00e9 erroneamente asociado a un problema de sa\u00fade cando non \u00e9 do todo certo. A ansiedade non \u00e9 de seu un problema, nin un trastorno mental, polo menos nun principio non. De feito, non poderiamos evolucionar como especie sen ansiedade. As persoas vivimos constantemente interaccionando coa nosa contorna en busca de resolver as nosas\u00a0necesidades\u00a0e [&hellip;]<\/p>\n","protected":false},"author":1,"featured_media":2988,"comment_status":"open","ping_status":"open","sticky":true,"template":"","format":"standard","meta":{"_jetpack_memberships_contains_paid_content":false,"_joinchat":[],"footnotes":""},"categories":[14,22,93],"tags":[35,50,61,67,11,195],"class_list":["post-2982","post","type-post","status-publish","format-standard","has-post-thumbnail","hentry","category-ansiedad","category-inteligencia-emocional","category-salud","tag-ansiedad-2","tag-emocion","tag-inteligencia-emocional","tag-miedo","tag-psicologia","tag-salud"],"yoast_head":"<!-- This site is optimized with the Yoast SEO plugin v27.4 - https:\/\/yoast.com\/product\/yoast-seo-wordpress\/ -->\n<title>Cando a ansiedad \u00e9 a soluci\u00f3n non o problema - PsicoPico<\/title>\n<meta name=\"robots\" content=\"index, follow, max-snippet:-1, max-image-preview:large, max-video-preview:-1\" \/>\n<link rel=\"canonical\" href=\"https:\/\/psicopico.com\/cuando-la-ansiedad-es-la-solucion-y-no-el-problema\/\" \/>\n<meta property=\"og:locale\" content=\"en_US\" \/>\n<meta property=\"og:type\" content=\"article\" \/>\n<meta property=\"og:title\" content=\"Cando a ansiedad \u00e9 a soluci\u00f3n non o problema - PsicoPico\" \/>\n<meta property=\"og:description\" content=\"O termo\u00a0ansiedade\u00a0\u00e9 erroneamente asociado a un problema de sa\u00fade cando non \u00e9 do todo certo. A ansiedade non \u00e9 de seu un problema, nin un trastorno mental, polo menos nun principio non. De feito, non poderiamos evolucionar como especie sen ansiedade. As persoas vivimos constantemente interaccionando coa nosa contorna en busca de resolver as nosas\u00a0necesidades\u00a0e [&hellip;]\" \/>\n<meta property=\"og:url\" content=\"https:\/\/psicopico.com\/cuando-la-ansiedad-es-la-solucion-y-no-el-problema\/\" \/>\n<meta property=\"og:site_name\" content=\"PsicoPico\" \/>\n<meta property=\"article:publisher\" content=\"https:\/\/es-la.facebook.com\/psicopicopsicologia\/\" \/>\n<meta property=\"article:author\" content=\"https:\/\/www.facebook.com\/psicopicopsicologia\/\" \/>\n<meta property=\"article:published_time\" content=\"2017-03-29T20:54:51+00:00\" \/>\n<meta property=\"article:modified_time\" content=\"2024-03-25T14:05:00+00:00\" \/>\n<meta property=\"og:image\" content=\"https:\/\/psicopico.com\/wp-content\/uploads\/2017\/03\/cuando-la-ansiedad-es-la-soluci\u00f3n-no-el-problema.jpg\" \/>\n\t<meta property=\"og:image:width\" content=\"1280\" \/>\n\t<meta property=\"og:image:height\" content=\"847\" \/>\n\t<meta property=\"og:image:type\" content=\"image\/jpeg\" \/>\n<meta name=\"author\" content=\"Iv\u00e1n Pico\" \/>\n<meta name=\"twitter:card\" content=\"summary_large_image\" \/>\n<meta name=\"twitter:creator\" content=\"@psicopico\" \/>\n<meta name=\"twitter:site\" content=\"@psicopico\" \/>\n<meta name=\"twitter:label1\" content=\"Written by\" \/>\n\t<meta name=\"twitter:data1\" content=\"Iv\u00e1n Pico\" \/>\n\t<meta name=\"twitter:label2\" content=\"Est. reading time\" \/>\n\t<meta name=\"twitter:data2\" content=\"6 minutes\" \/>\n<script type=\"application\/ld+json\" class=\"yoast-schema-graph\">{\"@context\":\"https:\\\/\\\/schema.org\",\"@graph\":[{\"@type\":\"Article\",\"@id\":\"https:\\\/\\\/psicopico.com\\\/cuando-la-ansiedad-es-la-solucion-y-no-el-problema\\\/#article\",\"isPartOf\":{\"@id\":\"https:\\\/\\\/psicopico.com\\\/cuando-la-ansiedad-es-la-solucion-y-no-el-problema\\\/\"},\"author\":{\"name\":\"Iv\u00e1n Pico\",\"@id\":\"https:\\\/\\\/psicopico.com\\\/#\\\/schema\\\/person\\\/e90a6b8840bf0a67abfaa95093cbda44\"},\"headline\":\"Cando a ansiedad \u00e9 a soluci\u00f3n non o problema\",\"datePublished\":\"2017-03-29T20:54:51+00:00\",\"dateModified\":\"2024-03-25T14:05:00+00:00\",\"mainEntityOfPage\":{\"@id\":\"https:\\\/\\\/psicopico.com\\\/cuando-la-ansiedad-es-la-solucion-y-no-el-problema\\\/\"},\"wordCount\":3629,\"commentCount\":2,\"publisher\":{\"@id\":\"https:\\\/\\\/psicopico.com\\\/#organization\"},\"image\":{\"@id\":\"https:\\\/\\\/psicopico.com\\\/cuando-la-ansiedad-es-la-solucion-y-no-el-problema\\\/#primaryimage\"},\"thumbnailUrl\":\"https:\\\/\\\/i0.wp.com\\\/psicopico.com\\\/wp-content\\\/uploads\\\/2017\\\/03\\\/cuando-la-ansiedad-es-la-soluci%C3%B3n-no-el-problema.jpg?fit=1280%2C847&ssl=1\",\"keywords\":[\"ansiedade\",\"Emoci\u00f3n\",\"Intelixencia Emocional\",\"medo\",\"Psicolox\u00eda\",\"Sa\u00fade\"],\"articleSection\":[\"Ansiedade\",\"Intelixencia Emocional\",\"Sa\u00fade\"],\"inLanguage\":\"gal-GAL\",\"potentialAction\":[{\"@type\":\"CommentAction\",\"name\":\"Comment\",\"target\":[\"https:\\\/\\\/psicopico.com\\\/cuando-la-ansiedad-es-la-solucion-y-no-el-problema\\\/#respond\"]}]},{\"@type\":[\"WebPage\",\"ItemPage\"],\"@id\":\"https:\\\/\\\/psicopico.com\\\/cuando-la-ansiedad-es-la-solucion-y-no-el-problema\\\/\",\"url\":\"https:\\\/\\\/psicopico.com\\\/cuando-la-ansiedad-es-la-solucion-y-no-el-problema\\\/\",\"name\":\"Cando a ansiedad \u00e9 a soluci\u00f3n non o problema - PsicoPico\",\"isPartOf\":{\"@id\":\"https:\\\/\\\/psicopico.com\\\/#website\"},\"primaryImageOfPage\":{\"@id\":\"https:\\\/\\\/psicopico.com\\\/cuando-la-ansiedad-es-la-solucion-y-no-el-problema\\\/#primaryimage\"},\"image\":{\"@id\":\"https:\\\/\\\/psicopico.com\\\/cuando-la-ansiedad-es-la-solucion-y-no-el-problema\\\/#primaryimage\"},\"thumbnailUrl\":\"https:\\\/\\\/i0.wp.com\\\/psicopico.com\\\/wp-content\\\/uploads\\\/2017\\\/03\\\/cuando-la-ansiedad-es-la-soluci%C3%B3n-no-el-problema.jpg?fit=1280%2C847&ssl=1\",\"datePublished\":\"2017-03-29T20:54:51+00:00\",\"dateModified\":\"2024-03-25T14:05:00+00:00\",\"breadcrumb\":{\"@id\":\"https:\\\/\\\/psicopico.com\\\/cuando-la-ansiedad-es-la-solucion-y-no-el-problema\\\/#breadcrumb\"},\"inLanguage\":\"gal-GAL\",\"potentialAction\":[{\"@type\":\"ReadAction\",\"target\":[\"https:\\\/\\\/psicopico.com\\\/cuando-la-ansiedad-es-la-solucion-y-no-el-problema\\\/\"]}]},{\"@type\":\"ImageObject\",\"inLanguage\":\"gal-GAL\",\"@id\":\"https:\\\/\\\/psicopico.com\\\/cuando-la-ansiedad-es-la-solucion-y-no-el-problema\\\/#primaryimage\",\"url\":\"https:\\\/\\\/i0.wp.com\\\/psicopico.com\\\/wp-content\\\/uploads\\\/2017\\\/03\\\/cuando-la-ansiedad-es-la-soluci%C3%B3n-no-el-problema.jpg?fit=1280%2C847&ssl=1\",\"contentUrl\":\"https:\\\/\\\/i0.wp.com\\\/psicopico.com\\\/wp-content\\\/uploads\\\/2017\\\/03\\\/cuando-la-ansiedad-es-la-soluci%C3%B3n-no-el-problema.jpg?fit=1280%2C847&ssl=1\",\"width\":\"1280\",\"height\":\"847\",\"caption\":\"ansiedad_soluci\u00f3n\"},{\"@type\":\"BreadcrumbList\",\"@id\":\"https:\\\/\\\/psicopico.com\\\/cuando-la-ansiedad-es-la-solucion-y-no-el-problema\\\/#breadcrumb\",\"itemListElement\":[{\"@type\":\"ListItem\",\"position\":1,\"name\":\"Inicio\",\"item\":\"https:\\\/\\\/psicopico.com\\\/\"},{\"@type\":\"ListItem\",\"position\":2,\"name\":\"Cuando la ansiedad es la soluci\u00f3n y no el problema.\"}]},{\"@type\":\"WebSite\",\"@id\":\"https:\\\/\\\/psicopico.com\\\/#website\",\"url\":\"https:\\\/\\\/psicopico.com\\\/\",\"name\":\"PsicoPico\",\"description\":\"Psicopico - Psicolox\u00eda Online por Iv\u00e1n Pico\",\"publisher\":{\"@id\":\"https:\\\/\\\/psicopico.com\\\/#organization\"},\"potentialAction\":[{\"@type\":\"SearchAction\",\"target\":{\"@type\":\"EntryPoint\",\"urlTemplate\":\"https:\\\/\\\/psicopico.com\\\/?s={search_term_string}\"},\"query-input\":{\"@type\":\"PropertyValueSpecification\",\"valueRequired\":true,\"valueName\":\"search_term_string\"}}],\"inLanguage\":\"gal-GAL\"},{\"@type\":\"Organization\",\"@id\":\"https:\\\/\\\/psicopico.com\\\/#organization\",\"name\":\"Psicopico\",\"url\":\"https:\\\/\\\/psicopico.com\\\/\",\"logo\":{\"@type\":\"ImageObject\",\"inLanguage\":\"gal-GAL\",\"@id\":\"https:\\\/\\\/psicopico.com\\\/#\\\/schema\\\/logo\\\/image\\\/\",\"url\":\"https:\\\/\\\/i0.wp.com\\\/psicopico.com\\\/wp-content\\\/uploads\\\/2015\\\/12\\\/logowebpsicopico.png?fit=377%2C113&ssl=1\",\"contentUrl\":\"https:\\\/\\\/i0.wp.com\\\/psicopico.com\\\/wp-content\\\/uploads\\\/2015\\\/12\\\/logowebpsicopico.png?fit=377%2C113&ssl=1\",\"width\":\"377\",\"height\":\"113\",\"caption\":\"Psicopico\"},\"image\":{\"@id\":\"https:\\\/\\\/psicopico.com\\\/#\\\/schema\\\/logo\\\/image\\\/\"},\"sameAs\":[\"https:\\\/\\\/es-la.facebook.com\\\/psicopicopsicologia\\\/\",\"https:\\\/\\\/x.com\\\/psicopico\",\"https:\\\/\\\/instagram.com\\\/psicopico\",\"https:\\\/\\\/es.linkedin.com\\\/in\\\/iv\u00e1n-pico-mart\u00ednez-5bb46873\",\"https:\\\/\\\/www.pinterest.es\\\/psicopico\\\/\",\"https:\\\/\\\/www.youtube.com\\\/channel\\\/UCwM4gAydCyOv_3sBkqVb74Q\"]},{\"@type\":\"Person\",\"@id\":\"https:\\\/\\\/psicopico.com\\\/#\\\/schema\\\/person\\\/e90a6b8840bf0a67abfaa95093cbda44\",\"name\":\"Iv\u00e1n Pico\",\"image\":{\"@type\":\"ImageObject\",\"inLanguage\":\"gal-GAL\",\"@id\":\"https:\\\/\\\/secure.gravatar.com\\\/avatar\\\/db757e40cd044bc752196ef8f9c1ed3c3c79321f8c82624947f51448030b8af1?s=96&d=mm&r=g\",\"url\":\"https:\\\/\\\/secure.gravatar.com\\\/avatar\\\/db757e40cd044bc752196ef8f9c1ed3c3c79321f8c82624947f51448030b8af1?s=96&d=mm&r=g\",\"contentUrl\":\"https:\\\/\\\/secure.gravatar.com\\\/avatar\\\/db757e40cd044bc752196ef8f9c1ed3c3c79321f8c82624947f51448030b8af1?s=96&d=mm&r=g\",\"caption\":\"Iv\u00e1n Pico\"},\"description\":\"Director y creador de Psicopico.com. Psic\u00f3logo Colegiado G-5480. Graduado en Psicolog\u00eda. Diplomado en Ciencias Empresariales y M\u00e1ster en Orientaci\u00f3n Profesional. M\u00e1ster en Psicolog\u00eda del Trabajo y Organizaciones. Posgrado en Psicolog\u00eda del Deporte y Entrenador Profesional de Futsal Nivel 3. Visita la secci\u00f3n \\\"Sobre m\u00ed\\\"para saber m\u00e1s. \u00bfQuieres una consulta personalizada? \u00a1Contacta conmigo en https:\\\/\\\/ivanpico.es\\\/!\",\"sameAs\":[\"https:\\\/\\\/www.psicopico.com\",\"https:\\\/\\\/www.facebook.com\\\/psicopicopsicologia\\\/\",\"https:\\\/\\\/www.instagram.com\\\/psicopico\\\/\",\"https:\\\/\\\/www.linkedin.com\\\/in\\\/ivan-pico-martinez\",\"https:\\\/\\\/x.com\\\/psicopico\",\"https:\\\/\\\/www.youtube.com\\\/channel\\\/UCwM4gAydCyOv_3sBkqVb74Q\"],\"url\":\"https:\\\/\\\/psicopico.com\\\/gl\\\/author\\\/ivan-pico-psicologo-lugo\\\/\"}]}<\/script>\n<!-- \/ Yoast SEO plugin. -->","yoast_head_json":{"title":"Cando a ansiedad \u00e9 a soluci\u00f3n non o problema - PsicoPico","robots":{"index":"index","follow":"follow","max-snippet":"max-snippet:-1","max-image-preview":"max-image-preview:large","max-video-preview":"max-video-preview:-1"},"canonical":"https:\/\/psicopico.com\/cuando-la-ansiedad-es-la-solucion-y-no-el-problema\/","og_locale":"en_US","og_type":"article","og_title":"Cando a ansiedad \u00e9 a soluci\u00f3n non o problema - PsicoPico","og_description":"O termo\u00a0ansiedade\u00a0\u00e9 erroneamente asociado a un problema de sa\u00fade cando non \u00e9 do todo certo. A ansiedade non \u00e9 de seu un problema, nin un trastorno mental, polo menos nun principio non. De feito, non poderiamos evolucionar como especie sen ansiedade. As persoas vivimos constantemente interaccionando coa nosa contorna en busca de resolver as nosas\u00a0necesidades\u00a0e [&hellip;]","og_url":"https:\/\/psicopico.com\/cuando-la-ansiedad-es-la-solucion-y-no-el-problema\/","og_site_name":"PsicoPico","article_publisher":"https:\/\/es-la.facebook.com\/psicopicopsicologia\/","article_author":"https:\/\/www.facebook.com\/psicopicopsicologia\/","article_published_time":"2017-03-29T20:54:51+00:00","article_modified_time":"2024-03-25T14:05:00+00:00","og_image":[{"width":1280,"height":847,"url":"https:\/\/psicopico.com\/wp-content\/uploads\/2017\/03\/cuando-la-ansiedad-es-la-soluci\u00f3n-no-el-problema.jpg","type":"image\/jpeg"}],"author":"Iv\u00e1n Pico","twitter_card":"summary_large_image","twitter_creator":"@psicopico","twitter_site":"@psicopico","twitter_misc":{"Written by":"Iv\u00e1n Pico","Est. reading time":"6 minutes"},"schema":{"@context":"https:\/\/schema.org","@graph":[{"@type":"Article","@id":"https:\/\/psicopico.com\/cuando-la-ansiedad-es-la-solucion-y-no-el-problema\/#article","isPartOf":{"@id":"https:\/\/psicopico.com\/cuando-la-ansiedad-es-la-solucion-y-no-el-problema\/"},"author":{"name":"Iv\u00e1n Pico","@id":"https:\/\/psicopico.com\/#\/schema\/person\/e90a6b8840bf0a67abfaa95093cbda44"},"headline":"Cando a ansiedad \u00e9 a soluci\u00f3n non o problema","datePublished":"2017-03-29T20:54:51+00:00","dateModified":"2024-03-25T14:05:00+00:00","mainEntityOfPage":{"@id":"https:\/\/psicopico.com\/cuando-la-ansiedad-es-la-solucion-y-no-el-problema\/"},"wordCount":3629,"commentCount":2,"publisher":{"@id":"https:\/\/psicopico.com\/#organization"},"image":{"@id":"https:\/\/psicopico.com\/cuando-la-ansiedad-es-la-solucion-y-no-el-problema\/#primaryimage"},"thumbnailUrl":"https:\/\/i0.wp.com\/psicopico.com\/wp-content\/uploads\/2017\/03\/cuando-la-ansiedad-es-la-soluci%C3%B3n-no-el-problema.jpg?fit=1280%2C847&ssl=1","keywords":["ansiedade","Emoci\u00f3n","Intelixencia Emocional","medo","Psicolox\u00eda","Sa\u00fade"],"articleSection":["Ansiedade","Intelixencia Emocional","Sa\u00fade"],"inLanguage":"gal-GAL","potentialAction":[{"@type":"CommentAction","name":"Comment","target":["https:\/\/psicopico.com\/cuando-la-ansiedad-es-la-solucion-y-no-el-problema\/#respond"]}]},{"@type":["WebPage","ItemPage"],"@id":"https:\/\/psicopico.com\/cuando-la-ansiedad-es-la-solucion-y-no-el-problema\/","url":"https:\/\/psicopico.com\/cuando-la-ansiedad-es-la-solucion-y-no-el-problema\/","name":"Cando a ansiedad \u00e9 a soluci\u00f3n non o problema - PsicoPico","isPartOf":{"@id":"https:\/\/psicopico.com\/#website"},"primaryImageOfPage":{"@id":"https:\/\/psicopico.com\/cuando-la-ansiedad-es-la-solucion-y-no-el-problema\/#primaryimage"},"image":{"@id":"https:\/\/psicopico.com\/cuando-la-ansiedad-es-la-solucion-y-no-el-problema\/#primaryimage"},"thumbnailUrl":"https:\/\/i0.wp.com\/psicopico.com\/wp-content\/uploads\/2017\/03\/cuando-la-ansiedad-es-la-soluci%C3%B3n-no-el-problema.jpg?fit=1280%2C847&ssl=1","datePublished":"2017-03-29T20:54:51+00:00","dateModified":"2024-03-25T14:05:00+00:00","breadcrumb":{"@id":"https:\/\/psicopico.com\/cuando-la-ansiedad-es-la-solucion-y-no-el-problema\/#breadcrumb"},"inLanguage":"gal-GAL","potentialAction":[{"@type":"ReadAction","target":["https:\/\/psicopico.com\/cuando-la-ansiedad-es-la-solucion-y-no-el-problema\/"]}]},{"@type":"ImageObject","inLanguage":"gal-GAL","@id":"https:\/\/psicopico.com\/cuando-la-ansiedad-es-la-solucion-y-no-el-problema\/#primaryimage","url":"https:\/\/i0.wp.com\/psicopico.com\/wp-content\/uploads\/2017\/03\/cuando-la-ansiedad-es-la-soluci%C3%B3n-no-el-problema.jpg?fit=1280%2C847&ssl=1","contentUrl":"https:\/\/i0.wp.com\/psicopico.com\/wp-content\/uploads\/2017\/03\/cuando-la-ansiedad-es-la-soluci%C3%B3n-no-el-problema.jpg?fit=1280%2C847&ssl=1","width":"1280","height":"847","caption":"ansiedad_soluci\u00f3n"},{"@type":"BreadcrumbList","@id":"https:\/\/psicopico.com\/cuando-la-ansiedad-es-la-solucion-y-no-el-problema\/#breadcrumb","itemListElement":[{"@type":"ListItem","position":1,"name":"Inicio","item":"https:\/\/psicopico.com\/"},{"@type":"ListItem","position":2,"name":"Cuando la ansiedad es la soluci\u00f3n y no el problema."}]},{"@type":"WebSite","@id":"https:\/\/psicopico.com\/#website","url":"https:\/\/psicopico.com\/","name":"PsicoPico","description":"Psicopico - Psicolox\u00eda Online por Iv\u00e1n Pico","publisher":{"@id":"https:\/\/psicopico.com\/#organization"},"potentialAction":[{"@type":"SearchAction","target":{"@type":"EntryPoint","urlTemplate":"https:\/\/psicopico.com\/?s={search_term_string}"},"query-input":{"@type":"PropertyValueSpecification","valueRequired":true,"valueName":"search_term_string"}}],"inLanguage":"gal-GAL"},{"@type":"Organization","@id":"https:\/\/psicopico.com\/#organization","name":"Psicopico","url":"https:\/\/psicopico.com\/","logo":{"@type":"ImageObject","inLanguage":"gal-GAL","@id":"https:\/\/psicopico.com\/#\/schema\/logo\/image\/","url":"https:\/\/i0.wp.com\/psicopico.com\/wp-content\/uploads\/2015\/12\/logowebpsicopico.png?fit=377%2C113&ssl=1","contentUrl":"https:\/\/i0.wp.com\/psicopico.com\/wp-content\/uploads\/2015\/12\/logowebpsicopico.png?fit=377%2C113&ssl=1","width":"377","height":"113","caption":"Psicopico"},"image":{"@id":"https:\/\/psicopico.com\/#\/schema\/logo\/image\/"},"sameAs":["https:\/\/es-la.facebook.com\/psicopicopsicologia\/","https:\/\/x.com\/psicopico","https:\/\/instagram.com\/psicopico","https:\/\/es.linkedin.com\/in\/iv\u00e1n-pico-mart\u00ednez-5bb46873","https:\/\/www.pinterest.es\/psicopico\/","https:\/\/www.youtube.com\/channel\/UCwM4gAydCyOv_3sBkqVb74Q"]},{"@type":"Person","@id":"https:\/\/psicopico.com\/#\/schema\/person\/e90a6b8840bf0a67abfaa95093cbda44","name":"Iv\u00e1n Pico","image":{"@type":"ImageObject","inLanguage":"gal-GAL","@id":"https:\/\/secure.gravatar.com\/avatar\/db757e40cd044bc752196ef8f9c1ed3c3c79321f8c82624947f51448030b8af1?s=96&d=mm&r=g","url":"https:\/\/secure.gravatar.com\/avatar\/db757e40cd044bc752196ef8f9c1ed3c3c79321f8c82624947f51448030b8af1?s=96&d=mm&r=g","contentUrl":"https:\/\/secure.gravatar.com\/avatar\/db757e40cd044bc752196ef8f9c1ed3c3c79321f8c82624947f51448030b8af1?s=96&d=mm&r=g","caption":"Iv\u00e1n Pico"},"description":"Director y creador de Psicopico.com. Psic\u00f3logo Colegiado G-5480. Graduado en Psicolog\u00eda. Diplomado en Ciencias Empresariales y M\u00e1ster en Orientaci\u00f3n Profesional. M\u00e1ster en Psicolog\u00eda del Trabajo y Organizaciones. Posgrado en Psicolog\u00eda del Deporte y Entrenador Profesional de Futsal Nivel 3. Visita la secci\u00f3n \"Sobre m\u00ed\"para saber m\u00e1s. \u00bfQuieres una consulta personalizada? \u00a1Contacta conmigo en https:\/\/ivanpico.es\/!","sameAs":["https:\/\/www.psicopico.com","https:\/\/www.facebook.com\/psicopicopsicologia\/","https:\/\/www.instagram.com\/psicopico\/","https:\/\/www.linkedin.com\/in\/ivan-pico-martinez","https:\/\/x.com\/psicopico","https:\/\/www.youtube.com\/channel\/UCwM4gAydCyOv_3sBkqVb74Q"],"url":"https:\/\/psicopico.com\/gl\/author\/ivan-pico-psicologo-lugo\/"}]}},"jetpack_featured_media_url":"https:\/\/i0.wp.com\/psicopico.com\/wp-content\/uploads\/2017\/03\/cuando-la-ansiedad-es-la-soluci%C3%B3n-no-el-problema.jpg?fit=1280%2C847&ssl=1","jetpack_shortlink":"https:\/\/wp.me\/p6Zx58-M6","jetpack_sharing_enabled":true,"_links":{"self":[{"href":"https:\/\/psicopico.com\/gl\/wp-json\/wp\/v2\/posts\/2982","targetHints":{"allow":["GET"]}}],"collection":[{"href":"https:\/\/psicopico.com\/gl\/wp-json\/wp\/v2\/posts"}],"about":[{"href":"https:\/\/psicopico.com\/gl\/wp-json\/wp\/v2\/types\/post"}],"author":[{"embeddable":true,"href":"https:\/\/psicopico.com\/gl\/wp-json\/wp\/v2\/users\/1"}],"replies":[{"embeddable":true,"href":"https:\/\/psicopico.com\/gl\/wp-json\/wp\/v2\/comments?post=2982"}],"version-history":[{"count":0,"href":"https:\/\/psicopico.com\/gl\/wp-json\/wp\/v2\/posts\/2982\/revisions"}],"wp:featuredmedia":[{"embeddable":true,"href":"https:\/\/psicopico.com\/gl\/wp-json\/wp\/v2\/media\/2988"}],"wp:attachment":[{"href":"https:\/\/psicopico.com\/gl\/wp-json\/wp\/v2\/media?parent=2982"}],"wp:term":[{"taxonomy":"category","embeddable":true,"href":"https:\/\/psicopico.com\/gl\/wp-json\/wp\/v2\/categories?post=2982"},{"taxonomy":"post_tag","embeddable":true,"href":"https:\/\/psicopico.com\/gl\/wp-json\/wp\/v2\/tags?post=2982"}],"curies":[{"name":"wp","href":"https:\/\/api.w.org\/{rel}","templated":true}]}}