{"id":2471,"date":"2016-10-23T22:31:53","date_gmt":"2016-10-23T21:31:53","guid":{"rendered":"http:\/\/psicopico.com\/?p=2471"},"modified":"2016-10-29T16:16:53","modified_gmt":"2016-10-29T15:16:53","slug":"la-clasificacion-los-estilos-cognitivos","status":"publish","type":"post","link":"https:\/\/psicopico.com\/gl\/la-clasificacion-los-estilos-cognitivos\/","title":{"rendered":"9 estilos cognitivos"},"content":{"rendered":"Este termo foi introducido polo psic\u00f3logo americano Gordon Allport (1897-1967) dentro da s\u00faa famosa teor\u00eda da personalidade e a partir dos estudos de Carl Jung (1875-1961) . Os estilos cognitivos son dimensi\u00f3ns psicol\u00f3xicas xerais polas que se diferencian as persoas. Os estilos cognitivos fan referencia \u00e1s diferenzas individuais nos modos de percibir, lembrar ou pensar e de que maneira fano as persoas. Por isto \u00faltimo, podemos dicir que o elemento principal dos estilos cognitivos non \u00e9 a eficacia coa que se fai, sen\u00f3n m\u00e1is ben como se fai o que se fai. Un estilo cognitivo fundam\u00e9ntese na maneira de procesar a informaci\u00f3n e de utilizar os recursos cognitivos propios, tales como a percepci\u00f3n, o pensamento, a percepci\u00f3n ou a memoria e que est\u00e1n relacionados coa personalidade individual.<\/p>\n<h2>Os 9 Estilos Cognitivos.<\/h2>\n<p>Foron numerosos os autores que trataron de dar clasificaci\u00f3n aos tipos de estilos cognitivos, explicaremos a proposta de Messick (1976). Este autor describiu 9 estilos diferentes de estilos cognitivos entre os que destacan a dependencia-independencia de campo e a dimensi\u00f3n reflexividad-impulsividad. M\u00e1is tarde chegar\u00edase a ampliar a listaxe a 19 estilos cognitivos diferentes.<\/p>\n<p><strong>1. Dependencia-Independencia de campo.<\/strong><\/p>\n<p>Neste estilo cognitivo o que se estuda \u00e9 a capacidade de actuar dun modo diferenciado do ambiente. Tr\u00e1tase do modo no que as persoas se f\u00edan das s\u00faas propias percepci\u00f3ns internas para non enganarse pola informaci\u00f3n procedente das percepci\u00f3ns externas ou ambientais.<\/p>\n<p>A independencia do campo aumenta at\u00e9 os 15 anos de idade, tenden a estabilizarse e empeza a diminu\u00edr.<br \/>\nAs persoas independentes non te\u00f1en por que ser m\u00e1is intelixentes.<br \/>\nUnha persoa independente tende a predisponerse a ter ideas delirantes.<br \/>\nUnha persoa dependente ten predisposici\u00f3n ao consumo de sustancias ou caer en relaci\u00f3ns de dependencia emocional.<\/p>\n<p><strong>2. Reflexividad-Impulsividad.<\/strong><\/p>\n<p>Neste estilo a tendencia consiste en tomar decisi\u00f3ns r\u00e1pidas ou lentas. As persoas m\u00e1is reflexivas tenden a ser m\u00e1is conservadoras que as impulsivas. Os reflexivos analizan a situaci\u00f3n de forma coidadosa e anal\u00edtica en funci\u00f3n das diversas alternativas. Todo o contrario para as persoas impulsivas que se deixan influ\u00edr pola aparencia dalgunha das alternativas.<\/p>\n<p><strong>3. Escudri\u00f1amiento.<\/strong><\/p>\n<p>Fai referencia \u00e1s diferenzas individuais en amplitude e intensidade da atenci\u00f3n.<\/p>\n<p><strong>4. Amplitude de categorizaci\u00f3n.<\/strong><\/p>\n<p>Diferenzas individuais en tendencia a procesar a informaci\u00f3n en categor\u00edas m\u00e1is amplas en contraposici\u00f3n \u00e1 tendencia a procesala en categor\u00edas de pouca extensi\u00f3n.<\/p>\n<p><strong>5. Estilo conceptualizaci\u00f3n.<\/strong><\/p>\n<p>Este estilo \u00e9 moi parecido ao de amplitude de categorizaci\u00f3n. O estilo de conceptualizaci\u00f3n ref\u00edrese m\u00e1is concretamente \u00e1s diferenzas individuais en tendencia a clasificar un conxunto heterox\u00e9neo de est\u00edmulos nun n\u00famero amplo ou reducido de categor\u00edas. Un exemplo deste tipo de estilo \u00e9 que hai persoas para as cales existen s\u00f3 5 cores e outras que categorizan at\u00e9 diferentes tipos de cor branca.<\/p>\n<p><strong>6. Complexidade &#8211; Simplicidade Cognitiva.<\/strong><\/p>\n<p>Diferenzas individuais en tendencia a interpretar as situaci\u00f3ns, especialmente de tipo social, dunha forma multidimensional e abstracta en contraposici\u00f3n \u00e1 tendencia a interpretalas de maneira unidimensional e concreta.<\/p>\n<p><strong>7. Nivelamiento &#8211; Agudizaci\u00f3n.<\/strong><\/p>\n<p>Diferenzas individuais en canto ao funcionamento da memoria.<\/p>\n<p>Os niveladores: asimilan e confunden as s\u00faas percepci\u00f3ns actuais con experiencias almacenadas na memoria.<br \/>\nOs agudizadores: distinguen a informaci\u00f3n almacenada na memoria da informaci\u00f3n actual.<br \/>\n8. Control restritivo &#8211; Control flexible.<\/p>\n<p>Diferenzas individuais en canto \u00e1 s\u00faa dificultade ou facilidade para superar as interferencias perceptuales ou cognitivas.<\/p>\n<p><strong>9. Tolerancia &#8211; Intolerancia.<\/strong><\/p>\n<p>Ref\u00edrese \u00e1 tolerancia ou intolerancia das persoas ante situaci\u00f3ns inusuais. As\u00ed, as persoas difer\u00e9nciase en canto ao seu maior ou menor disposici\u00f3n para aceptar e tolerar percepci\u00f3ns ou experiencias incongruentes ou inusuais con relaci\u00f3n ao que o individuo sabe ou co\u00f1ece.<\/p>\n<p><strong>Outros estilos cognitivos.<\/strong><\/p>\n<p>Visualizador-verbalizador.<br \/>\nVisual-H\u00e1ptico.<br \/>\nSerial-Hol\u00edstico.<br \/>\n_<\/p>\n<p>Referencias bibliogr\u00e1ficas:<\/p>\n<p>Santrock, J.W. Psicolox\u00eda da Educaci\u00f3n (2011). Ed. Mc Graw-Hill.","protected":false},"excerpt":{"rendered":"<p>Este termo foi introducido polo psic\u00f3logo americano Gordon Allport (1897-1967) dentro da s\u00faa famosa teor\u00eda da personalidade e a partir dos estudos de Carl Jung (1875-1961) . Os estilos cognitivos son dimensi\u00f3ns psicol\u00f3xicas xerais polas que se diferencian as persoas. Os estilos cognitivos fan referencia \u00e1s diferenzas individuais nos modos de percibir, lembrar ou pensar [&hellip;]<\/p>\n","protected":false},"author":1,"featured_media":2474,"comment_status":"open","ping_status":"open","sticky":false,"template":"","format":"standard","meta":{"_jetpack_memberships_contains_paid_content":false,"_joinchat":[],"footnotes":""},"categories":[19,8],"tags":[360,49,403,11],"class_list":["post-2471","post","type-post","status-publish","format-standard","has-post-thumbnail","hentry","category-educacion","category-social","tag-cognicion","tag-educacion","tag-personalidad","tag-psicologia"],"yoast_head":"<!-- This site is optimized with the Yoast SEO plugin v27.4 - https:\/\/yoast.com\/product\/yoast-seo-wordpress\/ -->\n<title>9 estilos cognitivos - PsicoPico<\/title>\n<meta name=\"robots\" content=\"index, follow, max-snippet:-1, max-image-preview:large, max-video-preview:-1\" \/>\n<link rel=\"canonical\" href=\"https:\/\/psicopico.com\/la-clasificacion-los-estilos-cognitivos\/\" \/>\n<meta property=\"og:locale\" content=\"en_US\" \/>\n<meta property=\"og:type\" content=\"article\" \/>\n<meta property=\"og:title\" content=\"9 estilos cognitivos - PsicoPico\" \/>\n<meta property=\"og:description\" content=\"Este termo foi introducido polo psic\u00f3logo americano Gordon Allport (1897-1967) dentro da s\u00faa famosa teor\u00eda da personalidade e a partir dos estudos de Carl Jung (1875-1961) . Os estilos cognitivos son dimensi\u00f3ns psicol\u00f3xicas xerais polas que se diferencian as persoas. Os estilos cognitivos fan referencia \u00e1s diferenzas individuais nos modos de percibir, lembrar ou pensar [&hellip;]\" \/>\n<meta property=\"og:url\" content=\"https:\/\/psicopico.com\/la-clasificacion-los-estilos-cognitivos\/\" \/>\n<meta property=\"og:site_name\" content=\"PsicoPico\" \/>\n<meta property=\"article:publisher\" content=\"https:\/\/es-la.facebook.com\/psicopicopsicologia\/\" \/>\n<meta property=\"article:author\" content=\"https:\/\/www.facebook.com\/psicopicopsicologia\/\" \/>\n<meta property=\"article:published_time\" content=\"2016-10-23T21:31:53+00:00\" \/>\n<meta property=\"article:modified_time\" content=\"2016-10-29T15:16:53+00:00\" \/>\n<meta property=\"og:image\" content=\"https:\/\/i2.wp.com\/psicopico.com\/wp-content\/uploads\/2016\/10\/ESTILOS-COGNITIVOS.jpg?fit=1024%2C643&ssl=1\" \/>\n\t<meta property=\"og:image:width\" content=\"1024\" \/>\n\t<meta property=\"og:image:height\" content=\"643\" \/>\n\t<meta property=\"og:image:type\" content=\"image\/jpeg\" \/>\n<meta name=\"author\" content=\"Iv\u00e1n Pico\" \/>\n<meta name=\"twitter:card\" content=\"summary_large_image\" \/>\n<meta name=\"twitter:creator\" content=\"@psicopico\" \/>\n<meta name=\"twitter:site\" content=\"@psicopico\" \/>\n<meta name=\"twitter:label1\" content=\"Written by\" \/>\n\t<meta name=\"twitter:data1\" content=\"Iv\u00e1n Pico\" \/>\n\t<meta name=\"twitter:label2\" content=\"Est. reading time\" \/>\n\t<meta name=\"twitter:data2\" content=\"10 minutes\" \/>\n<script type=\"application\/ld+json\" class=\"yoast-schema-graph\">{\"@context\":\"https:\\\/\\\/schema.org\",\"@graph\":[{\"@type\":\"Article\",\"@id\":\"https:\\\/\\\/psicopico.com\\\/la-clasificacion-los-estilos-cognitivos\\\/#article\",\"isPartOf\":{\"@id\":\"https:\\\/\\\/psicopico.com\\\/la-clasificacion-los-estilos-cognitivos\\\/\"},\"author\":{\"name\":\"Iv\u00e1n Pico\",\"@id\":\"https:\\\/\\\/psicopico.com\\\/#\\\/schema\\\/person\\\/e90a6b8840bf0a67abfaa95093cbda44\"},\"headline\":\"9 estilos cognitivos\",\"datePublished\":\"2016-10-23T21:31:53+00:00\",\"dateModified\":\"2016-10-29T15:16:53+00:00\",\"mainEntityOfPage\":{\"@id\":\"https:\\\/\\\/psicopico.com\\\/la-clasificacion-los-estilos-cognitivos\\\/\"},\"wordCount\":1957,\"commentCount\":2,\"publisher\":{\"@id\":\"https:\\\/\\\/psicopico.com\\\/#organization\"},\"image\":{\"@id\":\"https:\\\/\\\/psicopico.com\\\/la-clasificacion-los-estilos-cognitivos\\\/#primaryimage\"},\"thumbnailUrl\":\"https:\\\/\\\/i0.wp.com\\\/psicopico.com\\\/wp-content\\\/uploads\\\/2016\\\/10\\\/ESTILOS-COGNITIVOS.jpg?fit=1024%2C643&ssl=1\",\"keywords\":[\"cognici\u00f3n\",\"Educaci\u00f3n\",\"personalidad\",\"Psicolox\u00eda\"],\"articleSection\":[\"Educaci\u00f3n\",\"Social\"],\"inLanguage\":\"gal-GAL\",\"potentialAction\":[{\"@type\":\"CommentAction\",\"name\":\"Comment\",\"target\":[\"https:\\\/\\\/psicopico.com\\\/la-clasificacion-los-estilos-cognitivos\\\/#respond\"]}]},{\"@type\":[\"WebPage\",\"ItemPage\"],\"@id\":\"https:\\\/\\\/psicopico.com\\\/la-clasificacion-los-estilos-cognitivos\\\/\",\"url\":\"https:\\\/\\\/psicopico.com\\\/la-clasificacion-los-estilos-cognitivos\\\/\",\"name\":\"9 estilos cognitivos - PsicoPico\",\"isPartOf\":{\"@id\":\"https:\\\/\\\/psicopico.com\\\/#website\"},\"primaryImageOfPage\":{\"@id\":\"https:\\\/\\\/psicopico.com\\\/la-clasificacion-los-estilos-cognitivos\\\/#primaryimage\"},\"image\":{\"@id\":\"https:\\\/\\\/psicopico.com\\\/la-clasificacion-los-estilos-cognitivos\\\/#primaryimage\"},\"thumbnailUrl\":\"https:\\\/\\\/i0.wp.com\\\/psicopico.com\\\/wp-content\\\/uploads\\\/2016\\\/10\\\/ESTILOS-COGNITIVOS.jpg?fit=1024%2C643&ssl=1\",\"datePublished\":\"2016-10-23T21:31:53+00:00\",\"dateModified\":\"2016-10-29T15:16:53+00:00\",\"breadcrumb\":{\"@id\":\"https:\\\/\\\/psicopico.com\\\/la-clasificacion-los-estilos-cognitivos\\\/#breadcrumb\"},\"inLanguage\":\"gal-GAL\",\"potentialAction\":[{\"@type\":\"ReadAction\",\"target\":[\"https:\\\/\\\/psicopico.com\\\/la-clasificacion-los-estilos-cognitivos\\\/\"]}]},{\"@type\":\"ImageObject\",\"inLanguage\":\"gal-GAL\",\"@id\":\"https:\\\/\\\/psicopico.com\\\/la-clasificacion-los-estilos-cognitivos\\\/#primaryimage\",\"url\":\"https:\\\/\\\/i0.wp.com\\\/psicopico.com\\\/wp-content\\\/uploads\\\/2016\\\/10\\\/ESTILOS-COGNITIVOS.jpg?fit=1024%2C643&ssl=1\",\"contentUrl\":\"https:\\\/\\\/i0.wp.com\\\/psicopico.com\\\/wp-content\\\/uploads\\\/2016\\\/10\\\/ESTILOS-COGNITIVOS.jpg?fit=1024%2C643&ssl=1\",\"width\":\"1024\",\"height\":\"643\",\"caption\":\"estilos cognitivos\"},{\"@type\":\"BreadcrumbList\",\"@id\":\"https:\\\/\\\/psicopico.com\\\/la-clasificacion-los-estilos-cognitivos\\\/#breadcrumb\",\"itemListElement\":[{\"@type\":\"ListItem\",\"position\":1,\"name\":\"Inicio\",\"item\":\"https:\\\/\\\/psicopico.com\\\/\"},{\"@type\":\"ListItem\",\"position\":2,\"name\":\"La clasificaci\u00f3n de los estilos cognitivos.\"}]},{\"@type\":\"WebSite\",\"@id\":\"https:\\\/\\\/psicopico.com\\\/#website\",\"url\":\"https:\\\/\\\/psicopico.com\\\/\",\"name\":\"PsicoPico\",\"description\":\"Psicopico - Psicolox\u00eda Online por Iv\u00e1n Pico\",\"publisher\":{\"@id\":\"https:\\\/\\\/psicopico.com\\\/#organization\"},\"potentialAction\":[{\"@type\":\"SearchAction\",\"target\":{\"@type\":\"EntryPoint\",\"urlTemplate\":\"https:\\\/\\\/psicopico.com\\\/?s={search_term_string}\"},\"query-input\":{\"@type\":\"PropertyValueSpecification\",\"valueRequired\":true,\"valueName\":\"search_term_string\"}}],\"inLanguage\":\"gal-GAL\"},{\"@type\":\"Organization\",\"@id\":\"https:\\\/\\\/psicopico.com\\\/#organization\",\"name\":\"Psicopico\",\"url\":\"https:\\\/\\\/psicopico.com\\\/\",\"logo\":{\"@type\":\"ImageObject\",\"inLanguage\":\"gal-GAL\",\"@id\":\"https:\\\/\\\/psicopico.com\\\/#\\\/schema\\\/logo\\\/image\\\/\",\"url\":\"https:\\\/\\\/i0.wp.com\\\/psicopico.com\\\/wp-content\\\/uploads\\\/2015\\\/12\\\/logowebpsicopico.png?fit=377%2C113&ssl=1\",\"contentUrl\":\"https:\\\/\\\/i0.wp.com\\\/psicopico.com\\\/wp-content\\\/uploads\\\/2015\\\/12\\\/logowebpsicopico.png?fit=377%2C113&ssl=1\",\"width\":\"377\",\"height\":\"113\",\"caption\":\"Psicopico\"},\"image\":{\"@id\":\"https:\\\/\\\/psicopico.com\\\/#\\\/schema\\\/logo\\\/image\\\/\"},\"sameAs\":[\"https:\\\/\\\/es-la.facebook.com\\\/psicopicopsicologia\\\/\",\"https:\\\/\\\/x.com\\\/psicopico\",\"https:\\\/\\\/instagram.com\\\/psicopico\",\"https:\\\/\\\/es.linkedin.com\\\/in\\\/iv\u00e1n-pico-mart\u00ednez-5bb46873\",\"https:\\\/\\\/www.pinterest.es\\\/psicopico\\\/\",\"https:\\\/\\\/www.youtube.com\\\/channel\\\/UCwM4gAydCyOv_3sBkqVb74Q\"]},{\"@type\":\"Person\",\"@id\":\"https:\\\/\\\/psicopico.com\\\/#\\\/schema\\\/person\\\/e90a6b8840bf0a67abfaa95093cbda44\",\"name\":\"Iv\u00e1n Pico\",\"image\":{\"@type\":\"ImageObject\",\"inLanguage\":\"gal-GAL\",\"@id\":\"https:\\\/\\\/secure.gravatar.com\\\/avatar\\\/db757e40cd044bc752196ef8f9c1ed3c3c79321f8c82624947f51448030b8af1?s=96&d=mm&r=g\",\"url\":\"https:\\\/\\\/secure.gravatar.com\\\/avatar\\\/db757e40cd044bc752196ef8f9c1ed3c3c79321f8c82624947f51448030b8af1?s=96&d=mm&r=g\",\"contentUrl\":\"https:\\\/\\\/secure.gravatar.com\\\/avatar\\\/db757e40cd044bc752196ef8f9c1ed3c3c79321f8c82624947f51448030b8af1?s=96&d=mm&r=g\",\"caption\":\"Iv\u00e1n Pico\"},\"description\":\"Director y creador de Psicopico.com. Psic\u00f3logo Colegiado G-5480. Graduado en Psicolog\u00eda. Diplomado en Ciencias Empresariales y M\u00e1ster en Orientaci\u00f3n Profesional. M\u00e1ster en Psicolog\u00eda del Trabajo y Organizaciones. Posgrado en Psicolog\u00eda del Deporte y Entrenador Profesional de Futsal Nivel 3. Visita la secci\u00f3n \\\"Sobre m\u00ed\\\"para saber m\u00e1s. \u00bfQuieres una consulta personalizada? \u00a1Contacta conmigo en https:\\\/\\\/ivanpico.es\\\/!\",\"sameAs\":[\"https:\\\/\\\/www.psicopico.com\",\"https:\\\/\\\/www.facebook.com\\\/psicopicopsicologia\\\/\",\"https:\\\/\\\/www.instagram.com\\\/psicopico\\\/\",\"https:\\\/\\\/www.linkedin.com\\\/in\\\/ivan-pico-martinez\",\"https:\\\/\\\/x.com\\\/psicopico\",\"https:\\\/\\\/www.youtube.com\\\/channel\\\/UCwM4gAydCyOv_3sBkqVb74Q\"],\"url\":\"https:\\\/\\\/psicopico.com\\\/gl\\\/author\\\/ivan-pico-psicologo-lugo\\\/\"}]}<\/script>\n<!-- \/ Yoast SEO plugin. -->","yoast_head_json":{"title":"9 estilos cognitivos - PsicoPico","robots":{"index":"index","follow":"follow","max-snippet":"max-snippet:-1","max-image-preview":"max-image-preview:large","max-video-preview":"max-video-preview:-1"},"canonical":"https:\/\/psicopico.com\/la-clasificacion-los-estilos-cognitivos\/","og_locale":"en_US","og_type":"article","og_title":"9 estilos cognitivos - PsicoPico","og_description":"Este termo foi introducido polo psic\u00f3logo americano Gordon Allport (1897-1967) dentro da s\u00faa famosa teor\u00eda da personalidade e a partir dos estudos de Carl Jung (1875-1961) . Os estilos cognitivos son dimensi\u00f3ns psicol\u00f3xicas xerais polas que se diferencian as persoas. Os estilos cognitivos fan referencia \u00e1s diferenzas individuais nos modos de percibir, lembrar ou pensar [&hellip;]","og_url":"https:\/\/psicopico.com\/la-clasificacion-los-estilos-cognitivos\/","og_site_name":"PsicoPico","article_publisher":"https:\/\/es-la.facebook.com\/psicopicopsicologia\/","article_author":"https:\/\/www.facebook.com\/psicopicopsicologia\/","article_published_time":"2016-10-23T21:31:53+00:00","article_modified_time":"2016-10-29T15:16:53+00:00","og_image":[{"width":1024,"height":643,"url":"https:\/\/i2.wp.com\/psicopico.com\/wp-content\/uploads\/2016\/10\/ESTILOS-COGNITIVOS.jpg?fit=1024%2C643&ssl=1","type":"image\/jpeg"}],"author":"Iv\u00e1n Pico","twitter_card":"summary_large_image","twitter_creator":"@psicopico","twitter_site":"@psicopico","twitter_misc":{"Written by":"Iv\u00e1n Pico","Est. reading time":"10 minutes"},"schema":{"@context":"https:\/\/schema.org","@graph":[{"@type":"Article","@id":"https:\/\/psicopico.com\/la-clasificacion-los-estilos-cognitivos\/#article","isPartOf":{"@id":"https:\/\/psicopico.com\/la-clasificacion-los-estilos-cognitivos\/"},"author":{"name":"Iv\u00e1n Pico","@id":"https:\/\/psicopico.com\/#\/schema\/person\/e90a6b8840bf0a67abfaa95093cbda44"},"headline":"9 estilos cognitivos","datePublished":"2016-10-23T21:31:53+00:00","dateModified":"2016-10-29T15:16:53+00:00","mainEntityOfPage":{"@id":"https:\/\/psicopico.com\/la-clasificacion-los-estilos-cognitivos\/"},"wordCount":1957,"commentCount":2,"publisher":{"@id":"https:\/\/psicopico.com\/#organization"},"image":{"@id":"https:\/\/psicopico.com\/la-clasificacion-los-estilos-cognitivos\/#primaryimage"},"thumbnailUrl":"https:\/\/i0.wp.com\/psicopico.com\/wp-content\/uploads\/2016\/10\/ESTILOS-COGNITIVOS.jpg?fit=1024%2C643&ssl=1","keywords":["cognici\u00f3n","Educaci\u00f3n","personalidad","Psicolox\u00eda"],"articleSection":["Educaci\u00f3n","Social"],"inLanguage":"gal-GAL","potentialAction":[{"@type":"CommentAction","name":"Comment","target":["https:\/\/psicopico.com\/la-clasificacion-los-estilos-cognitivos\/#respond"]}]},{"@type":["WebPage","ItemPage"],"@id":"https:\/\/psicopico.com\/la-clasificacion-los-estilos-cognitivos\/","url":"https:\/\/psicopico.com\/la-clasificacion-los-estilos-cognitivos\/","name":"9 estilos cognitivos - PsicoPico","isPartOf":{"@id":"https:\/\/psicopico.com\/#website"},"primaryImageOfPage":{"@id":"https:\/\/psicopico.com\/la-clasificacion-los-estilos-cognitivos\/#primaryimage"},"image":{"@id":"https:\/\/psicopico.com\/la-clasificacion-los-estilos-cognitivos\/#primaryimage"},"thumbnailUrl":"https:\/\/i0.wp.com\/psicopico.com\/wp-content\/uploads\/2016\/10\/ESTILOS-COGNITIVOS.jpg?fit=1024%2C643&ssl=1","datePublished":"2016-10-23T21:31:53+00:00","dateModified":"2016-10-29T15:16:53+00:00","breadcrumb":{"@id":"https:\/\/psicopico.com\/la-clasificacion-los-estilos-cognitivos\/#breadcrumb"},"inLanguage":"gal-GAL","potentialAction":[{"@type":"ReadAction","target":["https:\/\/psicopico.com\/la-clasificacion-los-estilos-cognitivos\/"]}]},{"@type":"ImageObject","inLanguage":"gal-GAL","@id":"https:\/\/psicopico.com\/la-clasificacion-los-estilos-cognitivos\/#primaryimage","url":"https:\/\/i0.wp.com\/psicopico.com\/wp-content\/uploads\/2016\/10\/ESTILOS-COGNITIVOS.jpg?fit=1024%2C643&ssl=1","contentUrl":"https:\/\/i0.wp.com\/psicopico.com\/wp-content\/uploads\/2016\/10\/ESTILOS-COGNITIVOS.jpg?fit=1024%2C643&ssl=1","width":"1024","height":"643","caption":"estilos cognitivos"},{"@type":"BreadcrumbList","@id":"https:\/\/psicopico.com\/la-clasificacion-los-estilos-cognitivos\/#breadcrumb","itemListElement":[{"@type":"ListItem","position":1,"name":"Inicio","item":"https:\/\/psicopico.com\/"},{"@type":"ListItem","position":2,"name":"La clasificaci\u00f3n de los estilos cognitivos."}]},{"@type":"WebSite","@id":"https:\/\/psicopico.com\/#website","url":"https:\/\/psicopico.com\/","name":"PsicoPico","description":"Psicopico - Psicolox\u00eda Online por Iv\u00e1n Pico","publisher":{"@id":"https:\/\/psicopico.com\/#organization"},"potentialAction":[{"@type":"SearchAction","target":{"@type":"EntryPoint","urlTemplate":"https:\/\/psicopico.com\/?s={search_term_string}"},"query-input":{"@type":"PropertyValueSpecification","valueRequired":true,"valueName":"search_term_string"}}],"inLanguage":"gal-GAL"},{"@type":"Organization","@id":"https:\/\/psicopico.com\/#organization","name":"Psicopico","url":"https:\/\/psicopico.com\/","logo":{"@type":"ImageObject","inLanguage":"gal-GAL","@id":"https:\/\/psicopico.com\/#\/schema\/logo\/image\/","url":"https:\/\/i0.wp.com\/psicopico.com\/wp-content\/uploads\/2015\/12\/logowebpsicopico.png?fit=377%2C113&ssl=1","contentUrl":"https:\/\/i0.wp.com\/psicopico.com\/wp-content\/uploads\/2015\/12\/logowebpsicopico.png?fit=377%2C113&ssl=1","width":"377","height":"113","caption":"Psicopico"},"image":{"@id":"https:\/\/psicopico.com\/#\/schema\/logo\/image\/"},"sameAs":["https:\/\/es-la.facebook.com\/psicopicopsicologia\/","https:\/\/x.com\/psicopico","https:\/\/instagram.com\/psicopico","https:\/\/es.linkedin.com\/in\/iv\u00e1n-pico-mart\u00ednez-5bb46873","https:\/\/www.pinterest.es\/psicopico\/","https:\/\/www.youtube.com\/channel\/UCwM4gAydCyOv_3sBkqVb74Q"]},{"@type":"Person","@id":"https:\/\/psicopico.com\/#\/schema\/person\/e90a6b8840bf0a67abfaa95093cbda44","name":"Iv\u00e1n Pico","image":{"@type":"ImageObject","inLanguage":"gal-GAL","@id":"https:\/\/secure.gravatar.com\/avatar\/db757e40cd044bc752196ef8f9c1ed3c3c79321f8c82624947f51448030b8af1?s=96&d=mm&r=g","url":"https:\/\/secure.gravatar.com\/avatar\/db757e40cd044bc752196ef8f9c1ed3c3c79321f8c82624947f51448030b8af1?s=96&d=mm&r=g","contentUrl":"https:\/\/secure.gravatar.com\/avatar\/db757e40cd044bc752196ef8f9c1ed3c3c79321f8c82624947f51448030b8af1?s=96&d=mm&r=g","caption":"Iv\u00e1n Pico"},"description":"Director y creador de Psicopico.com. Psic\u00f3logo Colegiado G-5480. Graduado en Psicolog\u00eda. Diplomado en Ciencias Empresariales y M\u00e1ster en Orientaci\u00f3n Profesional. M\u00e1ster en Psicolog\u00eda del Trabajo y Organizaciones. Posgrado en Psicolog\u00eda del Deporte y Entrenador Profesional de Futsal Nivel 3. Visita la secci\u00f3n \"Sobre m\u00ed\"para saber m\u00e1s. \u00bfQuieres una consulta personalizada? \u00a1Contacta conmigo en https:\/\/ivanpico.es\/!","sameAs":["https:\/\/www.psicopico.com","https:\/\/www.facebook.com\/psicopicopsicologia\/","https:\/\/www.instagram.com\/psicopico\/","https:\/\/www.linkedin.com\/in\/ivan-pico-martinez","https:\/\/x.com\/psicopico","https:\/\/www.youtube.com\/channel\/UCwM4gAydCyOv_3sBkqVb74Q"],"url":"https:\/\/psicopico.com\/gl\/author\/ivan-pico-psicologo-lugo\/"}]}},"jetpack_featured_media_url":"https:\/\/i0.wp.com\/psicopico.com\/wp-content\/uploads\/2016\/10\/ESTILOS-COGNITIVOS.jpg?fit=1024%2C643&ssl=1","jetpack_shortlink":"https:\/\/wp.me\/p6Zx58-DR","jetpack_sharing_enabled":true,"_links":{"self":[{"href":"https:\/\/psicopico.com\/gl\/wp-json\/wp\/v2\/posts\/2471","targetHints":{"allow":["GET"]}}],"collection":[{"href":"https:\/\/psicopico.com\/gl\/wp-json\/wp\/v2\/posts"}],"about":[{"href":"https:\/\/psicopico.com\/gl\/wp-json\/wp\/v2\/types\/post"}],"author":[{"embeddable":true,"href":"https:\/\/psicopico.com\/gl\/wp-json\/wp\/v2\/users\/1"}],"replies":[{"embeddable":true,"href":"https:\/\/psicopico.com\/gl\/wp-json\/wp\/v2\/comments?post=2471"}],"version-history":[{"count":0,"href":"https:\/\/psicopico.com\/gl\/wp-json\/wp\/v2\/posts\/2471\/revisions"}],"wp:featuredmedia":[{"embeddable":true,"href":"https:\/\/psicopico.com\/gl\/wp-json\/wp\/v2\/media\/2474"}],"wp:attachment":[{"href":"https:\/\/psicopico.com\/gl\/wp-json\/wp\/v2\/media?parent=2471"}],"wp:term":[{"taxonomy":"category","embeddable":true,"href":"https:\/\/psicopico.com\/gl\/wp-json\/wp\/v2\/categories?post=2471"},{"taxonomy":"post_tag","embeddable":true,"href":"https:\/\/psicopico.com\/gl\/wp-json\/wp\/v2\/tags?post=2471"}],"curies":[{"name":"wp","href":"https:\/\/api.w.org\/{rel}","templated":true}]}}