{"id":2080,"date":"2025-09-24T12:01:56","date_gmt":"2025-09-24T11:01:56","guid":{"rendered":"http:\/\/psicopico.com\/?p=2080"},"modified":"2025-09-24T15:51:02","modified_gmt":"2025-09-24T14:51:02","slug":"que-es-la-tecnica-de-la-flecha-descendente-un-viaje-a-las-raices-de-tus-creencias","status":"publish","type":"post","link":"https:\/\/psicopico.com\/gl\/que-es-la-tecnica-de-la-flecha-descendente-un-viaje-a-las-raices-de-tus-creencias\/","title":{"rendered":"Que \u00e9 a T\u00e9cnica da Frecha Descendente? Unha Viaxe \u00e1s Ra\u00edces das S\u00faas Crenzas"},"content":{"rendered":"Na procura constante de comprender por que pensamos, sentimos e actuamos como o facemos, a psicolox\u00eda ofr\u00e9cenos unha variedade de ferramentas valiosas. Entre elas, <strong>a Terapia Cognitivo Conductual (TCC) <\/strong>consolidouse como unha das abordaxes m\u00e1is eficaces e baseadas na evidencia para abordar unha ampla gama de desaf\u00edos psicol\u00f3xicos. Dentro deste marco, <strong>as t\u00e9cnicas cognitivas <\/strong>c\u00e9ntranse en identificar e modificar os patr\u00f3ns de pensamento distorsionados que subxacen \u00e1 nosa angustia. Unha das m\u00e1is poderosas, e quizais menos co\u00f1ecida f\u00f3ra dos \u00e1mbitos cl\u00ednicos, \u00e9 a <strong>T\u00e9cnica da Frecha Descendente <\/strong>.<\/p>\n<h2><strong>Orixe e fundamentos da t\u00e9cnica da frecha descendente<\/strong><\/h2>\n<p>Esta t\u00e9cnica, concibida polo reco\u00f1ecido psic\u00f3logo estadounidense <strong>Aaron T. Beck <\/strong>, pai da Terapia Cognitiva, non \u00e9 un m\u00e9todo illado, sen\u00f3n un elemento clave no arsenal de ferramentas da TCC, como <a href=\"https:\/\/psicopico.com\/que-es-la-reestructuracion-cognitiva\/\"><strong>a reestruturaci\u00f3n cognitiva <\/strong><\/a>ou a an\u00e1lise dos pensamentos autom\u00e1ticos. O seu obxectivo principal \u00e9 simple pero profundo: <strong>rastrexar un pensamento superficial ata o seu n\u00facleo ou crenza asumida <\/strong>.<\/p>\n<p>Imaxina os teus pensamentos como as follas dunha \u00e1rbore. A TCC, a trav\u00e9s da Frecha Descendente, inv\u00edtate a seguir a p\u00f3la e o tronco ata chegar \u00e1s ra\u00edces, que son as crenzas profundas e a mi\u00fado inconscientes que o sustentan todo. Esta viaxe \u00e9 crucial porque son precisamente estas ra\u00edces as que, ao ser r\u00edxidas e desadaptativas, causan o maior sufrimento. O propio Beck, no seu traballo fundamental sobre a depresi\u00f3n, salientou a importancia de identificar estas <strong>crenzas <\/strong>ou esquemas b\u00e1sicos, argumentando que subxacen aos pensamentos e comportamentos disfuncionais.<\/p>\n<p>A\u00ednda que a <strong>T\u00e9cnica da Frecha Descendente <\/strong>se orixinou e perfeccionou no campo da Terapia Cognitivo-Conductual, a s\u00faa utilidade vai moito m\u00e1is al\u00e1 das consultas cl\u00ednicas. \u00c9 unha ferramenta poderosa para calquera persoa que busque comprender a ra\u00edz dos seus medos, inseguridades ou crenzas limitantes, sen que estas constit\u00faan necesariamente un trastorno psicol\u00f3xico. Na <a href=\"https:\/\/psicopico.com\/conferencia-de-psicologia-deportiva-de-base-en-las-jornadas-tecnicas-de-la-real-federacion-gallega-de-futbol\/\"><strong>psicolox\u00eda deportiva <\/strong><\/a>, por exemplo, axuda aos atletas a identificar as suposici\u00f3ns que xeran ansiedade polo rendemento. Do mesmo xeito, no <strong>coaching executivo <\/strong>e <strong>no desenvolvemento persoal <\/strong>, na orientaci\u00f3n profesional ou educativa ou noutros campos relacionados co malestar subxectivo, util\u00edzase para desentra\u00f1ar as crenzas que impiden que as persoas alcancen os seus obxectivos, mellorando a toma de decisi\u00f3ns e a autoeficacia. Ao identificar estas crenzas ocultas, podemos abordalas de forma proactiva para mellorar o noso rendemento e benestar en m\u00faltiples facetas da vida, m\u00e1is al\u00e1 da sa\u00fade mental. Polo tanto, ademais de ser utilizada por psic\u00f3logos cl\u00ednicos, \u00e9 unha ferramenta valiosa para psic\u00f3logos deportivos, educativos e ocupacionais.<\/p>\n<h2><strong>Como o usas nunha sesi\u00f3n?<\/strong><\/h2>\n<p>A aplicaci\u00f3n da Frecha Descendente na pr\u00e1ctica cl\u00ednica \u00e9 un proceso guiado e colaborativo. O psic\u00f3logo act\u00faa como detective, facendo unha serie de preguntas relacionadas para afondar na cadea de pensamento do paciente. A sesi\u00f3n comeza coa identificaci\u00f3n dun pensamento autom\u00e1tico ou dunha situaci\u00f3n problem\u00e1tica.<\/p>\n<p>As preguntas clave empregadas son variaci\u00f3ns de:<\/p>\n<ul>\n<li>&#8221; <em>Se este pensamento fose certo, que significar\u00eda para ti? <\/em>&#8220;<\/li>\n<li>&#8221; <em>Se isto fose certo, que ser\u00eda o peor que poder\u00eda pasar? <\/em>&#8220;<\/li>\n<li>&#8221; <em>Se este pensamento fose certo, que dir\u00eda de ti? <\/em>&#8220;<\/li>\n<\/ul>\n<p>A medida que o paciente responde, o psic\u00f3logo repite a mesma pregunta, pero agora centr\u00e1ndose na nova resposta, descendendo cada vez m\u00e1is pola xerarqu\u00eda de crenzas. Este proceso rep\u00edtese ata que o paciente non pode ir m\u00e1is lonxe ou a crenza \u00e1 que chegou parece a m\u00e1is fundamental e crible. Como sempre comentamos neste sitio web, <a href=\"https:\/\/psicopico.com\/la-pregunta-como-base-del-desarrollo-del-pensamiento-critico\/\"><strong>a pregunta \u00e9 m\u00e1is importante que a resposta <\/strong><\/a>.<\/p>\n<h3><strong>Exemplo pr\u00e1ctico 1: O medo ao fracaso profesional<\/strong><\/h3>\n<p>Imaxinemos un dese\u00f1ador gr\u00e1fico que se sente abrumado por unha presentaci\u00f3n importante. O seu pensamento inicial \u00e9: &#8221; <em>O meu dese\u00f1o \u00e9 terrible, non poderei convencer o cliente <\/em>&#8220;.<\/p>\n<ul>\n<li><strong><em>Psic\u00f3logo: <\/em><\/strong><em>&#8220;Se o teu dese\u00f1o fose terrible e non convenceses ao cliente, que significar\u00eda iso para ti?&#8221;<\/em><\/li>\n<li><strong><em>Cliente: <\/em><\/strong><em>\u00abSignificar\u00eda que son un mal profesional e que fixen un traballo terrible\u00bb.<\/em><\/li>\n<li><strong><em>Psic\u00f3logo: <\/em><\/strong><em>&#8220;E se foses un mal profesional, que dir\u00eda iso de ti?&#8221;<\/em><\/li>\n<li><strong><em>Cliente: <\/em><\/strong><em>&#8220;Que son incompetente e que o meu \u00e9xito ata o de agora foi pura sorte.&#8221;<\/em><\/li>\n<li><strong><em>Psic\u00f3logo: <\/em><\/strong><em>&#8220;E se fose certo que o teu \u00e9xito \u00e9 s\u00f3 sorte, que pasar\u00eda?&#8221;<\/em><\/li>\n<li><strong><em>Cliente: <\/em><\/strong><em>&#8220;Tarde ou cedo, todo o mundo darase conta de que non son bo nisto e rexeitar\u00e1me.&#8221;<\/em><\/li>\n<\/ul>\n<p>Neste caso, a <strong>crenza central <\/strong>identificada \u00e9 <strong>&#8220;Debo ter \u00e9xito en todo o que fago para ter unha boa opini\u00f3n de min mesma e para ser ben considerada polos demais&#8221; <\/strong>(Fennell, 1989). Esta crenza subxacente, e non o pensamento inicial sobre o dese\u00f1o, \u00e9 o verdadeiro impulsor da s\u00faa ansiedade e o obxectivo principal da intervenci\u00f3n terap\u00e9utica.<\/p>\n<h3><strong>Exemplo pr\u00e1ctico 2: Ansiedade social<\/strong><\/h3>\n<p>Consideremos un paciente que ten medo a falar en p\u00fablico e o seu pensamento autom\u00e1tico \u00e9: &#8221; <em>Voume po\u00f1er vermello e avergo\u00f1ar <\/em>&#8220;.<\/p>\n<ul>\n<li><strong><em>Psic\u00f3logo: <\/em><\/strong><em>&#8220;Se te po\u00f1as vermello, que pasar\u00e1?&#8221;<\/em><\/li>\n<li><strong><em>Cliente: <\/em><\/strong><em>&#8220;Outros notar\u00e1n e rir\u00e1n de min.&#8221;<\/em><\/li>\n<li><strong><em>Psic\u00f3logo: <\/em><\/strong><em>&#8220;E se se rin de ti, que significar\u00eda iso?&#8221;<\/em><\/li>\n<li><strong><em>Cliente: <\/em><\/strong><em>&#8220;Pensar\u00e1n que son parvo e non me tomar\u00e1n en serio&#8221;.<\/em><\/li>\n<li><strong><em>Psic\u00f3logo: <\/em><\/strong><em>&#8220;E se pensan que es est\u00fapido, que dir\u00eda iso de ti?&#8221;<\/em><\/li>\n<li><strong><em>Cliente: <\/em><\/strong><em>&#8220;Que son in\u00fatil e non merezo o teu respecto.&#8221;<\/em><\/li>\n<\/ul>\n<p>A crenza central que se identifica aqu\u00ed \u00e9 <strong>\u00ab <em>Se balbuceo, a xente pensar\u00e1 que son est\u00fapido, o que significa que si o son <\/em>\u00bb <\/strong>(Wells, 1997). Esta suposici\u00f3n \u00e9 o que realmente alimenta o medo a falar en p\u00fablico, non simplemente o rubor.<\/p>\n<p>\u00c9 fundamental que, ao final do exercicio, o terapeuta e o paciente se aseguren de que a crenza final sexa plausible para o paciente. Se se chega a unha conclusi\u00f3n inveros\u00edmil, como &#8220;Acabarei s\u00f3 e pedindo&#8221;, \u00e9 probable que non se identificase a crenza correcta coa que traballar e que sexa necesario refinar o proceso.<\/p>\n<p>&nbsp;<\/p>\n<h3><strong>Exemplo pr\u00e1ctico 3: Presi\u00f3n sobre o rendemento deportivo<\/strong><\/h3>\n<p>Imaxina un xogador de tenis profesional que, a pesar do seu talento, experimenta un bloqueo mental en momentos cruciais do partido. O seu pensamento autom\u00e1tico antes dun punto de partido \u00e9: &#8220;Se fallo este saque, perderei o set&#8221;.<\/p>\n<ul>\n<li><strong>Psic\u00f3logo: <\/strong>&#8220;Se fallas este saque e perdes o set, que significar\u00eda iso para ti?&#8221;<\/li>\n<li><strong>Atleta: <\/strong>&#8220;Non son tan bo como deber\u00eda ser. A xente notar\u00e1 e criticar\u00e1me.&#8221;<\/li>\n<li><strong>Terapeuta: <\/strong>&#8220;E se te critican e se dan conta de que non es tan bo\/a, que implicar\u00eda iso?&#8221;<\/li>\n<li><strong>Atleta: <\/strong>&#8220;Son un impostor. Todo o mundo pensar\u00e1 que cheguei aqu\u00ed por sorte e non por m\u00e9ritos&#8221;.<\/li>\n<li><strong>Terapeuta: <\/strong>&#8220;E se pensasen que eras un fraude, que pasar\u00eda?&#8221;<\/li>\n<li><strong>Atleta: <\/strong>&#8220;A mi\u00f1a carreira rematou. Non ga\u00f1arei m\u00e1is torneos e decepcionarei ao meu equipo e aos meus patrocinadores&#8221;.<\/li>\n<\/ul>\n<p>Neste caso, a <strong>crenza central <\/strong>identificada \u00e9 <strong>&#8220;O meu valor como persoa depende do meu rendemento deportivo e da aprobaci\u00f3n dos demais <\/strong>&#8220;. Esta profunda crenza \u00e9 a que xera a inmensa presi\u00f3n e ansiedade que experimenta o atleta no momento clave, m\u00e1is al\u00e1 do simple medo a fallar un saque.<\/p>\n<p>Polo tanto, <strong>a T\u00e9cnica da Frecha Descendente \u00e9 moito m\u00e1is que unha simple serie de preguntas <\/strong>; \u00e9 unha br\u00faxula que gu\u00eda tanto ao paciente como ao terapeuta ata o n\u00facleo dos problemas, o que permite unha intervenci\u00f3n m\u00e1is profunda e, polo tanto, m\u00e1is eficaz. Nun mundo onde a superficie dos nosos pensamentos a mi\u00fado nos confunde, esta t\u00e9cnica ens\u00ednanos a mirar m\u00e1is al\u00e1 do aparente para atopar as ra\u00edces da nosa incomodidade e, con sorte, curalas.<\/p>\n<h2><strong>Obxectivos da t\u00e9cnica e a s\u00faa relevancia cient\u00edfica<\/strong><\/h2>\n<p>O obxectivo principal da abordaxe Downward Arrow non \u00e9 simplemente descubrir a crenza, sen\u00f3n traela \u00e1 consciencia do paciente. Unha vez que a crenza \u00e9 exposta, pode ser examinada, cuestionada e modificada. Este proceso de <strong>reestruturaci\u00f3n cognitiva <\/strong>\u00e9 o n\u00facleo da TCC. Os obxectivos espec\u00edficos incl\u00faen:<\/p>\n<ol>\n<li><strong>Identificar crenzas desadaptativas: <\/strong>descubrir suposici\u00f3ns e crenzas r\u00edxidas que causan angustia.<\/li>\n<li><strong>Facilitar a reestruturaci\u00f3n cognitiva: <\/strong>unha vez identificadas, estas crenzas poden ser cuestionadas con evidencias, alternativas e perspectivas m\u00e1is realistas e funcionais.<\/li>\n<li><strong>Aumentar a autoconciencia: <\/strong>axudar ao paciente a comprender a conexi\u00f3n entre os seus pensamentos, emoci\u00f3ns e comportamentos.<\/li>\n<\/ol>\n<p>O uso desta t\u00e9cnica conta cun amplo apoio na literatura cient\u00edfica. Un estudo fundamental de <strong>Fennell (1989) <\/strong>sobre a depresi\u00f3n, que cita un exemplo similar ao noso estudo de caso, demostrou como a identificaci\u00f3n de suposici\u00f3ns disfuncionais era clave para o tratamento. M\u00e1is recentemente, a investigaci\u00f3n continuou a explorar a relevancia desta t\u00e9cnica nunha variedade de contextos. Por exemplo, unha revisi\u00f3n bibliogr\u00e1fica de L.L. Wright (2022) no <em>Journal of Rational-Emotive &amp; Cognitive-Behavior Therapy <\/em>analiza como a Frecha descendente, combinada con outras t\u00e9cnicas, segue a ser unha ferramenta fundamental para abordar a ansiedade social e outros trastornos, validando a s\u00faa continua relevancia e base emp\u00edrica.<\/p>\n<h2><strong>Referencias<\/strong><\/h2>\n<ul>\n<li>Fennell, M.J.V. (1989). <em>Unha manipulaci\u00f3n experimental da metacognici\u00f3n: unha proba do modelo metacognitivo dos s\u00edntomas obsesivo-compulsivos <\/em>. Journal of Anxiety Disorders.<\/li>\n<li>Wells, A. (1997). <em>Terapia cognitiva dos trastornos de ansiedade: manual pr\u00e1ctico e gu\u00eda conceptual <\/em>. Wiley.<\/li>\n<\/ul>\n<p>&nbsp;<\/p>\n<p>&nbsp;","protected":false},"excerpt":{"rendered":"<p>Na procura constante de comprender por que pensamos, sentimos e actuamos como o facemos, a psicolox\u00eda ofr\u00e9cenos unha variedade de ferramentas valiosas. Entre elas, a Terapia Cognitivo Conductual (TCC) consolidouse como unha das abordaxes m\u00e1is eficaces e baseadas na evidencia para abordar unha ampla gama de desaf\u00edos psicol\u00f3xicos. Dentro deste marco, as t\u00e9cnicas cognitivas c\u00e9ntranse [&hellip;]<\/p>\n","protected":false},"author":1,"featured_media":10120,"comment_status":"open","ping_status":"open","sticky":false,"template":"","format":"standard","meta":{"_jetpack_memberships_contains_paid_content":false,"_joinchat":[],"footnotes":""},"categories":[546],"tags":[],"class_list":["post-2080","post","type-post","status-publish","format-standard","has-post-thumbnail","hentry","category-profesion"],"yoast_head":"<!-- This site is optimized with the Yoast SEO plugin v27.4 - https:\/\/yoast.com\/product\/yoast-seo-wordpress\/ -->\n<title>Que \u00e9 a T\u00e9cnica da Frecha Descendente? Unha Viaxe \u00e1s Ra\u00edces das S\u00faas Crenzas - PsicoPico<\/title>\n<meta name=\"robots\" content=\"index, follow, max-snippet:-1, max-image-preview:large, max-video-preview:-1\" \/>\n<link rel=\"canonical\" href=\"https:\/\/psicopico.com\/que-es-la-tecnica-de-la-flecha-descendente-un-viaje-a-las-raices-de-tus-creencias\/\" \/>\n<meta property=\"og:locale\" content=\"en_US\" \/>\n<meta property=\"og:type\" content=\"article\" \/>\n<meta property=\"og:title\" content=\"Que \u00e9 a T\u00e9cnica da Frecha Descendente? Unha Viaxe \u00e1s Ra\u00edces das S\u00faas Crenzas - PsicoPico\" \/>\n<meta property=\"og:description\" content=\"Na procura constante de comprender por que pensamos, sentimos e actuamos como o facemos, a psicolox\u00eda ofr\u00e9cenos unha variedade de ferramentas valiosas. Entre elas, a Terapia Cognitivo Conductual (TCC) consolidouse como unha das abordaxes m\u00e1is eficaces e baseadas na evidencia para abordar unha ampla gama de desaf\u00edos psicol\u00f3xicos. Dentro deste marco, as t\u00e9cnicas cognitivas c\u00e9ntranse [&hellip;]\" \/>\n<meta property=\"og:url\" content=\"https:\/\/psicopico.com\/que-es-la-tecnica-de-la-flecha-descendente-un-viaje-a-las-raices-de-tus-creencias\/\" \/>\n<meta property=\"og:site_name\" content=\"PsicoPico\" \/>\n<meta property=\"article:publisher\" content=\"https:\/\/es-la.facebook.com\/psicopicopsicologia\/\" \/>\n<meta property=\"article:author\" content=\"https:\/\/www.facebook.com\/psicopicopsicologia\/\" \/>\n<meta property=\"article:published_time\" content=\"2025-09-24T11:01:56+00:00\" \/>\n<meta property=\"article:modified_time\" content=\"2025-09-24T14:51:02+00:00\" \/>\n<meta property=\"og:image\" content=\"https:\/\/psicopico.com\/wp-content\/uploads\/2025\/09\/flecha-descendente.jpg\" \/>\n\t<meta property=\"og:image:width\" content=\"1080\" \/>\n\t<meta property=\"og:image:height\" content=\"630\" \/>\n\t<meta property=\"og:image:type\" content=\"image\/jpeg\" \/>\n<meta name=\"author\" content=\"Iv\u00e1n Pico\" \/>\n<meta name=\"twitter:card\" content=\"summary_large_image\" \/>\n<meta name=\"twitter:creator\" content=\"@psicopico\" \/>\n<meta name=\"twitter:site\" content=\"@psicopico\" \/>\n<meta name=\"twitter:label1\" content=\"Written by\" \/>\n\t<meta name=\"twitter:data1\" content=\"Iv\u00e1n Pico\" \/>\n\t<meta name=\"twitter:label2\" content=\"Est. reading time\" \/>\n\t<meta name=\"twitter:data2\" content=\"8 minutes\" \/>\n<script type=\"application\/ld+json\" class=\"yoast-schema-graph\">{\"@context\":\"https:\\\/\\\/schema.org\",\"@graph\":[{\"@type\":\"Article\",\"@id\":\"https:\\\/\\\/psicopico.com\\\/que-es-la-tecnica-de-la-flecha-descendente-un-viaje-a-las-raices-de-tus-creencias\\\/#article\",\"isPartOf\":{\"@id\":\"https:\\\/\\\/psicopico.com\\\/que-es-la-tecnica-de-la-flecha-descendente-un-viaje-a-las-raices-de-tus-creencias\\\/\"},\"author\":{\"name\":\"Iv\u00e1n Pico\",\"@id\":\"https:\\\/\\\/psicopico.com\\\/#\\\/schema\\\/person\\\/e90a6b8840bf0a67abfaa95093cbda44\"},\"headline\":\"Que \u00e9 a T\u00e9cnica da Frecha Descendente? Unha Viaxe \u00e1s Ra\u00edces das S\u00faas Crenzas\",\"datePublished\":\"2025-09-24T11:01:56+00:00\",\"dateModified\":\"2025-09-24T14:51:02+00:00\",\"mainEntityOfPage\":{\"@id\":\"https:\\\/\\\/psicopico.com\\\/que-es-la-tecnica-de-la-flecha-descendente-un-viaje-a-las-raices-de-tus-creencias\\\/\"},\"wordCount\":4660,\"commentCount\":0,\"publisher\":{\"@id\":\"https:\\\/\\\/psicopico.com\\\/#organization\"},\"image\":{\"@id\":\"https:\\\/\\\/psicopico.com\\\/que-es-la-tecnica-de-la-flecha-descendente-un-viaje-a-las-raices-de-tus-creencias\\\/#primaryimage\"},\"thumbnailUrl\":\"https:\\\/\\\/i0.wp.com\\\/psicopico.com\\\/wp-content\\\/uploads\\\/2025\\\/09\\\/flecha-descendente.jpg?fit=1080%2C630&ssl=1\",\"articleSection\":[\"Profesi\u00f3n\"],\"inLanguage\":\"gal-GAL\",\"potentialAction\":[{\"@type\":\"CommentAction\",\"name\":\"Comment\",\"target\":[\"https:\\\/\\\/psicopico.com\\\/que-es-la-tecnica-de-la-flecha-descendente-un-viaje-a-las-raices-de-tus-creencias\\\/#respond\"]}]},{\"@type\":[\"WebPage\",\"ItemPage\"],\"@id\":\"https:\\\/\\\/psicopico.com\\\/que-es-la-tecnica-de-la-flecha-descendente-un-viaje-a-las-raices-de-tus-creencias\\\/\",\"url\":\"https:\\\/\\\/psicopico.com\\\/que-es-la-tecnica-de-la-flecha-descendente-un-viaje-a-las-raices-de-tus-creencias\\\/\",\"name\":\"Que \u00e9 a T\u00e9cnica da Frecha Descendente? Unha Viaxe \u00e1s Ra\u00edces das S\u00faas Crenzas - PsicoPico\",\"isPartOf\":{\"@id\":\"https:\\\/\\\/psicopico.com\\\/#website\"},\"primaryImageOfPage\":{\"@id\":\"https:\\\/\\\/psicopico.com\\\/que-es-la-tecnica-de-la-flecha-descendente-un-viaje-a-las-raices-de-tus-creencias\\\/#primaryimage\"},\"image\":{\"@id\":\"https:\\\/\\\/psicopico.com\\\/que-es-la-tecnica-de-la-flecha-descendente-un-viaje-a-las-raices-de-tus-creencias\\\/#primaryimage\"},\"thumbnailUrl\":\"https:\\\/\\\/i0.wp.com\\\/psicopico.com\\\/wp-content\\\/uploads\\\/2025\\\/09\\\/flecha-descendente.jpg?fit=1080%2C630&ssl=1\",\"datePublished\":\"2025-09-24T11:01:56+00:00\",\"dateModified\":\"2025-09-24T14:51:02+00:00\",\"breadcrumb\":{\"@id\":\"https:\\\/\\\/psicopico.com\\\/que-es-la-tecnica-de-la-flecha-descendente-un-viaje-a-las-raices-de-tus-creencias\\\/#breadcrumb\"},\"inLanguage\":\"gal-GAL\",\"potentialAction\":[{\"@type\":\"ReadAction\",\"target\":[\"https:\\\/\\\/psicopico.com\\\/que-es-la-tecnica-de-la-flecha-descendente-un-viaje-a-las-raices-de-tus-creencias\\\/\"]}]},{\"@type\":\"ImageObject\",\"inLanguage\":\"gal-GAL\",\"@id\":\"https:\\\/\\\/psicopico.com\\\/que-es-la-tecnica-de-la-flecha-descendente-un-viaje-a-las-raices-de-tus-creencias\\\/#primaryimage\",\"url\":\"https:\\\/\\\/i0.wp.com\\\/psicopico.com\\\/wp-content\\\/uploads\\\/2025\\\/09\\\/flecha-descendente.jpg?fit=1080%2C630&ssl=1\",\"contentUrl\":\"https:\\\/\\\/i0.wp.com\\\/psicopico.com\\\/wp-content\\\/uploads\\\/2025\\\/09\\\/flecha-descendente.jpg?fit=1080%2C630&ssl=1\",\"width\":1080,\"height\":630,\"caption\":\"flecha descendente\"},{\"@type\":\"BreadcrumbList\",\"@id\":\"https:\\\/\\\/psicopico.com\\\/que-es-la-tecnica-de-la-flecha-descendente-un-viaje-a-las-raices-de-tus-creencias\\\/#breadcrumb\",\"itemListElement\":[{\"@type\":\"ListItem\",\"position\":1,\"name\":\"Inicio\",\"item\":\"https:\\\/\\\/psicopico.com\\\/\"},{\"@type\":\"ListItem\",\"position\":2,\"name\":\"\u00bfQu\u00e9 es la T\u00e9cnica de la Flecha Descendente? Un Viaje a las Ra\u00edces de tus Creencias\"}]},{\"@type\":\"WebSite\",\"@id\":\"https:\\\/\\\/psicopico.com\\\/#website\",\"url\":\"https:\\\/\\\/psicopico.com\\\/\",\"name\":\"PsicoPico\",\"description\":\"Psicopico - Psicolox\u00eda Online por Iv\u00e1n Pico\",\"publisher\":{\"@id\":\"https:\\\/\\\/psicopico.com\\\/#organization\"},\"potentialAction\":[{\"@type\":\"SearchAction\",\"target\":{\"@type\":\"EntryPoint\",\"urlTemplate\":\"https:\\\/\\\/psicopico.com\\\/?s={search_term_string}\"},\"query-input\":{\"@type\":\"PropertyValueSpecification\",\"valueRequired\":true,\"valueName\":\"search_term_string\"}}],\"inLanguage\":\"gal-GAL\"},{\"@type\":\"Organization\",\"@id\":\"https:\\\/\\\/psicopico.com\\\/#organization\",\"name\":\"Psicopico\",\"url\":\"https:\\\/\\\/psicopico.com\\\/\",\"logo\":{\"@type\":\"ImageObject\",\"inLanguage\":\"gal-GAL\",\"@id\":\"https:\\\/\\\/psicopico.com\\\/#\\\/schema\\\/logo\\\/image\\\/\",\"url\":\"https:\\\/\\\/i0.wp.com\\\/psicopico.com\\\/wp-content\\\/uploads\\\/2015\\\/12\\\/logowebpsicopico.png?fit=377%2C113&ssl=1\",\"contentUrl\":\"https:\\\/\\\/i0.wp.com\\\/psicopico.com\\\/wp-content\\\/uploads\\\/2015\\\/12\\\/logowebpsicopico.png?fit=377%2C113&ssl=1\",\"width\":\"377\",\"height\":\"113\",\"caption\":\"Psicopico\"},\"image\":{\"@id\":\"https:\\\/\\\/psicopico.com\\\/#\\\/schema\\\/logo\\\/image\\\/\"},\"sameAs\":[\"https:\\\/\\\/es-la.facebook.com\\\/psicopicopsicologia\\\/\",\"https:\\\/\\\/x.com\\\/psicopico\",\"https:\\\/\\\/instagram.com\\\/psicopico\",\"https:\\\/\\\/es.linkedin.com\\\/in\\\/iv\u00e1n-pico-mart\u00ednez-5bb46873\",\"https:\\\/\\\/www.pinterest.es\\\/psicopico\\\/\",\"https:\\\/\\\/www.youtube.com\\\/channel\\\/UCwM4gAydCyOv_3sBkqVb74Q\"]},{\"@type\":\"Person\",\"@id\":\"https:\\\/\\\/psicopico.com\\\/#\\\/schema\\\/person\\\/e90a6b8840bf0a67abfaa95093cbda44\",\"name\":\"Iv\u00e1n Pico\",\"image\":{\"@type\":\"ImageObject\",\"inLanguage\":\"gal-GAL\",\"@id\":\"https:\\\/\\\/secure.gravatar.com\\\/avatar\\\/db757e40cd044bc752196ef8f9c1ed3c3c79321f8c82624947f51448030b8af1?s=96&d=mm&r=g\",\"url\":\"https:\\\/\\\/secure.gravatar.com\\\/avatar\\\/db757e40cd044bc752196ef8f9c1ed3c3c79321f8c82624947f51448030b8af1?s=96&d=mm&r=g\",\"contentUrl\":\"https:\\\/\\\/secure.gravatar.com\\\/avatar\\\/db757e40cd044bc752196ef8f9c1ed3c3c79321f8c82624947f51448030b8af1?s=96&d=mm&r=g\",\"caption\":\"Iv\u00e1n Pico\"},\"description\":\"Director y creador de Psicopico.com. Psic\u00f3logo Colegiado G-5480. Graduado en Psicolog\u00eda. Diplomado en Ciencias Empresariales y M\u00e1ster en Orientaci\u00f3n Profesional. M\u00e1ster en Psicolog\u00eda del Trabajo y Organizaciones. Posgrado en Psicolog\u00eda del Deporte y Entrenador Profesional de Futsal Nivel 3. Visita la secci\u00f3n \\\"Sobre m\u00ed\\\"para saber m\u00e1s. \u00bfQuieres una consulta personalizada? \u00a1Contacta conmigo en https:\\\/\\\/ivanpico.es\\\/!\",\"sameAs\":[\"https:\\\/\\\/www.psicopico.com\",\"https:\\\/\\\/www.facebook.com\\\/psicopicopsicologia\\\/\",\"https:\\\/\\\/www.instagram.com\\\/psicopico\\\/\",\"https:\\\/\\\/www.linkedin.com\\\/in\\\/ivan-pico-martinez\",\"https:\\\/\\\/x.com\\\/psicopico\",\"https:\\\/\\\/www.youtube.com\\\/channel\\\/UCwM4gAydCyOv_3sBkqVb74Q\"],\"url\":\"https:\\\/\\\/psicopico.com\\\/gl\\\/author\\\/ivan-pico-psicologo-lugo\\\/\"}]}<\/script>\n<!-- \/ Yoast SEO plugin. -->","yoast_head_json":{"title":"Que \u00e9 a T\u00e9cnica da Frecha Descendente? Unha Viaxe \u00e1s Ra\u00edces das S\u00faas Crenzas - PsicoPico","robots":{"index":"index","follow":"follow","max-snippet":"max-snippet:-1","max-image-preview":"max-image-preview:large","max-video-preview":"max-video-preview:-1"},"canonical":"https:\/\/psicopico.com\/que-es-la-tecnica-de-la-flecha-descendente-un-viaje-a-las-raices-de-tus-creencias\/","og_locale":"en_US","og_type":"article","og_title":"Que \u00e9 a T\u00e9cnica da Frecha Descendente? Unha Viaxe \u00e1s Ra\u00edces das S\u00faas Crenzas - PsicoPico","og_description":"Na procura constante de comprender por que pensamos, sentimos e actuamos como o facemos, a psicolox\u00eda ofr\u00e9cenos unha variedade de ferramentas valiosas. Entre elas, a Terapia Cognitivo Conductual (TCC) consolidouse como unha das abordaxes m\u00e1is eficaces e baseadas na evidencia para abordar unha ampla gama de desaf\u00edos psicol\u00f3xicos. Dentro deste marco, as t\u00e9cnicas cognitivas c\u00e9ntranse [&hellip;]","og_url":"https:\/\/psicopico.com\/que-es-la-tecnica-de-la-flecha-descendente-un-viaje-a-las-raices-de-tus-creencias\/","og_site_name":"PsicoPico","article_publisher":"https:\/\/es-la.facebook.com\/psicopicopsicologia\/","article_author":"https:\/\/www.facebook.com\/psicopicopsicologia\/","article_published_time":"2025-09-24T11:01:56+00:00","article_modified_time":"2025-09-24T14:51:02+00:00","og_image":[{"width":1080,"height":630,"url":"https:\/\/psicopico.com\/wp-content\/uploads\/2025\/09\/flecha-descendente.jpg","type":"image\/jpeg"}],"author":"Iv\u00e1n Pico","twitter_card":"summary_large_image","twitter_creator":"@psicopico","twitter_site":"@psicopico","twitter_misc":{"Written by":"Iv\u00e1n Pico","Est. reading time":"8 minutes"},"schema":{"@context":"https:\/\/schema.org","@graph":[{"@type":"Article","@id":"https:\/\/psicopico.com\/que-es-la-tecnica-de-la-flecha-descendente-un-viaje-a-las-raices-de-tus-creencias\/#article","isPartOf":{"@id":"https:\/\/psicopico.com\/que-es-la-tecnica-de-la-flecha-descendente-un-viaje-a-las-raices-de-tus-creencias\/"},"author":{"name":"Iv\u00e1n Pico","@id":"https:\/\/psicopico.com\/#\/schema\/person\/e90a6b8840bf0a67abfaa95093cbda44"},"headline":"Que \u00e9 a T\u00e9cnica da Frecha Descendente? Unha Viaxe \u00e1s Ra\u00edces das S\u00faas Crenzas","datePublished":"2025-09-24T11:01:56+00:00","dateModified":"2025-09-24T14:51:02+00:00","mainEntityOfPage":{"@id":"https:\/\/psicopico.com\/que-es-la-tecnica-de-la-flecha-descendente-un-viaje-a-las-raices-de-tus-creencias\/"},"wordCount":4660,"commentCount":0,"publisher":{"@id":"https:\/\/psicopico.com\/#organization"},"image":{"@id":"https:\/\/psicopico.com\/que-es-la-tecnica-de-la-flecha-descendente-un-viaje-a-las-raices-de-tus-creencias\/#primaryimage"},"thumbnailUrl":"https:\/\/i0.wp.com\/psicopico.com\/wp-content\/uploads\/2025\/09\/flecha-descendente.jpg?fit=1080%2C630&ssl=1","articleSection":["Profesi\u00f3n"],"inLanguage":"gal-GAL","potentialAction":[{"@type":"CommentAction","name":"Comment","target":["https:\/\/psicopico.com\/que-es-la-tecnica-de-la-flecha-descendente-un-viaje-a-las-raices-de-tus-creencias\/#respond"]}]},{"@type":["WebPage","ItemPage"],"@id":"https:\/\/psicopico.com\/que-es-la-tecnica-de-la-flecha-descendente-un-viaje-a-las-raices-de-tus-creencias\/","url":"https:\/\/psicopico.com\/que-es-la-tecnica-de-la-flecha-descendente-un-viaje-a-las-raices-de-tus-creencias\/","name":"Que \u00e9 a T\u00e9cnica da Frecha Descendente? Unha Viaxe \u00e1s Ra\u00edces das S\u00faas Crenzas - PsicoPico","isPartOf":{"@id":"https:\/\/psicopico.com\/#website"},"primaryImageOfPage":{"@id":"https:\/\/psicopico.com\/que-es-la-tecnica-de-la-flecha-descendente-un-viaje-a-las-raices-de-tus-creencias\/#primaryimage"},"image":{"@id":"https:\/\/psicopico.com\/que-es-la-tecnica-de-la-flecha-descendente-un-viaje-a-las-raices-de-tus-creencias\/#primaryimage"},"thumbnailUrl":"https:\/\/i0.wp.com\/psicopico.com\/wp-content\/uploads\/2025\/09\/flecha-descendente.jpg?fit=1080%2C630&ssl=1","datePublished":"2025-09-24T11:01:56+00:00","dateModified":"2025-09-24T14:51:02+00:00","breadcrumb":{"@id":"https:\/\/psicopico.com\/que-es-la-tecnica-de-la-flecha-descendente-un-viaje-a-las-raices-de-tus-creencias\/#breadcrumb"},"inLanguage":"gal-GAL","potentialAction":[{"@type":"ReadAction","target":["https:\/\/psicopico.com\/que-es-la-tecnica-de-la-flecha-descendente-un-viaje-a-las-raices-de-tus-creencias\/"]}]},{"@type":"ImageObject","inLanguage":"gal-GAL","@id":"https:\/\/psicopico.com\/que-es-la-tecnica-de-la-flecha-descendente-un-viaje-a-las-raices-de-tus-creencias\/#primaryimage","url":"https:\/\/i0.wp.com\/psicopico.com\/wp-content\/uploads\/2025\/09\/flecha-descendente.jpg?fit=1080%2C630&ssl=1","contentUrl":"https:\/\/i0.wp.com\/psicopico.com\/wp-content\/uploads\/2025\/09\/flecha-descendente.jpg?fit=1080%2C630&ssl=1","width":1080,"height":630,"caption":"flecha descendente"},{"@type":"BreadcrumbList","@id":"https:\/\/psicopico.com\/que-es-la-tecnica-de-la-flecha-descendente-un-viaje-a-las-raices-de-tus-creencias\/#breadcrumb","itemListElement":[{"@type":"ListItem","position":1,"name":"Inicio","item":"https:\/\/psicopico.com\/"},{"@type":"ListItem","position":2,"name":"\u00bfQu\u00e9 es la T\u00e9cnica de la Flecha Descendente? Un Viaje a las Ra\u00edces de tus Creencias"}]},{"@type":"WebSite","@id":"https:\/\/psicopico.com\/#website","url":"https:\/\/psicopico.com\/","name":"PsicoPico","description":"Psicopico - Psicolox\u00eda Online por Iv\u00e1n Pico","publisher":{"@id":"https:\/\/psicopico.com\/#organization"},"potentialAction":[{"@type":"SearchAction","target":{"@type":"EntryPoint","urlTemplate":"https:\/\/psicopico.com\/?s={search_term_string}"},"query-input":{"@type":"PropertyValueSpecification","valueRequired":true,"valueName":"search_term_string"}}],"inLanguage":"gal-GAL"},{"@type":"Organization","@id":"https:\/\/psicopico.com\/#organization","name":"Psicopico","url":"https:\/\/psicopico.com\/","logo":{"@type":"ImageObject","inLanguage":"gal-GAL","@id":"https:\/\/psicopico.com\/#\/schema\/logo\/image\/","url":"https:\/\/i0.wp.com\/psicopico.com\/wp-content\/uploads\/2015\/12\/logowebpsicopico.png?fit=377%2C113&ssl=1","contentUrl":"https:\/\/i0.wp.com\/psicopico.com\/wp-content\/uploads\/2015\/12\/logowebpsicopico.png?fit=377%2C113&ssl=1","width":"377","height":"113","caption":"Psicopico"},"image":{"@id":"https:\/\/psicopico.com\/#\/schema\/logo\/image\/"},"sameAs":["https:\/\/es-la.facebook.com\/psicopicopsicologia\/","https:\/\/x.com\/psicopico","https:\/\/instagram.com\/psicopico","https:\/\/es.linkedin.com\/in\/iv\u00e1n-pico-mart\u00ednez-5bb46873","https:\/\/www.pinterest.es\/psicopico\/","https:\/\/www.youtube.com\/channel\/UCwM4gAydCyOv_3sBkqVb74Q"]},{"@type":"Person","@id":"https:\/\/psicopico.com\/#\/schema\/person\/e90a6b8840bf0a67abfaa95093cbda44","name":"Iv\u00e1n Pico","image":{"@type":"ImageObject","inLanguage":"gal-GAL","@id":"https:\/\/secure.gravatar.com\/avatar\/db757e40cd044bc752196ef8f9c1ed3c3c79321f8c82624947f51448030b8af1?s=96&d=mm&r=g","url":"https:\/\/secure.gravatar.com\/avatar\/db757e40cd044bc752196ef8f9c1ed3c3c79321f8c82624947f51448030b8af1?s=96&d=mm&r=g","contentUrl":"https:\/\/secure.gravatar.com\/avatar\/db757e40cd044bc752196ef8f9c1ed3c3c79321f8c82624947f51448030b8af1?s=96&d=mm&r=g","caption":"Iv\u00e1n Pico"},"description":"Director y creador de Psicopico.com. Psic\u00f3logo Colegiado G-5480. Graduado en Psicolog\u00eda. Diplomado en Ciencias Empresariales y M\u00e1ster en Orientaci\u00f3n Profesional. M\u00e1ster en Psicolog\u00eda del Trabajo y Organizaciones. Posgrado en Psicolog\u00eda del Deporte y Entrenador Profesional de Futsal Nivel 3. Visita la secci\u00f3n \"Sobre m\u00ed\"para saber m\u00e1s. \u00bfQuieres una consulta personalizada? \u00a1Contacta conmigo en https:\/\/ivanpico.es\/!","sameAs":["https:\/\/www.psicopico.com","https:\/\/www.facebook.com\/psicopicopsicologia\/","https:\/\/www.instagram.com\/psicopico\/","https:\/\/www.linkedin.com\/in\/ivan-pico-martinez","https:\/\/x.com\/psicopico","https:\/\/www.youtube.com\/channel\/UCwM4gAydCyOv_3sBkqVb74Q"],"url":"https:\/\/psicopico.com\/gl\/author\/ivan-pico-psicologo-lugo\/"}]}},"jetpack_featured_media_url":"https:\/\/i0.wp.com\/psicopico.com\/wp-content\/uploads\/2025\/09\/flecha-descendente.jpg?fit=1080%2C630&ssl=1","jetpack_shortlink":"https:\/\/wp.me\/p6Zx58-xy","jetpack_sharing_enabled":true,"_links":{"self":[{"href":"https:\/\/psicopico.com\/gl\/wp-json\/wp\/v2\/posts\/2080","targetHints":{"allow":["GET"]}}],"collection":[{"href":"https:\/\/psicopico.com\/gl\/wp-json\/wp\/v2\/posts"}],"about":[{"href":"https:\/\/psicopico.com\/gl\/wp-json\/wp\/v2\/types\/post"}],"author":[{"embeddable":true,"href":"https:\/\/psicopico.com\/gl\/wp-json\/wp\/v2\/users\/1"}],"replies":[{"embeddable":true,"href":"https:\/\/psicopico.com\/gl\/wp-json\/wp\/v2\/comments?post=2080"}],"version-history":[{"count":0,"href":"https:\/\/psicopico.com\/gl\/wp-json\/wp\/v2\/posts\/2080\/revisions"}],"wp:featuredmedia":[{"embeddable":true,"href":"https:\/\/psicopico.com\/gl\/wp-json\/wp\/v2\/media\/10120"}],"wp:attachment":[{"href":"https:\/\/psicopico.com\/gl\/wp-json\/wp\/v2\/media?parent=2080"}],"wp:term":[{"taxonomy":"category","embeddable":true,"href":"https:\/\/psicopico.com\/gl\/wp-json\/wp\/v2\/categories?post=2080"},{"taxonomy":"post_tag","embeddable":true,"href":"https:\/\/psicopico.com\/gl\/wp-json\/wp\/v2\/tags?post=2080"}],"curies":[{"name":"wp","href":"https:\/\/api.w.org\/{rel}","templated":true}]}}