{"id":1661,"date":"2016-03-21T20:52:04","date_gmt":"2016-03-21T19:52:04","guid":{"rendered":"http:\/\/psicopico.com\/?p=1661"},"modified":"2020-05-20T20:05:47","modified_gmt":"2020-05-20T19:05:47","slug":"la-patrulla-canina-iii-psicologia-los-colores-razas-los-cachorros","status":"publish","type":"post","link":"https:\/\/psicopico.com\/gl\/la-patrulla-canina-iii-psicologia-los-colores-razas-los-cachorros\/","title":{"rendered":"(Espa\u00f1ol) Psicolog\u00eda de los colores y personalidad de los cachorros de la Patrulla Canina"},"content":{"rendered":"<p class=\"qtranxs-available-languages-message qtranxs-available-languages-message-gl\">Esta noticia non est\u00e1 dispo\u00f1ible en galego...sent\u00edmolo. Proba en castel\u00e1n. Apertas! For the sake of viewer convenience, the content is shown below in this site default language. You may click one of the links to switch the site language to another available language.<\/p><p style=\"text-align: justify;\"><strong>\u00bfHan acertado en la elecci\u00f3n de los colores y razas de cachorros de la Patrulla de Cachorros?<\/strong> S\u00ed, y no por suerte, estoy seguro de que las decisiones se han estudiado y meditado.<\/p>\n<p style=\"text-align: justify;\">Como hemos dicho, los colores son importantes para captar la atenci\u00f3n de los ni\u00f1os y los adultos. Tambi\u00e9n ayudan a elegir el personaje favorito y se identifican con \u00e9l. Por ejemplo, todas las ni\u00f1as son <strong>Skye<\/strong>, su uniforme es de color rosa, una chica y vuela, \u00bfque\u00a0hay algo mejor? Con la llegada a\u00a0la patrulla de <strong>Everest<\/strong> le ha salido una competidora clara, pero no es rosa.<\/p>\n<p style=\"text-align: justify;\"><span style=\"font-size: 10pt;\">&gt;&gt; Art\u00edculo relacionado: <a href=\"https:\/\/psicopico.com\/infografia-la-importancia-los-colores-la-marca-empresa\/\">La importancia de los colores en la marca de tu empresa [Infograf\u00eda]<\/a><\/span><\/p>\n<p style=\"text-align: justify;\">Intentar\u00e9\u00a0analizar si las personalidades de los cachorros est\u00e1n bien relacionados con los colores, como lo hice ya en el post sobre<strong> <a href=\"https:\/\/psicopico.com\/emociones-para-todos-los-publicos-inside-out\/\">Inside Out<\/a><\/strong>, y no s\u00f3lo eso, sino que el an\u00e1lisis de la composici\u00f3n de cada uno de los perros protagonistas. De hecho, en cuanto a las razas, las elegidas son todas raza que se dan bien en la crianza con ni\u00f1os y les gustan a \u00e9stos, es probable que les apetezca tenerlos de mascota. No descarto\u00a0que las ventas hayan\u00a0subido y espero que la adopci\u00f3n de los perros con estas caracter\u00edsticas tambi\u00e9n. Empecemos.<\/p>\n<h1>Personalidad de la Patrulla Canina por sus colores.<\/h1>\n<figure id=\"attachment_1665\" aria-describedby=\"caption-attachment-1665\" style=\"width: 149px\" class=\"wp-caption alignleft\"><img data-recalc-dims=\"1\" loading=\"lazy\" decoding=\"async\" class=\"wp-image-1665 \" src=\"https:\/\/i0.wp.com\/psicopico.com\/wp-content\/uploads\/2016\/03\/chase.jpg?resize=149%2C191&#038;ssl=1\" alt=\"Chase\" width=\"149\" height=\"191\" srcset=\"https:\/\/i0.wp.com\/psicopico.com\/wp-content\/uploads\/2016\/03\/chase.jpg?resize=234%2C300&amp;ssl=1 234w, https:\/\/i0.wp.com\/psicopico.com\/wp-content\/uploads\/2016\/03\/chase.jpg?resize=768%2C986&amp;ssl=1 768w, https:\/\/i0.wp.com\/psicopico.com\/wp-content\/uploads\/2016\/03\/chase.jpg?resize=797%2C1024&amp;ssl=1 797w, https:\/\/i0.wp.com\/psicopico.com\/wp-content\/uploads\/2016\/03\/chase.jpg?w=827&amp;ssl=1 827w\" sizes=\"auto, (max-width: 149px) 100vw, 149px\" \/><figcaption id=\"caption-attachment-1665\" class=\"wp-caption-text\">Chase<\/figcaption><\/figure>\n<p style=\"text-align: justify;\"><span style=\"color: #0000ff;\"><strong>Chase<\/strong><\/span><\/p>\n<p style=\"text-align: justify;\">Color: azul.<\/p>\n<p style=\"text-align: justify;\">Raza: pastor alem\u00e1n.<\/p>\n<p style=\"text-align: justify;\">Chase\u00a0tiene un uniforme azul\u00a0de polic\u00eda y act\u00faa como protector seg\u00fan lo sugerido tambi\u00e9n por el color azul en todos los aspectos de la vida. Puedes\u00a0hacer una b\u00fasqueda de las compa\u00f1\u00edas de seguros y ver la cantidad de im\u00e1genes de <a href=\"https:\/\/www.google.es\/search?q=azul&amp;source=lnms&amp;tbm=isch&amp;sa=X&amp;ved=0ahUKEwikxpCl9eXLAhUJWhQKHQUoCuIQ_AUIBygB&amp;biw=1366&amp;bih=667#tbm=isch&amp;q=compa%C3%B1%C3%ADa+de+seguros\">Google <\/a>con tonos azules. El azul representa la paz, la confianza y la seguridad y es un color un poco fr\u00edo, como Chase, y suele ser el favorito de los hombres, al igual que los ni\u00f1os preferieren a Chase. Es el l\u00edder de los cachorros.<\/p>\n<p style=\"text-align: justify;\">Por si fuera poco, se han hecho hincapi\u00e9 en su faceta protectora con la raza de pastor alem\u00e1n, que es el t\u00edpico perro polic\u00eda.<\/p>\n<figure id=\"attachment_1670\" aria-describedby=\"caption-attachment-1670\" style=\"width: 129px\" class=\"wp-caption alignleft\"><img data-recalc-dims=\"1\" loading=\"lazy\" decoding=\"async\" class=\"wp-image-1670 \" src=\"https:\/\/i0.wp.com\/psicopico.com\/wp-content\/uploads\/2016\/03\/skye.jpg?resize=129%2C180&#038;ssl=1\" alt=\"Skye\" width=\"129\" height=\"180\" srcset=\"https:\/\/i0.wp.com\/psicopico.com\/wp-content\/uploads\/2016\/03\/skye.jpg?resize=215%2C300&amp;ssl=1 215w, https:\/\/i0.wp.com\/psicopico.com\/wp-content\/uploads\/2016\/03\/skye.jpg?resize=768%2C1073&amp;ssl=1 768w, https:\/\/i0.wp.com\/psicopico.com\/wp-content\/uploads\/2016\/03\/skye.jpg?resize=733%2C1024&amp;ssl=1 733w, https:\/\/i0.wp.com\/psicopico.com\/wp-content\/uploads\/2016\/03\/skye.jpg?w=812&amp;ssl=1 812w\" sizes=\"auto, (max-width: 129px) 100vw, 129px\" \/><figcaption id=\"caption-attachment-1670\" class=\"wp-caption-text\">Skye<\/figcaption><\/figure>\n<p style=\"text-align: justify;\"><span style=\"color: #ff00ff;\"><strong>Skye<\/strong><\/span><\/p>\n<p style=\"text-align: justify;\">Color: Rosa<\/p>\n<p style=\"text-align: justify;\">Raza: Cockapoo (cruce de caniche y cocker spaniel)<\/p>\n<p style=\"text-align: justify;\">Skye vuela en su\u00a0helic\u00f3ptero y es un cachorro que se mete en problemas mil uno, que en mi opini\u00f3n podr\u00eda sugerir un grado de inmadurez. dicen los expertos que el rosa denota una cierta inmadurez, aunque no comparto esto\u00a0demasiado. Sin embargo, este color refleja la m\u00e1s alta sensibilidad de las ni\u00f1as y un esp\u00edritu de sacrificio por encima de lo normal. Tambi\u00e9n denota el amor incondicional, as\u00ed que quiz\u00e1s han hecho a Skye tan alegre y amiga de sus amigos.<\/p>\n<p style=\"text-align: justify;\">La perro de raza elegida, cockapoo (no sab\u00eda que hab\u00eda esta carrera), mezcla del poodle\u00a0(no sab\u00eda que exist\u00edan) y un cocker spaniel. Dicen que por lo general son perros muy hiperactivos y la verdad es que es Skye lo es.<\/p>\n<figure id=\"attachment_1668\" aria-describedby=\"caption-attachment-1668\" style=\"width: 142px\" class=\"wp-caption alignleft\"><img data-recalc-dims=\"1\" loading=\"lazy\" decoding=\"async\" class=\"wp-image-1668 \" src=\"https:\/\/i0.wp.com\/psicopico.com\/wp-content\/uploads\/2016\/03\/rocky.jpg?resize=142%2C208&#038;ssl=1\" alt=\"Rocky\" width=\"142\" height=\"208\" srcset=\"https:\/\/i0.wp.com\/psicopico.com\/wp-content\/uploads\/2016\/03\/rocky.jpg?resize=205%2C300&amp;ssl=1 205w, https:\/\/i0.wp.com\/psicopico.com\/wp-content\/uploads\/2016\/03\/rocky.jpg?resize=768%2C1124&amp;ssl=1 768w, https:\/\/i0.wp.com\/psicopico.com\/wp-content\/uploads\/2016\/03\/rocky.jpg?resize=700%2C1024&amp;ssl=1 700w, https:\/\/i0.wp.com\/psicopico.com\/wp-content\/uploads\/2016\/03\/rocky.jpg?w=898&amp;ssl=1 898w\" sizes=\"auto, (max-width: 142px) 100vw, 142px\" \/><figcaption id=\"caption-attachment-1668\" class=\"wp-caption-text\">Rocky<\/figcaption><\/figure>\n<p style=\"text-align: justify;\"><strong><span style=\"color: #008000;\">Rocky<\/span><\/strong><\/p>\n<p style=\"text-align: justify;\">Color: verde<\/p>\n<p style=\"text-align: justify;\">Raza: Pastor Australiano.<\/p>\n<p style=\"text-align: justify;\">Bueno, esto est\u00e1 claro. Es un perro que se dedica a reciclar cosas y utilizarlas para cualquier prop\u00f3sito de la patrulla. El verde es el color de la naturaleza, la salud y la tranquilidad. Tambi\u00e9n implica \u00e9xito. La elecci\u00f3n de raza mixta es probable que sea tambi\u00e9n debido a que la madre naturaleza se abre camino para su supervivencia donde le dejen.<\/p>\n<figure id=\"attachment_1667\" aria-describedby=\"caption-attachment-1667\" style=\"width: 129px\" class=\"wp-caption alignleft\"><img data-recalc-dims=\"1\" loading=\"lazy\" decoding=\"async\" class=\"wp-image-1667 \" src=\"https:\/\/i0.wp.com\/psicopico.com\/wp-content\/uploads\/2016\/03\/rubbel.jpg?resize=129%2C202&#038;ssl=1\" alt=\"Rubbel\" width=\"129\" height=\"202\" srcset=\"https:\/\/i0.wp.com\/psicopico.com\/wp-content\/uploads\/2016\/03\/rubbel.jpg?resize=192%2C300&amp;ssl=1 192w, https:\/\/i0.wp.com\/psicopico.com\/wp-content\/uploads\/2016\/03\/rubbel.jpg?resize=768%2C1198&amp;ssl=1 768w, https:\/\/i0.wp.com\/psicopico.com\/wp-content\/uploads\/2016\/03\/rubbel.jpg?resize=656%2C1024&amp;ssl=1 656w, https:\/\/i0.wp.com\/psicopico.com\/wp-content\/uploads\/2016\/03\/rubbel.jpg?w=898&amp;ssl=1 898w\" sizes=\"auto, (max-width: 129px) 100vw, 129px\" \/><figcaption id=\"caption-attachment-1667\" class=\"wp-caption-text\">Rubbel<\/figcaption><\/figure>\n<p style=\"text-align: justify;\"><strong><span style=\"color: #ffff00; background-color: #000000;\">Rubbel<\/span><\/strong><\/p>\n<p style=\"text-align: justify;\">Color: amarillo<\/p>\n<p style=\"text-align: justify;\">Raza: Bulldog Ingl\u00e9s.<\/p>\n<p style=\"text-align: justify;\">El amarillo es el color de optimismo y estimula el sistema nervioso y la mente.\u00a0\u00c9sta puede ser la raz\u00f3n por la que Rubble\u00a0es un perro un tanto brusco. Adem\u00e1s, es el color de la creatividad y puesto que es un perro constructor de cosas se adapta\u00a0a este color.\u00a0En la serie tambi\u00e9n es un buen comunicador y su color es propenso a incitar la comunicaci\u00f3n tambi\u00e9n.<\/p>\n<p style=\"text-align: justify;\">En cuanto a la raza, dicen que los\u00a0Bulldog Ingl\u00e9s son superfamiliares y tienen unas &#8220;pintas&#8221; de ser bruscos, de acuerdo con el car\u00e1cter.<\/p>\n<figure id=\"attachment_1666\" aria-describedby=\"caption-attachment-1666\" style=\"width: 139px\" class=\"wp-caption alignleft\"><img data-recalc-dims=\"1\" loading=\"lazy\" decoding=\"async\" class=\"wp-image-1666 \" src=\"https:\/\/i0.wp.com\/psicopico.com\/wp-content\/uploads\/2016\/03\/zuma.jpg?resize=139%2C177&#038;ssl=1\" alt=\"Zuma\" width=\"139\" height=\"177\" srcset=\"https:\/\/i0.wp.com\/psicopico.com\/wp-content\/uploads\/2016\/03\/zuma.jpg?resize=236%2C300&amp;ssl=1 236w, https:\/\/i0.wp.com\/psicopico.com\/wp-content\/uploads\/2016\/03\/zuma.jpg?resize=768%2C975&amp;ssl=1 768w, https:\/\/i0.wp.com\/psicopico.com\/wp-content\/uploads\/2016\/03\/zuma.jpg?resize=807%2C1024&amp;ssl=1 807w, https:\/\/i0.wp.com\/psicopico.com\/wp-content\/uploads\/2016\/03\/zuma.jpg?w=898&amp;ssl=1 898w\" sizes=\"auto, (max-width: 139px) 100vw, 139px\" \/><figcaption id=\"caption-attachment-1666\" class=\"wp-caption-text\">Zuma<\/figcaption><\/figure>\n<p style=\"text-align: justify;\"><span style=\"color: #ff6600;\"><strong>Zuma<\/strong><\/span><\/p>\n<p style=\"text-align: justify;\">Color: naranja.<\/p>\n<p style=\"text-align: justify;\">Raza: Labrador.<\/p>\n<p style=\"text-align: justify;\">Zuma es un perro aventurero, vive en una especie de bote y hace surf. Est\u00e1 muy entusiasmado con todo lo que hace y su gusto por el calor y el agua sugiere deportes de verano en la playa. S\u00ed, el naranja es el color de la aventura. Los perros labrador son muy afines a\u00a0las personas\u00a0y al contacto humano.<\/p>\n<p style=\"text-align: justify;\">Una vez m\u00e1s la familia va asociada a la raza. Adem\u00e1s, este rasgo de la personalidad de la necesidad de comunicaci\u00f3n social de los labradores tambi\u00e9n se relaciona con el color naranja.<\/p>\n<figure id=\"attachment_1671\" aria-describedby=\"caption-attachment-1671\" style=\"width: 131px\" class=\"wp-caption alignleft\"><img data-recalc-dims=\"1\" loading=\"lazy\" decoding=\"async\" class=\"wp-image-1671 \" src=\"https:\/\/i0.wp.com\/psicopico.com\/wp-content\/uploads\/2016\/03\/marshall.jpg?resize=131%2C176&#038;ssl=1\" alt=\"Marshall\" width=\"131\" height=\"176\" srcset=\"https:\/\/i0.wp.com\/psicopico.com\/wp-content\/uploads\/2016\/03\/marshall.jpg?resize=223%2C300&amp;ssl=1 223w, https:\/\/i0.wp.com\/psicopico.com\/wp-content\/uploads\/2016\/03\/marshall.jpg?resize=768%2C1031&amp;ssl=1 768w, https:\/\/i0.wp.com\/psicopico.com\/wp-content\/uploads\/2016\/03\/marshall.jpg?resize=763%2C1024&amp;ssl=1 763w, https:\/\/i0.wp.com\/psicopico.com\/wp-content\/uploads\/2016\/03\/marshall.jpg?w=820&amp;ssl=1 820w\" sizes=\"auto, (max-width: 131px) 100vw, 131px\" \/><figcaption id=\"caption-attachment-1671\" class=\"wp-caption-text\">Marshall<\/figcaption><\/figure>\n<p style=\"text-align: justify;\"><strong><span style=\"color: #ff0000;\">Marshall<\/span><\/strong><br \/>\nColor: Rojo<\/p>\n<p style=\"text-align: justify;\">Raza: D\u00e1lmata.<\/p>\n<p style=\"text-align: justify;\">S\u00ed, se han vuelto a acertar. El rojo es el color de la pasi\u00f3n y la fuerza. Si lo\u00a0unimos a un perro bombero es que no hay mucho m\u00e1s que decir. Por otra parte, el car\u00e1cter en s\u00ed enfatiza su fuerza siempre con la frase t\u00edpica <em>\u00a1Estoy bien!<\/em> cuando pasa algo. \u00c9l es un perro entusiasta y apasionado por su trabajo.<\/p>\n<p style=\"text-align: justify;\">En cuanto a la raza, los d\u00e1lmatas son perros que necesitan actividad f\u00edsica constante y es un perro que llama mucho la atenci\u00f3n a los ni\u00f1os. Sin embargo, en este caso, por lo que he le\u00eddo, hay que tener mucho cuidado si hay un d\u00e1lmata y ni\u00f1os peque\u00f1os cerca, ya que pueden da\u00f1ar involuntariamente, de hecho en la serie Marshall es por lo general muy torpe y cae constantemente. Los d\u00e1lmatas venden\u00a0y su hermoso pelaje pueden cautivar a\u00a0cualquier ni\u00f1o o adulto. Por lo tanto, tuvieron\u00a0que poner un d\u00e1lmata en la serie. Lo hacemos bombero y listo.<\/p>\n<figure id=\"attachment_1672\" aria-describedby=\"caption-attachment-1672\" style=\"width: 156px\" class=\"wp-caption alignleft\"><img data-recalc-dims=\"1\" loading=\"lazy\" decoding=\"async\" class=\"wp-image-1672 \" src=\"https:\/\/i0.wp.com\/psicopico.com\/wp-content\/uploads\/2016\/03\/everestt.jpg?resize=156%2C155&#038;ssl=1\" alt=\"Everest\" width=\"156\" height=\"155\" srcset=\"https:\/\/i0.wp.com\/psicopico.com\/wp-content\/uploads\/2016\/03\/everestt.jpg?w=205&amp;ssl=1 205w, https:\/\/i0.wp.com\/psicopico.com\/wp-content\/uploads\/2016\/03\/everestt.jpg?resize=150%2C150&amp;ssl=1 150w, https:\/\/i0.wp.com\/psicopico.com\/wp-content\/uploads\/2016\/03\/everestt.jpg?resize=50%2C50&amp;ssl=1 50w\" sizes=\"auto, (max-width: 156px) 100vw, 156px\" \/><figcaption id=\"caption-attachment-1672\" class=\"wp-caption-text\">Everest<\/figcaption><\/figure>\n<p style=\"text-align: justify;\"><strong><span style=\"color: #33cccc;\">Everest<\/span><\/strong><\/p>\n<p style=\"text-align: justify;\">Color: Turquesa<\/p>\n<p style=\"text-align: justify;\">Raza: Husky siberiano.<\/p>\n<p style=\"text-align: justify;\">Es la nueva de la serie y han elegido una husky, ya que trabaja\u00a0en la nieve en las labores de rescate. Aqu\u00ed creo que no se han comido mucho la cabeza. Perro blanco es el color del amor puro y los huskies\u00a0ya son perros muy fieles y blancos de por\u00a0s\u00ed con el cual todo cuadra. Adem\u00e1s, el traje es de color turquesa y\u00a0representa una mente clara y abierta.<\/p>\n<p style=\"text-align: justify;\"><strong><span style=\"color: #003300;\">Tracker<\/span><\/strong><\/p>\n<p style=\"text-align: justify;\">Un nuevo componente de la Patrulla Canina (Paw Patrol) aparece en la tercera temporada. Se trata de un chihuahua que viste de color verde oscuro muy acorde con su procedencia: la selva. Es un cachorro explorador del cual estaremos muy pendientes en sus pr\u00f3ximas apariciones.<\/p>\n<p style=\"text-align: justify;\">Los colores representan emociones, y estas son representadas con colores que se pueden combinar, en este art\u00edculo te lo explico seg\u00fan la\u00a0<strong><a href=\"https:\/\/psicopico.com\/la-rueda-las-emociones-robert-plutchik\/\">rueda de las emociones.\u00a0<\/a><\/strong><\/p>\n<p style=\"text-align: justify;\">Me gustar\u00eda abrir un debate para todos los interesados \u200b\u200ba completar el post con sus opiniones.<\/p>\n<p style=\"text-align: justify;\"><strong>\u00bfY t\u00fa qu\u00e9 opinas de la Patrulla Canina?<\/strong><\/p>\n<p>Ver m\u00e1s:<\/p>\n<p><a href=\"https:\/\/psicopico.com\/por-que-gusta-tanto-la-patrulla-canina-un-analisis-psicologico\/\"><strong>Neuromarketing en la Patrulla Canina.<\/strong><\/a><br \/>\n<strong><a href=\"https:\/\/psicopico.com\/la-patrulla-canina-iii-psicologia-educacion-la-patrulla-canina\/\">Los valores psicol\u00f3gicos y educativos\u00a0de la Patrulla Canina<\/a><\/strong><br \/>\n<!--OffMiddle-->","protected":false},"excerpt":{"rendered":"<p>Esta noticia non est\u00e1 dispo\u00f1ible en galego&#8230;sent\u00edmolo. Proba en castel\u00e1n. Apertas! For the sake of viewer convenience, the content is shown below in this site default language. You may click one of the links to switch the site language to another available language.\u00bfHan acertado en la elecci\u00f3n de los colores y razas de cachorros de [&hellip;]<\/p>\n","protected":false},"author":1,"featured_media":1664,"comment_status":"open","ping_status":"open","sticky":false,"template":"","format":"standard","meta":{"_jetpack_memberships_contains_paid_content":false,"_joinchat":[],"footnotes":""},"categories":[27,145],"tags":[241,52,242,240,11],"class_list":["post-1661","post","type-post","status-publish","format-standard","has-post-thumbnail","hentry","category-cine","category-curiosidades","tag-colores","tag-equipo","tag-liderazgo","tag-patrulla-canina","tag-psicologia"],"yoast_head":"<!-- This site is optimized with the Yoast SEO plugin v27.4 - https:\/\/yoast.com\/product\/yoast-seo-wordpress\/ -->\n<title>(Espa\u00f1ol) Psicolog\u00eda de los colores y personalidad de los cachorros de la Patrulla Canina - PsicoPico<\/title>\n<meta name=\"robots\" content=\"index, follow, max-snippet:-1, max-image-preview:large, max-video-preview:-1\" \/>\n<link rel=\"canonical\" href=\"https:\/\/psicopico.com\/la-patrulla-canina-iii-psicologia-los-colores-razas-los-cachorros\/\" \/>\n<meta property=\"og:locale\" content=\"en_US\" \/>\n<meta property=\"og:type\" content=\"article\" \/>\n<meta property=\"og:title\" content=\"(Espa\u00f1ol) Psicolog\u00eda de los colores y personalidad de los cachorros de la Patrulla Canina - PsicoPico\" \/>\n<meta property=\"og:description\" content=\"Esta noticia non est\u00e1 dispo\u00f1ible en galego...sent\u00edmolo. Proba en castel\u00e1n. Apertas! For the sake of viewer convenience, the content is shown below in this site default language. You may click one of the links to switch the site language to another available language.\u00bfHan acertado en la elecci\u00f3n de los colores y razas de cachorros de [&hellip;]\" \/>\n<meta property=\"og:url\" content=\"https:\/\/psicopico.com\/la-patrulla-canina-iii-psicologia-los-colores-razas-los-cachorros\/\" \/>\n<meta property=\"og:site_name\" content=\"PsicoPico\" \/>\n<meta property=\"article:publisher\" content=\"https:\/\/es-la.facebook.com\/psicopicopsicologia\/\" \/>\n<meta property=\"article:author\" content=\"https:\/\/www.facebook.com\/psicopicopsicologia\/\" \/>\n<meta property=\"article:published_time\" content=\"2016-03-21T19:52:04+00:00\" \/>\n<meta property=\"article:modified_time\" content=\"2020-05-20T19:05:47+00:00\" \/>\n<meta property=\"og:image\" content=\"https:\/\/i0.wp.com\/psicopico.com\/wp-content\/uploads\/2016\/03\/patrulla-canina-rubbel-chase-marshall-e1458585891981.jpg?fit=899%2C819&ssl=1\" \/>\n\t<meta property=\"og:image:width\" content=\"899\" \/>\n\t<meta property=\"og:image:height\" content=\"819\" \/>\n\t<meta property=\"og:image:type\" content=\"image\/jpeg\" \/>\n<meta name=\"author\" content=\"Iv\u00e1n Pico\" \/>\n<meta name=\"twitter:card\" content=\"summary_large_image\" \/>\n<meta name=\"twitter:creator\" content=\"@psicopico\" \/>\n<meta name=\"twitter:site\" content=\"@psicopico\" \/>\n<meta name=\"twitter:label1\" content=\"Written by\" \/>\n\t<meta name=\"twitter:data1\" content=\"Iv\u00e1n Pico\" \/>\n\t<meta name=\"twitter:label2\" content=\"Est. reading time\" \/>\n\t<meta name=\"twitter:data2\" content=\"11 minutes\" \/>\n<script type=\"application\/ld+json\" class=\"yoast-schema-graph\">{\"@context\":\"https:\\\/\\\/schema.org\",\"@graph\":[{\"@type\":\"Article\",\"@id\":\"https:\\\/\\\/psicopico.com\\\/la-patrulla-canina-iii-psicologia-los-colores-razas-los-cachorros\\\/#article\",\"isPartOf\":{\"@id\":\"https:\\\/\\\/psicopico.com\\\/la-patrulla-canina-iii-psicologia-los-colores-razas-los-cachorros\\\/\"},\"author\":{\"name\":\"Iv\u00e1n Pico\",\"@id\":\"https:\\\/\\\/psicopico.com\\\/#\\\/schema\\\/person\\\/e90a6b8840bf0a67abfaa95093cbda44\"},\"headline\":\"(Espa\u00f1ol) Psicolog\u00eda de los colores y personalidad de los cachorros de la Patrulla Canina\",\"datePublished\":\"2016-03-21T19:52:04+00:00\",\"dateModified\":\"2020-05-20T19:05:47+00:00\",\"mainEntityOfPage\":{\"@id\":\"https:\\\/\\\/psicopico.com\\\/la-patrulla-canina-iii-psicologia-los-colores-razas-los-cachorros\\\/\"},\"wordCount\":2235,\"commentCount\":34,\"publisher\":{\"@id\":\"https:\\\/\\\/psicopico.com\\\/#organization\"},\"image\":{\"@id\":\"https:\\\/\\\/psicopico.com\\\/la-patrulla-canina-iii-psicologia-los-colores-razas-los-cachorros\\\/#primaryimage\"},\"thumbnailUrl\":\"https:\\\/\\\/i0.wp.com\\\/psicopico.com\\\/wp-content\\\/uploads\\\/2016\\\/03\\\/patrulla-canina-rubbel-chase-marshall-e1458585891981.jpg?fit=899%2C819&ssl=1\",\"keywords\":[\"Colores\",\"Equipo\",\"Liderazgo\",\"Patrulla Canina\",\"Psicolox\u00eda\"],\"articleSection\":[\"Cine\",\"Curiosidades\"],\"inLanguage\":\"gal-GAL\",\"potentialAction\":[{\"@type\":\"CommentAction\",\"name\":\"Comment\",\"target\":[\"https:\\\/\\\/psicopico.com\\\/la-patrulla-canina-iii-psicologia-los-colores-razas-los-cachorros\\\/#respond\"]}]},{\"@type\":[\"WebPage\",\"ItemPage\"],\"@id\":\"https:\\\/\\\/psicopico.com\\\/la-patrulla-canina-iii-psicologia-los-colores-razas-los-cachorros\\\/\",\"url\":\"https:\\\/\\\/psicopico.com\\\/la-patrulla-canina-iii-psicologia-los-colores-razas-los-cachorros\\\/\",\"name\":\"(Espa\u00f1ol) Psicolog\u00eda de los colores y personalidad de los cachorros de la Patrulla Canina - PsicoPico\",\"isPartOf\":{\"@id\":\"https:\\\/\\\/psicopico.com\\\/#website\"},\"primaryImageOfPage\":{\"@id\":\"https:\\\/\\\/psicopico.com\\\/la-patrulla-canina-iii-psicologia-los-colores-razas-los-cachorros\\\/#primaryimage\"},\"image\":{\"@id\":\"https:\\\/\\\/psicopico.com\\\/la-patrulla-canina-iii-psicologia-los-colores-razas-los-cachorros\\\/#primaryimage\"},\"thumbnailUrl\":\"https:\\\/\\\/i0.wp.com\\\/psicopico.com\\\/wp-content\\\/uploads\\\/2016\\\/03\\\/patrulla-canina-rubbel-chase-marshall-e1458585891981.jpg?fit=899%2C819&ssl=1\",\"datePublished\":\"2016-03-21T19:52:04+00:00\",\"dateModified\":\"2020-05-20T19:05:47+00:00\",\"breadcrumb\":{\"@id\":\"https:\\\/\\\/psicopico.com\\\/la-patrulla-canina-iii-psicologia-los-colores-razas-los-cachorros\\\/#breadcrumb\"},\"inLanguage\":\"gal-GAL\",\"potentialAction\":[{\"@type\":\"ReadAction\",\"target\":[\"https:\\\/\\\/psicopico.com\\\/la-patrulla-canina-iii-psicologia-los-colores-razas-los-cachorros\\\/\"]}]},{\"@type\":\"ImageObject\",\"inLanguage\":\"gal-GAL\",\"@id\":\"https:\\\/\\\/psicopico.com\\\/la-patrulla-canina-iii-psicologia-los-colores-razas-los-cachorros\\\/#primaryimage\",\"url\":\"https:\\\/\\\/i0.wp.com\\\/psicopico.com\\\/wp-content\\\/uploads\\\/2016\\\/03\\\/patrulla-canina-rubbel-chase-marshall-e1458585891981.jpg?fit=899%2C819&ssl=1\",\"contentUrl\":\"https:\\\/\\\/i0.wp.com\\\/psicopico.com\\\/wp-content\\\/uploads\\\/2016\\\/03\\\/patrulla-canina-rubbel-chase-marshall-e1458585891981.jpg?fit=899%2C819&ssl=1\",\"width\":\"899\",\"height\":\"819\"},{\"@type\":\"BreadcrumbList\",\"@id\":\"https:\\\/\\\/psicopico.com\\\/la-patrulla-canina-iii-psicologia-los-colores-razas-los-cachorros\\\/#breadcrumb\",\"itemListElement\":[{\"@type\":\"ListItem\",\"position\":1,\"name\":\"Inicio\",\"item\":\"https:\\\/\\\/psicopico.com\\\/\"},{\"@type\":\"ListItem\",\"position\":2,\"name\":\"Psicolog\u00eda de los colores y personalidad de los cachorros de la Patrulla Canina\"}]},{\"@type\":\"WebSite\",\"@id\":\"https:\\\/\\\/psicopico.com\\\/#website\",\"url\":\"https:\\\/\\\/psicopico.com\\\/\",\"name\":\"PsicoPico\",\"description\":\"Psicopico - Psicolox\u00eda Online por Iv\u00e1n Pico\",\"publisher\":{\"@id\":\"https:\\\/\\\/psicopico.com\\\/#organization\"},\"potentialAction\":[{\"@type\":\"SearchAction\",\"target\":{\"@type\":\"EntryPoint\",\"urlTemplate\":\"https:\\\/\\\/psicopico.com\\\/?s={search_term_string}\"},\"query-input\":{\"@type\":\"PropertyValueSpecification\",\"valueRequired\":true,\"valueName\":\"search_term_string\"}}],\"inLanguage\":\"gal-GAL\"},{\"@type\":\"Organization\",\"@id\":\"https:\\\/\\\/psicopico.com\\\/#organization\",\"name\":\"Psicopico\",\"url\":\"https:\\\/\\\/psicopico.com\\\/\",\"logo\":{\"@type\":\"ImageObject\",\"inLanguage\":\"gal-GAL\",\"@id\":\"https:\\\/\\\/psicopico.com\\\/#\\\/schema\\\/logo\\\/image\\\/\",\"url\":\"https:\\\/\\\/i0.wp.com\\\/psicopico.com\\\/wp-content\\\/uploads\\\/2015\\\/12\\\/logowebpsicopico.png?fit=377%2C113&ssl=1\",\"contentUrl\":\"https:\\\/\\\/i0.wp.com\\\/psicopico.com\\\/wp-content\\\/uploads\\\/2015\\\/12\\\/logowebpsicopico.png?fit=377%2C113&ssl=1\",\"width\":\"377\",\"height\":\"113\",\"caption\":\"Psicopico\"},\"image\":{\"@id\":\"https:\\\/\\\/psicopico.com\\\/#\\\/schema\\\/logo\\\/image\\\/\"},\"sameAs\":[\"https:\\\/\\\/es-la.facebook.com\\\/psicopicopsicologia\\\/\",\"https:\\\/\\\/x.com\\\/psicopico\",\"https:\\\/\\\/instagram.com\\\/psicopico\",\"https:\\\/\\\/es.linkedin.com\\\/in\\\/iv\u00e1n-pico-mart\u00ednez-5bb46873\",\"https:\\\/\\\/www.pinterest.es\\\/psicopico\\\/\",\"https:\\\/\\\/www.youtube.com\\\/channel\\\/UCwM4gAydCyOv_3sBkqVb74Q\"]},{\"@type\":\"Person\",\"@id\":\"https:\\\/\\\/psicopico.com\\\/#\\\/schema\\\/person\\\/e90a6b8840bf0a67abfaa95093cbda44\",\"name\":\"Iv\u00e1n Pico\",\"image\":{\"@type\":\"ImageObject\",\"inLanguage\":\"gal-GAL\",\"@id\":\"https:\\\/\\\/secure.gravatar.com\\\/avatar\\\/db757e40cd044bc752196ef8f9c1ed3c3c79321f8c82624947f51448030b8af1?s=96&d=mm&r=g\",\"url\":\"https:\\\/\\\/secure.gravatar.com\\\/avatar\\\/db757e40cd044bc752196ef8f9c1ed3c3c79321f8c82624947f51448030b8af1?s=96&d=mm&r=g\",\"contentUrl\":\"https:\\\/\\\/secure.gravatar.com\\\/avatar\\\/db757e40cd044bc752196ef8f9c1ed3c3c79321f8c82624947f51448030b8af1?s=96&d=mm&r=g\",\"caption\":\"Iv\u00e1n Pico\"},\"description\":\"Director y creador de Psicopico.com. Psic\u00f3logo Colegiado G-5480. Graduado en Psicolog\u00eda. Diplomado en Ciencias Empresariales y M\u00e1ster en Orientaci\u00f3n Profesional. M\u00e1ster en Psicolog\u00eda del Trabajo y Organizaciones. Posgrado en Psicolog\u00eda del Deporte y Entrenador Profesional de Futsal Nivel 3. Visita la secci\u00f3n \\\"Sobre m\u00ed\\\"para saber m\u00e1s. \u00bfQuieres una consulta personalizada? \u00a1Contacta conmigo en https:\\\/\\\/ivanpico.es\\\/!\",\"sameAs\":[\"https:\\\/\\\/www.psicopico.com\",\"https:\\\/\\\/www.facebook.com\\\/psicopicopsicologia\\\/\",\"https:\\\/\\\/www.instagram.com\\\/psicopico\\\/\",\"https:\\\/\\\/www.linkedin.com\\\/in\\\/ivan-pico-martinez\",\"https:\\\/\\\/x.com\\\/psicopico\",\"https:\\\/\\\/www.youtube.com\\\/channel\\\/UCwM4gAydCyOv_3sBkqVb74Q\"],\"url\":\"https:\\\/\\\/psicopico.com\\\/gl\\\/author\\\/ivan-pico-psicologo-lugo\\\/\"}]}<\/script>\n<!-- \/ Yoast SEO plugin. -->","yoast_head_json":{"title":"(Espa\u00f1ol) Psicolog\u00eda de los colores y personalidad de los cachorros de la Patrulla Canina - PsicoPico","robots":{"index":"index","follow":"follow","max-snippet":"max-snippet:-1","max-image-preview":"max-image-preview:large","max-video-preview":"max-video-preview:-1"},"canonical":"https:\/\/psicopico.com\/la-patrulla-canina-iii-psicologia-los-colores-razas-los-cachorros\/","og_locale":"en_US","og_type":"article","og_title":"(Espa\u00f1ol) Psicolog\u00eda de los colores y personalidad de los cachorros de la Patrulla Canina - PsicoPico","og_description":"Esta noticia non est\u00e1 dispo\u00f1ible en galego...sent\u00edmolo. Proba en castel\u00e1n. Apertas! For the sake of viewer convenience, the content is shown below in this site default language. You may click one of the links to switch the site language to another available language.\u00bfHan acertado en la elecci\u00f3n de los colores y razas de cachorros de [&hellip;]","og_url":"https:\/\/psicopico.com\/la-patrulla-canina-iii-psicologia-los-colores-razas-los-cachorros\/","og_site_name":"PsicoPico","article_publisher":"https:\/\/es-la.facebook.com\/psicopicopsicologia\/","article_author":"https:\/\/www.facebook.com\/psicopicopsicologia\/","article_published_time":"2016-03-21T19:52:04+00:00","article_modified_time":"2020-05-20T19:05:47+00:00","og_image":[{"width":899,"height":819,"url":"https:\/\/i0.wp.com\/psicopico.com\/wp-content\/uploads\/2016\/03\/patrulla-canina-rubbel-chase-marshall-e1458585891981.jpg?fit=899%2C819&ssl=1","type":"image\/jpeg"}],"author":"Iv\u00e1n Pico","twitter_card":"summary_large_image","twitter_creator":"@psicopico","twitter_site":"@psicopico","twitter_misc":{"Written by":"Iv\u00e1n Pico","Est. reading time":"11 minutes"},"schema":{"@context":"https:\/\/schema.org","@graph":[{"@type":"Article","@id":"https:\/\/psicopico.com\/la-patrulla-canina-iii-psicologia-los-colores-razas-los-cachorros\/#article","isPartOf":{"@id":"https:\/\/psicopico.com\/la-patrulla-canina-iii-psicologia-los-colores-razas-los-cachorros\/"},"author":{"name":"Iv\u00e1n Pico","@id":"https:\/\/psicopico.com\/#\/schema\/person\/e90a6b8840bf0a67abfaa95093cbda44"},"headline":"(Espa\u00f1ol) Psicolog\u00eda de los colores y personalidad de los cachorros de la Patrulla Canina","datePublished":"2016-03-21T19:52:04+00:00","dateModified":"2020-05-20T19:05:47+00:00","mainEntityOfPage":{"@id":"https:\/\/psicopico.com\/la-patrulla-canina-iii-psicologia-los-colores-razas-los-cachorros\/"},"wordCount":2235,"commentCount":34,"publisher":{"@id":"https:\/\/psicopico.com\/#organization"},"image":{"@id":"https:\/\/psicopico.com\/la-patrulla-canina-iii-psicologia-los-colores-razas-los-cachorros\/#primaryimage"},"thumbnailUrl":"https:\/\/i0.wp.com\/psicopico.com\/wp-content\/uploads\/2016\/03\/patrulla-canina-rubbel-chase-marshall-e1458585891981.jpg?fit=899%2C819&ssl=1","keywords":["Colores","Equipo","Liderazgo","Patrulla Canina","Psicolox\u00eda"],"articleSection":["Cine","Curiosidades"],"inLanguage":"gal-GAL","potentialAction":[{"@type":"CommentAction","name":"Comment","target":["https:\/\/psicopico.com\/la-patrulla-canina-iii-psicologia-los-colores-razas-los-cachorros\/#respond"]}]},{"@type":["WebPage","ItemPage"],"@id":"https:\/\/psicopico.com\/la-patrulla-canina-iii-psicologia-los-colores-razas-los-cachorros\/","url":"https:\/\/psicopico.com\/la-patrulla-canina-iii-psicologia-los-colores-razas-los-cachorros\/","name":"(Espa\u00f1ol) Psicolog\u00eda de los colores y personalidad de los cachorros de la Patrulla Canina - PsicoPico","isPartOf":{"@id":"https:\/\/psicopico.com\/#website"},"primaryImageOfPage":{"@id":"https:\/\/psicopico.com\/la-patrulla-canina-iii-psicologia-los-colores-razas-los-cachorros\/#primaryimage"},"image":{"@id":"https:\/\/psicopico.com\/la-patrulla-canina-iii-psicologia-los-colores-razas-los-cachorros\/#primaryimage"},"thumbnailUrl":"https:\/\/i0.wp.com\/psicopico.com\/wp-content\/uploads\/2016\/03\/patrulla-canina-rubbel-chase-marshall-e1458585891981.jpg?fit=899%2C819&ssl=1","datePublished":"2016-03-21T19:52:04+00:00","dateModified":"2020-05-20T19:05:47+00:00","breadcrumb":{"@id":"https:\/\/psicopico.com\/la-patrulla-canina-iii-psicologia-los-colores-razas-los-cachorros\/#breadcrumb"},"inLanguage":"gal-GAL","potentialAction":[{"@type":"ReadAction","target":["https:\/\/psicopico.com\/la-patrulla-canina-iii-psicologia-los-colores-razas-los-cachorros\/"]}]},{"@type":"ImageObject","inLanguage":"gal-GAL","@id":"https:\/\/psicopico.com\/la-patrulla-canina-iii-psicologia-los-colores-razas-los-cachorros\/#primaryimage","url":"https:\/\/i0.wp.com\/psicopico.com\/wp-content\/uploads\/2016\/03\/patrulla-canina-rubbel-chase-marshall-e1458585891981.jpg?fit=899%2C819&ssl=1","contentUrl":"https:\/\/i0.wp.com\/psicopico.com\/wp-content\/uploads\/2016\/03\/patrulla-canina-rubbel-chase-marshall-e1458585891981.jpg?fit=899%2C819&ssl=1","width":"899","height":"819"},{"@type":"BreadcrumbList","@id":"https:\/\/psicopico.com\/la-patrulla-canina-iii-psicologia-los-colores-razas-los-cachorros\/#breadcrumb","itemListElement":[{"@type":"ListItem","position":1,"name":"Inicio","item":"https:\/\/psicopico.com\/"},{"@type":"ListItem","position":2,"name":"Psicolog\u00eda de los colores y personalidad de los cachorros de la Patrulla Canina"}]},{"@type":"WebSite","@id":"https:\/\/psicopico.com\/#website","url":"https:\/\/psicopico.com\/","name":"PsicoPico","description":"Psicopico - Psicolox\u00eda Online por Iv\u00e1n Pico","publisher":{"@id":"https:\/\/psicopico.com\/#organization"},"potentialAction":[{"@type":"SearchAction","target":{"@type":"EntryPoint","urlTemplate":"https:\/\/psicopico.com\/?s={search_term_string}"},"query-input":{"@type":"PropertyValueSpecification","valueRequired":true,"valueName":"search_term_string"}}],"inLanguage":"gal-GAL"},{"@type":"Organization","@id":"https:\/\/psicopico.com\/#organization","name":"Psicopico","url":"https:\/\/psicopico.com\/","logo":{"@type":"ImageObject","inLanguage":"gal-GAL","@id":"https:\/\/psicopico.com\/#\/schema\/logo\/image\/","url":"https:\/\/i0.wp.com\/psicopico.com\/wp-content\/uploads\/2015\/12\/logowebpsicopico.png?fit=377%2C113&ssl=1","contentUrl":"https:\/\/i0.wp.com\/psicopico.com\/wp-content\/uploads\/2015\/12\/logowebpsicopico.png?fit=377%2C113&ssl=1","width":"377","height":"113","caption":"Psicopico"},"image":{"@id":"https:\/\/psicopico.com\/#\/schema\/logo\/image\/"},"sameAs":["https:\/\/es-la.facebook.com\/psicopicopsicologia\/","https:\/\/x.com\/psicopico","https:\/\/instagram.com\/psicopico","https:\/\/es.linkedin.com\/in\/iv\u00e1n-pico-mart\u00ednez-5bb46873","https:\/\/www.pinterest.es\/psicopico\/","https:\/\/www.youtube.com\/channel\/UCwM4gAydCyOv_3sBkqVb74Q"]},{"@type":"Person","@id":"https:\/\/psicopico.com\/#\/schema\/person\/e90a6b8840bf0a67abfaa95093cbda44","name":"Iv\u00e1n Pico","image":{"@type":"ImageObject","inLanguage":"gal-GAL","@id":"https:\/\/secure.gravatar.com\/avatar\/db757e40cd044bc752196ef8f9c1ed3c3c79321f8c82624947f51448030b8af1?s=96&d=mm&r=g","url":"https:\/\/secure.gravatar.com\/avatar\/db757e40cd044bc752196ef8f9c1ed3c3c79321f8c82624947f51448030b8af1?s=96&d=mm&r=g","contentUrl":"https:\/\/secure.gravatar.com\/avatar\/db757e40cd044bc752196ef8f9c1ed3c3c79321f8c82624947f51448030b8af1?s=96&d=mm&r=g","caption":"Iv\u00e1n Pico"},"description":"Director y creador de Psicopico.com. Psic\u00f3logo Colegiado G-5480. Graduado en Psicolog\u00eda. Diplomado en Ciencias Empresariales y M\u00e1ster en Orientaci\u00f3n Profesional. M\u00e1ster en Psicolog\u00eda del Trabajo y Organizaciones. Posgrado en Psicolog\u00eda del Deporte y Entrenador Profesional de Futsal Nivel 3. Visita la secci\u00f3n \"Sobre m\u00ed\"para saber m\u00e1s. \u00bfQuieres una consulta personalizada? \u00a1Contacta conmigo en https:\/\/ivanpico.es\/!","sameAs":["https:\/\/www.psicopico.com","https:\/\/www.facebook.com\/psicopicopsicologia\/","https:\/\/www.instagram.com\/psicopico\/","https:\/\/www.linkedin.com\/in\/ivan-pico-martinez","https:\/\/x.com\/psicopico","https:\/\/www.youtube.com\/channel\/UCwM4gAydCyOv_3sBkqVb74Q"],"url":"https:\/\/psicopico.com\/gl\/author\/ivan-pico-psicologo-lugo\/"}]}},"jetpack_featured_media_url":"https:\/\/i0.wp.com\/psicopico.com\/wp-content\/uploads\/2016\/03\/patrulla-canina-rubbel-chase-marshall-e1458585891981.jpg?fit=899%2C819&ssl=1","jetpack_shortlink":"https:\/\/wp.me\/p6Zx58-qN","jetpack_sharing_enabled":true,"_links":{"self":[{"href":"https:\/\/psicopico.com\/gl\/wp-json\/wp\/v2\/posts\/1661","targetHints":{"allow":["GET"]}}],"collection":[{"href":"https:\/\/psicopico.com\/gl\/wp-json\/wp\/v2\/posts"}],"about":[{"href":"https:\/\/psicopico.com\/gl\/wp-json\/wp\/v2\/types\/post"}],"author":[{"embeddable":true,"href":"https:\/\/psicopico.com\/gl\/wp-json\/wp\/v2\/users\/1"}],"replies":[{"embeddable":true,"href":"https:\/\/psicopico.com\/gl\/wp-json\/wp\/v2\/comments?post=1661"}],"version-history":[{"count":0,"href":"https:\/\/psicopico.com\/gl\/wp-json\/wp\/v2\/posts\/1661\/revisions"}],"wp:featuredmedia":[{"embeddable":true,"href":"https:\/\/psicopico.com\/gl\/wp-json\/wp\/v2\/media\/1664"}],"wp:attachment":[{"href":"https:\/\/psicopico.com\/gl\/wp-json\/wp\/v2\/media?parent=1661"}],"wp:term":[{"taxonomy":"category","embeddable":true,"href":"https:\/\/psicopico.com\/gl\/wp-json\/wp\/v2\/categories?post=1661"},{"taxonomy":"post_tag","embeddable":true,"href":"https:\/\/psicopico.com\/gl\/wp-json\/wp\/v2\/tags?post=1661"}],"curies":[{"name":"wp","href":"https:\/\/api.w.org\/{rel}","templated":true}]}}