{"id":10651,"date":"2026-04-29T13:15:45","date_gmt":"2026-04-29T12:15:45","guid":{"rendered":"https:\/\/psicopico.com\/?p=10651"},"modified":"2026-04-29T13:18:43","modified_gmt":"2026-04-29T12:18:43","slug":"atencion-temprana-como-detectar-y-actuar","status":"publish","type":"post","link":"https:\/\/psicopico.com\/gl\/atencion-temprana-como-detectar-y-actuar\/","title":{"rendered":"(Espa\u00f1ol) Atenci\u00f3n temprana: detectar trastornos del desarrollo en ni\u00f1os"},"content":{"rendered":"<p class=\"qtranxs-available-languages-message qtranxs-available-languages-message-gl\">Esta noticia non est\u00e1 dispo\u00f1ible en galego...sent\u00edmolo. Proba en castel\u00e1n. Apertas! For the sake of viewer convenience, the content is shown below in the alternative language. You may click the link to switch the active language.<\/p><p data-start=\"548\" data-end=\"1009\">La <strong>atenci\u00f3n temprana<\/strong> se ha convertido en uno de los pilares fundamentales para favorecer el desarrollo \u00f3ptimo de los ni\u00f1os durante sus primeros a\u00f1os de vida. La evidencia cient\u00edfica ha puesto de manifiesto la importancia de detectar y abordar en las primeras etapas de la infancia determinadas problem\u00e1ticas del desarrollo. Para quienes sienten vocaci\u00f3n por este \u00e1mbito, apostar por una formaci\u00f3n especializada como un <a class=\"decorated-link\" href=\"https:\/\/universidadeuropea.com\/master-atencion-temprana-online\/\" target=\"_new\" rel=\"noopener\" data-start=\"801\" data-end=\"895\">m\u00e1ster en atenci\u00f3n temprana<\/a> permite adquirir las competencias necesarias para intervenir de forma eficaz, profesional y apoyada en los \u00faltimos estudios cient\u00edficos.<\/p>\n<p data-start=\"1011\" data-end=\"1374\">Desde la pr\u00e1ctica profesional, detectar de forma precoz posibles alteraciones del desarrollo no solo mejora el pron\u00f3stico del ni\u00f1o, sino que tambi\u00e9n reduce el impacto emocional y funcional en la familia ya que comprenden mejor lo que sucede para aplicar ese conocimiento a sus rutinas diarias mejoran la calidad de vida de la familia en su conjunto. Por ello, la formaci\u00f3n en atenci\u00f3n temprana no es solo una opci\u00f3n acad\u00e9mica, sino una herramienta clave para transformar vidas desde los primeros a\u00f1os.<\/p>\n<h2 data-section-id=\"1hjdxlk\" data-start=\"1376\" data-end=\"1433\">\u00bfQu\u00e9 son los trastornos del desarrollo en la infancia?<\/h2>\n<p data-start=\"1458\" data-end=\"1800\">Los trastornos del desarrollo son alteraciones que afectan a la adquisici\u00f3n de habilidades en \u00e1reas como el lenguaje, la motricidad, la cognici\u00f3n o la interacci\u00f3n social durante la infancia. Estas dificultades suelen manifestarse en los primeros a\u00f1os de vida y pueden variar en intensidad y evoluci\u00f3n a lo largo del desarrollo madurativo de la persona (American Psychiatric Association, 2013).<\/p>\n<h3 data-section-id=\"x0wlac\" data-start=\"1802\" data-end=\"1825\">Tipos m\u00e1s comunes<\/h3>\n<p data-start=\"132\" data-end=\"317\">Dentro de los trastornos del desarrollo infantil encontramos una gran heterogeneidad de perfiles. Comprender bien cada uno de ellos es clave para una detecci\u00f3n e intervenci\u00f3n ajustadas:<\/p>\n<p data-start=\"319\" data-end=\"722\"><strong data-start=\"319\" data-end=\"359\">Trastorno del espectro autista (TEA)<\/strong><br data-start=\"359\" data-end=\"362\" \/>Tradicionalmente, el TEA se caracteriza por dificultades en la comunicaci\u00f3n social y la presencia de patrones de comportamiento, intereses o actividades restringidas y repetitivas. Sin embargo, en los \u00faltimos a\u00f1os, tanto desde la investigaci\u00f3n como desde enfoques m\u00e1s centrados en la <strong>neurodiversidad<\/strong>, se est\u00e1 revisando el propio t\u00e9rmino.<\/p>\n<p data-start=\"724\" data-end=\"1103\">Cada vez es m\u00e1s frecuente hablar de <strong><em data-start=\"760\" data-end=\"779\">condici\u00f3n autista<\/em> <\/strong>en lugar de \u201ctrastorno\u201d, poniendo el foco en que no se trata \u00fanicamente de un d\u00e9ficit, sino de una forma diferente de procesar la informaci\u00f3n, percibir el entorno y relacionarse. Este cambio conceptual busca reducir el estigma y promover intervenciones m\u00e1s respetuosas con el perfil individual del ni\u00f1o (Lord et al., 2020).<\/p>\n<p data-start=\"1105\" data-end=\"1186\">En la pr\u00e1ctica, los ni\u00f1os con caracter\u00edsticas dentro del espectro pueden mostrar:<\/p>\n<ul data-start=\"1187\" data-end=\"1395\">\n<li data-start=\"1187\" data-end=\"1246\">Dificultades para comprender normas sociales impl\u00edcitas<\/li>\n<li data-start=\"1247\" data-end=\"1309\">Uso at\u00edpico del lenguaje (ecolalias, lenguaje muy literal)<\/li>\n<li data-start=\"1310\" data-end=\"1346\">Intereses intensos y espec\u00edficos<\/li>\n<li data-start=\"1347\" data-end=\"1395\">Necesidad de rutinas o resistencia al cambio<\/li>\n<\/ul>\n<p data-start=\"1397\" data-end=\"1520\">Es importante entender que el espectro es muy amplio, y que cada ni\u00f1o presenta un perfil \u00fanico de fortalezas y necesidades. De hecho, es un tipo de condici\u00f3n que puede llegar a enmascararse durante muchos a\u00f1os y no detectarse hasta la edad adulta, ya que son personas altamente funcionales y que incluso tienen doble excepcionalidad compartida con otro tipo de condiciones, como pueden ser altas capacidades o TDAH.<\/p>\n<p data-start=\"1522\" data-end=\"1783\"><strong data-start=\"1522\" data-end=\"1546\">Retraso del lenguaje<\/strong><br data-start=\"1546\" data-end=\"1549\" \/>El retraso del lenguaje implica una adquisici\u00f3n m\u00e1s lenta de las habilidades ling\u00fc\u00edsticas en comparaci\u00f3n con lo esperado para la edad. Puede afectar tanto a la comprensi\u00f3n (lenguaje receptivo) como a la expresi\u00f3n (lenguaje expresivo).<\/p>\n<p data-start=\"1785\" data-end=\"2004\">En algunos casos, se trata de un retraso simple que puede resolverse con estimulaci\u00f3n adecuada. En otros, puede ser un indicador temprano de dificultades m\u00e1s complejas, como trastornos del desarrollo del lenguaje (TDL).<\/p>\n<p data-start=\"2006\" data-end=\"2041\">Los signos m\u00e1s habituales incluyen:<\/p>\n<ul data-start=\"2042\" data-end=\"2191\">\n<li data-start=\"2042\" data-end=\"2066\">Vocabulario limitado<\/li>\n<li data-start=\"2067\" data-end=\"2100\">Dificultad para formar frases<\/li>\n<li data-start=\"2101\" data-end=\"2144\">Problemas para comprender instrucciones<\/li>\n<li data-start=\"2145\" data-end=\"2191\">Uso reducido del lenguaje para comunicarse<\/li>\n<\/ul>\n<p data-start=\"2193\" data-end=\"2348\">La intervenci\u00f3n logop\u00e9dica temprana es clave para favorecer la comunicaci\u00f3n funcional y prevenir dificultades acad\u00e9micas posteriores (Bishop et al., 2017).<\/p>\n<p data-start=\"2350\" data-end=\"2595\"><strong data-start=\"2350\" data-end=\"2392\">Trastornos motores (como la dispraxia)<\/strong><br data-start=\"2392\" data-end=\"2395\" \/>Los trastornos motores afectan a la coordinaci\u00f3n, planificaci\u00f3n y ejecuci\u00f3n de movimientos. Uno de los m\u00e1s conocidos es el trastorno del desarrollo de la coordinaci\u00f3n (TDC), tambi\u00e9n llamado dispraxia.<\/p>\n<p data-start=\"2597\" data-end=\"2626\">Estos ni\u00f1os pueden presentar:<\/p>\n<ul data-start=\"2627\" data-end=\"2817\">\n<li data-start=\"2627\" data-end=\"2698\">Torpeza motora (ca\u00eddas frecuentes, dificultad para correr o saltar)<\/li>\n<li data-start=\"2699\" data-end=\"2761\">Problemas en habilidades finas (dibujar, abrochar botones)<\/li>\n<li data-start=\"2762\" data-end=\"2817\">Dificultad para planificar secuencias de movimiento<\/li>\n<\/ul>\n<p data-start=\"2819\" data-end=\"3043\">M\u00e1s all\u00e1 de lo f\u00edsico, estas dificultades pueden impactar en la autoestima y la participaci\u00f3n social del ni\u00f1o. Por ello, la intervenci\u00f3n desde terapia ocupacional y psicomotricidad resulta fundamental (Zwicker et al., 2012).<\/p>\n<p data-start=\"3045\" data-end=\"3299\"><strong data-start=\"3045\" data-end=\"3085\">Trastorno del desarrollo intelectual<\/strong><br data-start=\"3085\" data-end=\"3088\" \/>Se caracteriza por limitaciones significativas tanto en el funcionamiento intelectual como en la conducta adaptativa, es decir, en habilidades necesarias para la vida diaria (conceptuales, sociales y pr\u00e1cticas).<\/p>\n<p data-start=\"3301\" data-end=\"3360\">Este trastorno suele identificarse cuando el ni\u00f1o presenta:<\/p>\n<ul data-start=\"3361\" data-end=\"3486\">\n<li data-start=\"3361\" data-end=\"3395\">Dificultades en el aprendizaje<\/li>\n<li data-start=\"3396\" data-end=\"3446\">Problemas para resolver situaciones cotidianas<\/li>\n<li data-start=\"3447\" data-end=\"3486\">Necesidad de apoyos en su autonom\u00eda<\/li>\n<\/ul>\n<p data-start=\"3488\" data-end=\"3629\">El grado de afectaci\u00f3n puede variar (leve, moderado, grave), y la intervenci\u00f3n se centra en potenciar la independencia y la inclusi\u00f3n social.<\/p>\n<p data-start=\"3631\" data-end=\"3840\"><strong data-start=\"3631\" data-end=\"3664\">Trastornos de la comunicaci\u00f3n<\/strong><br data-start=\"3664\" data-end=\"3667\" \/>Incluyen dificultades espec\u00edficas en el uso del lenguaje que no se explican por un retraso global o por otras condiciones. Dentro de esta categor\u00eda encontramos, por ejemplo:<\/p>\n<ul data-start=\"3841\" data-end=\"4030\">\n<li data-start=\"3841\" data-end=\"3914\">Trastorno fonol\u00f3gico (dificultad para producir sonidos correctamente)<\/li>\n<li data-start=\"3915\" data-end=\"3963\">Trastorno de la fluidez (como la tartamudez)<\/li>\n<li data-start=\"3964\" data-end=\"4030\">Trastorno de la comunicaci\u00f3n social (dificultades pragm\u00e1ticas)<\/li>\n<\/ul>\n<p data-start=\"4032\" data-end=\"4161\">Estos problemas pueden afectar de forma significativa a la interacci\u00f3n social y al rendimiento escolar si no se abordan a tiempo.<\/p>\n<h2 data-section-id=\"1ctkykj\" data-start=\"2246\" data-end=\"2309\">La importancia de la detecci\u00f3n precoz en ni\u00f1os de 0 a 6 a\u00f1os<\/h2>\n<h3 data-section-id=\"15yf50y\" data-start=\"2311\" data-end=\"2337\">Plasticidad cerebral<\/h3>\n<p data-start=\"2338\" data-end=\"2639\">Durante los primeros a\u00f1os de vida, el cerebro presenta una alta plasticidad, lo que significa que tiene una gran capacidad para reorganizarse en respuesta a est\u00edmulos y experiencias (Kolb &amp; Gibb, 2011). Esta caracter\u00edstica convierte a la etapa de 0 a 6 a\u00f1os en un periodo cr\u00edtico para la intervenci\u00f3n.<\/p>\n<h3 data-section-id=\"1m6vl3p\" data-start=\"2641\" data-end=\"2668\">Impacto a largo plazo<\/h3>\n<p data-start=\"2669\" data-end=\"2914\">Diversos estudios han demostrado que una intervenci\u00f3n temprana mejora significativamente el desarrollo cognitivo, social y emocional del ni\u00f1o, adem\u00e1s de reducir la necesidad de apoyos m\u00e1s intensivos en etapas posteriores (Dawson et al., 2010).<\/p>\n<p data-start=\"2916\" data-end=\"3065\">Desde la psicolog\u00eda, esto implica que actuar a tiempo no solo influye en el presente del ni\u00f1o, sino tambi\u00e9n en su autonom\u00eda futura y calidad de vida.<\/p>\n<h2 data-section-id=\"umqdvj\" data-start=\"3067\" data-end=\"3113\">Principales se\u00f1ales de alerta seg\u00fan la edad<\/h2>\n<p data-start=\"3115\" data-end=\"3287\">Identificar se\u00f1ales tempranas es una de las competencias m\u00e1s importantes en atenci\u00f3n temprana. A continuaci\u00f3n, se detallan algunos indicadores clave organizados por etapas:<\/p>\n<h3 data-section-id=\"iqv9a3\" data-start=\"3289\" data-end=\"3303\">0\u20132 a\u00f1os<\/h3>\n<ul data-start=\"3304\" data-end=\"3496\">\n<li data-section-id=\"7d8v9f\" data-start=\"3304\" data-end=\"3349\">Falta de contacto visual o sonrisa social<\/li>\n<li data-section-id=\"1lud6xw\" data-start=\"3350\" data-end=\"3392\">Escasa respuesta a est\u00edmulos auditivos<\/li>\n<li data-section-id=\"1nv649\" data-start=\"3393\" data-end=\"3428\">No balbucea o no se\u00f1ala objetos<\/li>\n<li data-section-id=\"nidpf5\" data-start=\"3429\" data-end=\"3460\">Rigidez o flacidez muscular<\/li>\n<li data-section-id=\"49gcy9\" data-start=\"3461\" data-end=\"3496\">Dificultades en la alimentaci\u00f3n<\/li>\n<\/ul>\n<h3 data-section-id=\"vkr03j\" data-start=\"3498\" data-end=\"3512\">2\u20134 a\u00f1os<\/h3>\n<ul data-start=\"3513\" data-end=\"3745\">\n<li data-section-id=\"mvlzqf\" data-start=\"3513\" data-end=\"3565\">Retraso en el lenguaje (no forma frases simples)<\/li>\n<li data-section-id=\"1j6sg6f\" data-start=\"3566\" data-end=\"3613\">Poco inter\u00e9s en interactuar con otros ni\u00f1os<\/li>\n<li data-section-id=\"1py78nm\" data-start=\"3614\" data-end=\"3656\">Conductas repetitivas o estereotipadas<\/li>\n<li data-section-id=\"1c4q6tp\" data-start=\"3657\" data-end=\"3705\">Dificultad para seguir instrucciones b\u00e1sicas<\/li>\n<li data-section-id=\"1d3vic9\" data-start=\"3706\" data-end=\"3745\">Problemas en la coordinaci\u00f3n motora<\/li>\n<\/ul>\n<h3 data-section-id=\"1rdoszf\" data-start=\"3747\" data-end=\"3761\">4\u20136 a\u00f1os<\/h3>\n<ul data-start=\"3762\" data-end=\"3962\">\n<li data-section-id=\"mneip8\" data-start=\"3762\" data-end=\"3804\">Dificultades en la comunicaci\u00f3n social<\/li>\n<li data-section-id=\"bzfmdb\" data-start=\"3805\" data-end=\"3845\">Problemas de atenci\u00f3n o impulsividad<\/li>\n<li data-section-id=\"nq19wj\" data-start=\"3846\" data-end=\"3886\">Retraso en habilidades preacad\u00e9micas<\/li>\n<li data-section-id=\"xqk3ai\" data-start=\"3887\" data-end=\"3923\">Baja tolerancia a la frustraci\u00f3n<\/li>\n<li data-section-id=\"tre53c\" data-start=\"3924\" data-end=\"3962\">Dificultades en el juego simb\u00f3lico<\/li>\n<\/ul>\n<p data-start=\"3964\" data-end=\"4112\">Es importante se\u00f1alar que la presencia de una o varias se\u00f1ales no implica necesariamente un trastorno, pero s\u00ed justifica una evaluaci\u00f3n profesional.<\/p>\n<h2 data-section-id=\"1424gfi\" data-start=\"4114\" data-end=\"4169\">C\u00f3mo actuar ante un posible trastorno del desarrollo<\/h2>\n<h3 data-section-id=\"1tnaqin\" data-start=\"4171\" data-end=\"4199\">Qu\u00e9 hacer como familia<\/h3>\n<p data-start=\"4200\" data-end=\"4379\">En un primer momento las familias suelen alarmarse por la situaci\u00f3n, por lo que deben acudir a un profesinal que los oriente debidamente para evitar sobrepensar o ponerse en el peor de los casos. El primer paso es observar sin alarmismo, pero con atenci\u00f3n. Registrar conductas, compararlas con hitos evolutivos y, sobre todo, confiar en la intuici\u00f3n parental suele ser clave.<\/p>\n<p data-start=\"4381\" data-end=\"4521\">Adem\u00e1s, buscar informaci\u00f3n en fuentes fiables (como art\u00edculos especializados en psicopico.com) puede ayudar a comprender mejor la situaci\u00f3n, aunque en general se debe acudir sin miedo a un profesional solo para conocer o informarse mejor de la realidad y saber por donde continuar.<\/p>\n<h3 data-section-id=\"1lynzwe\" data-start=\"4523\" data-end=\"4559\">Cu\u00e1ndo acudir a un profesional<\/h3>\n<p data-start=\"4560\" data-end=\"4606\">La ayuda profesional es clave, pero no debemos alarmarnos. Se recomienda acudir a un especialista cuando:<\/p>\n<ul data-start=\"4608\" data-end=\"4762\">\n<li data-section-id=\"1vil2wj\" data-start=\"4608\" data-end=\"4646\">Las se\u00f1ales persisten en el tiempo<\/li>\n<li data-section-id=\"c5yycg\" data-start=\"4647\" data-end=\"4693\">Existe regresi\u00f3n en habilidades adquiridas<\/li>\n<li data-section-id=\"whw7b6\" data-start=\"4694\" data-end=\"4762\">Hay preocupaci\u00f3n significativa en la familia o entorno educativo<\/li>\n<\/ul>\n<p data-start=\"4764\" data-end=\"4869\">Los profesionales implicados pueden ser psic\u00f3logos, logopedas, neuropediatras o terapeutas ocupacionales. En caso de dudas, acude al m\u00e9dico de familia habitual para que te oriente.<\/p>\n<h3 data-section-id=\"1m1r1qw\" data-start=\"4871\" data-end=\"4913\">Importancia del diagn\u00f3stico temprano<\/h3>\n<p data-start=\"4914\" data-end=\"5127\">Un diagn\u00f3stico temprano permite dise\u00f1ar un plan de intervenci\u00f3n individualizado, ajustado a las necesidades del ni\u00f1o y su contexto. Esto incrementa significativamente la eficacia del tratamiento (Guralnick, 2011).<\/p>\n<p data-start=\"5129\" data-end=\"5274\">Adem\u00e1s, tambi\u00e9n facilita el acompa\u00f1amiento a las familias, reduciendo la incertidumbre y proporcionando herramientas pr\u00e1cticas para el d\u00eda a d\u00eda.<\/p>\n<h2 data-section-id=\"17w752c\" data-start=\"5276\" data-end=\"5323\">Formaci\u00f3n especializada en atenci\u00f3n temprana<\/h2>\n<p data-start=\"5325\" data-end=\"5604\">La complejidad de los trastornos del desarrollo exige profesionales altamente cualificados. No basta con tener conocimientos generales en psicolog\u00eda o educaci\u00f3n; es necesario contar con una especializaci\u00f3n en atenci\u00f3n temprana que permita intervenir de forma rigurosa y efectiva.<\/p>\n<p data-start=\"5606\" data-end=\"5668\">Programas formativos especializados ofrecen herramientas como:<\/p>\n<ul data-start=\"5670\" data-end=\"5807\">\n<li data-section-id=\"zw3g8k\" data-start=\"5670\" data-end=\"5708\">Evaluaci\u00f3n del desarrollo infantil<\/li>\n<li data-section-id=\"jt58sl\" data-start=\"5709\" data-end=\"5748\">Dise\u00f1o de programas de intervenci\u00f3n<\/li>\n<li data-section-id=\"1e436vz\" data-start=\"5749\" data-end=\"5773\">Trabajo con familias<\/li>\n<li data-section-id=\"19pc7is\" data-start=\"5774\" data-end=\"5807\">Coordinaci\u00f3n interdisciplinar<\/li>\n<\/ul>\n<p data-start=\"5809\" data-end=\"5989\">Para quienes desean orientar su carrera hacia este \u00e1mbito, formarse en atenci\u00f3n temprana supone una oportunidad para generar un impacto real en la vida de los ni\u00f1os y sus familias.<\/p>\n<h2 data-section-id=\"1k75yml\" data-start=\"5996\" data-end=\"6024\">Referencias<\/h2>\n<p data-start=\"6026\" data-end=\"6136\">American Psychiatric Association. (2013). <em data-start=\"6068\" data-end=\"6123\">Diagnostic and statistical manual of mental disorders<\/em> (5th ed.).<\/p>\n<p data-start=\"6026\" data-end=\"6136\">Bishop, D. V. M., Snowling, M. J., Thompson, P. A., Greenhalgh, T., &amp; CATALISE-2 Consortium. (2017). Phase 2 of CATALISE: A multinational and multidisciplinary Delphi consensus study of problems with language development. <em data-start=\"430\" data-end=\"478\">Journal of Child Psychology and Psychiatry, 58<\/em>(10), 1068\u20131080.<\/p>\n<p data-start=\"6138\" data-end=\"6372\">Dawson, G., Rogers, S., Munson, J., Smith, M., Winter, J., Greenson, J., &#8230; &amp; Varley, J. (2010). Randomized, controlled trial of an intervention for toddlers with autism: The Early Start Denver Model. <em data-start=\"6340\" data-end=\"6357\">Pediatrics, 125<\/em>(1), e17\u2013e23.<\/p>\n<p data-start=\"6374\" data-end=\"6494\">Guralnick, M. J. (2011). Why early intervention works: A systems perspective. <em data-start=\"6452\" data-end=\"6482\">Infants &amp; Young Children, 24<\/em>(1), 6\u201328.<\/p>\n<p data-start=\"6496\" data-end=\"6668\">Kolb, B., &amp; Gibb, R. (2011). Brain plasticity and behaviour in the developing brain. <em data-start=\"6581\" data-end=\"6653\">Journal of the Canadian Academy of Child and Adolescent Psychiatry, 20<\/em>(4), 265\u2013276.<\/p>\n<p>Lord, C., Brugha, T. S., Charman, T., Cusack, J., Dumas, G., Frazier, T., \u2026 Veenstra-VanderWeele, J. (2020). Autism spectrum disorder. <em data-start=\"635\" data-end=\"670\">Nature Reviews Disease Primers, 6<\/em>(1), 5.<\/p>\n<p>Zwicker, J. G., Missiuna, C., Harris, S. R., &amp; Boyd, L. A. (2012). Developmental coordination disorder: A review and update. <em data-start=\"808\" data-end=\"854\">European Journal of Paediatric Neurology, 16<\/em>(6), 573\u2013581.","protected":false},"excerpt":{"rendered":"<p>Esta noticia non est\u00e1 dispo\u00f1ible en galego&#8230;sent\u00edmolo. Proba en castel\u00e1n. Apertas! For the sake of viewer convenience, the content is shown below in the alternative language. You may click the link to switch the active language.La atenci\u00f3n temprana se ha convertido en uno de los pilares fundamentales para favorecer el desarrollo \u00f3ptimo de los ni\u00f1os [&hellip;]<\/p>\n","protected":false},"author":1,"featured_media":10652,"comment_status":"open","ping_status":"closed","sticky":false,"template":"","format":"standard","meta":{"_jetpack_memberships_contains_paid_content":false,"_joinchat":[],"footnotes":""},"categories":[19,93],"tags":[],"class_list":["post-10651","post","type-post","status-publish","format-standard","has-post-thumbnail","hentry","category-educacion","category-salud"],"yoast_head":"<!-- This site is optimized with the Yoast SEO plugin v27.4 - https:\/\/yoast.com\/product\/yoast-seo-wordpress\/ -->\n<title>(Espa\u00f1ol) Atenci\u00f3n temprana: c\u00f3mo detectar y actuar ante trastornos del desarrollo en ni\u00f1os<\/title>\n<meta name=\"description\" content=\"(Espa\u00f1ol) Gu\u00eda sobre atenci\u00f3n temprana: se\u00f1ales de alerta, detecci\u00f3n precoz y c\u00f3mo intervenir ante trastornos del desarrollo infantil.\" \/>\n<meta name=\"robots\" content=\"index, follow, max-snippet:-1, max-image-preview:large, max-video-preview:-1\" \/>\n<link rel=\"canonical\" href=\"https:\/\/psicopico.com\/atencion-temprana-como-detectar-y-actuar\/\" \/>\n<meta property=\"og:locale\" content=\"en_US\" \/>\n<meta property=\"og:type\" content=\"article\" \/>\n<meta property=\"og:title\" content=\"[:es]Atenci\u00f3n temprana: c\u00f3mo detectar y actuar ante trastornos del desarrollo en ni\u00f1os[:]\" \/>\n<meta property=\"og:description\" content=\"{:es}Gu\u00eda sobre atenci\u00f3n temprana: se\u00f1ales de alerta, detecci\u00f3n precoz y c\u00f3mo intervenir ante trastornos del desarrollo infantil.{:}\" \/>\n<meta property=\"og:url\" content=\"https:\/\/psicopico.com\/atencion-temprana-como-detectar-y-actuar\/\" \/>\n<meta property=\"og:site_name\" content=\"PsicoPico\" \/>\n<meta property=\"article:publisher\" content=\"https:\/\/es-la.facebook.com\/psicopicopsicologia\/\" \/>\n<meta property=\"article:author\" content=\"https:\/\/www.facebook.com\/psicopicopsicologia\/\" \/>\n<meta property=\"article:published_time\" content=\"2026-04-29T12:15:45+00:00\" \/>\n<meta property=\"article:modified_time\" content=\"2026-04-29T12:18:43+00:00\" \/>\n<meta property=\"og:image\" content=\"https:\/\/psicopico.com\/wp-content\/uploads\/2026\/04\/ATENCION-TEMPRANA.jpg\" \/>\n\t<meta property=\"og:image:width\" content=\"1280\" \/>\n\t<meta property=\"og:image:height\" content=\"853\" \/>\n\t<meta property=\"og:image:type\" content=\"image\/jpeg\" \/>\n<meta name=\"author\" content=\"Iv\u00e1n Pico\" \/>\n<meta name=\"twitter:card\" content=\"summary_large_image\" \/>\n<meta name=\"twitter:creator\" content=\"@psicopico\" \/>\n<meta name=\"twitter:site\" content=\"@psicopico\" \/>\n<meta name=\"twitter:label1\" content=\"Written by\" \/>\n\t<meta name=\"twitter:data1\" content=\"Iv\u00e1n Pico\" \/>\n\t<meta name=\"twitter:label2\" content=\"Est. reading time\" \/>\n\t<meta name=\"twitter:data2\" content=\"8 minutes\" \/>\n<script type=\"application\/ld+json\" class=\"yoast-schema-graph\">{\"@context\":\"https:\\\/\\\/schema.org\",\"@graph\":[{\"@type\":\"Article\",\"@id\":\"https:\\\/\\\/psicopico.com\\\/atencion-temprana-como-detectar-y-actuar\\\/#article\",\"isPartOf\":{\"@id\":\"https:\\\/\\\/psicopico.com\\\/atencion-temprana-como-detectar-y-actuar\\\/\"},\"author\":{\"name\":\"Iv\u00e1n Pico\",\"@id\":\"https:\\\/\\\/psicopico.com\\\/#\\\/schema\\\/person\\\/e90a6b8840bf0a67abfaa95093cbda44\"},\"headline\":\"(Espa\u00f1ol) Atenci\u00f3n temprana: detectar trastornos del desarrollo en ni\u00f1os\",\"datePublished\":\"2026-04-29T12:15:45+00:00\",\"dateModified\":\"2026-04-29T12:18:43+00:00\",\"mainEntityOfPage\":{\"@id\":\"https:\\\/\\\/psicopico.com\\\/atencion-temprana-como-detectar-y-actuar\\\/\"},\"wordCount\":1761,\"commentCount\":0,\"publisher\":{\"@id\":\"https:\\\/\\\/psicopico.com\\\/#organization\"},\"image\":{\"@id\":\"https:\\\/\\\/psicopico.com\\\/atencion-temprana-como-detectar-y-actuar\\\/#primaryimage\"},\"thumbnailUrl\":\"https:\\\/\\\/i0.wp.com\\\/psicopico.com\\\/wp-content\\\/uploads\\\/2026\\\/04\\\/ATENCION-TEMPRANA.jpg?fit=1280%2C853&ssl=1\",\"articleSection\":[\"Educaci\u00f3n\",\"Sa\u00fade\"],\"inLanguage\":\"gal-GAL\",\"potentialAction\":[{\"@type\":\"CommentAction\",\"name\":\"Comment\",\"target\":[\"https:\\\/\\\/psicopico.com\\\/atencion-temprana-como-detectar-y-actuar\\\/#respond\"]}]},{\"@type\":[\"WebPage\",\"ItemPage\"],\"@id\":\"https:\\\/\\\/psicopico.com\\\/atencion-temprana-como-detectar-y-actuar\\\/\",\"url\":\"https:\\\/\\\/psicopico.com\\\/atencion-temprana-como-detectar-y-actuar\\\/\",\"name\":\"[:es]Atenci\u00f3n temprana: c\u00f3mo detectar y actuar ante trastornos del desarrollo en ni\u00f1os[:]\",\"isPartOf\":{\"@id\":\"https:\\\/\\\/psicopico.com\\\/#website\"},\"primaryImageOfPage\":{\"@id\":\"https:\\\/\\\/psicopico.com\\\/atencion-temprana-como-detectar-y-actuar\\\/#primaryimage\"},\"image\":{\"@id\":\"https:\\\/\\\/psicopico.com\\\/atencion-temprana-como-detectar-y-actuar\\\/#primaryimage\"},\"thumbnailUrl\":\"https:\\\/\\\/i0.wp.com\\\/psicopico.com\\\/wp-content\\\/uploads\\\/2026\\\/04\\\/ATENCION-TEMPRANA.jpg?fit=1280%2C853&ssl=1\",\"datePublished\":\"2026-04-29T12:15:45+00:00\",\"dateModified\":\"2026-04-29T12:18:43+00:00\",\"description\":\"{:es}Gu\u00eda sobre atenci\u00f3n temprana: se\u00f1ales de alerta, detecci\u00f3n precoz y c\u00f3mo intervenir ante trastornos del desarrollo infantil.{:}\",\"breadcrumb\":{\"@id\":\"https:\\\/\\\/psicopico.com\\\/atencion-temprana-como-detectar-y-actuar\\\/#breadcrumb\"},\"inLanguage\":\"gal-GAL\",\"potentialAction\":[{\"@type\":\"ReadAction\",\"target\":[\"https:\\\/\\\/psicopico.com\\\/atencion-temprana-como-detectar-y-actuar\\\/\"]}]},{\"@type\":\"ImageObject\",\"inLanguage\":\"gal-GAL\",\"@id\":\"https:\\\/\\\/psicopico.com\\\/atencion-temprana-como-detectar-y-actuar\\\/#primaryimage\",\"url\":\"https:\\\/\\\/i0.wp.com\\\/psicopico.com\\\/wp-content\\\/uploads\\\/2026\\\/04\\\/ATENCION-TEMPRANA.jpg?fit=1280%2C853&ssl=1\",\"contentUrl\":\"https:\\\/\\\/i0.wp.com\\\/psicopico.com\\\/wp-content\\\/uploads\\\/2026\\\/04\\\/ATENCION-TEMPRANA.jpg?fit=1280%2C853&ssl=1\",\"width\":1280,\"height\":853,\"caption\":\"ATENCION TEMPRANA\"},{\"@type\":\"BreadcrumbList\",\"@id\":\"https:\\\/\\\/psicopico.com\\\/atencion-temprana-como-detectar-y-actuar\\\/#breadcrumb\",\"itemListElement\":[{\"@type\":\"ListItem\",\"position\":1,\"name\":\"Inicio\",\"item\":\"https:\\\/\\\/psicopico.com\\\/\"},{\"@type\":\"ListItem\",\"position\":2,\"name\":\"Atenci\u00f3n temprana: detectar trastornos del desarrollo en ni\u00f1os\"}]},{\"@type\":\"WebSite\",\"@id\":\"https:\\\/\\\/psicopico.com\\\/#website\",\"url\":\"https:\\\/\\\/psicopico.com\\\/\",\"name\":\"PsicoPico\",\"description\":\"Psicopico - Psicolox\u00eda Online por Iv\u00e1n Pico\",\"publisher\":{\"@id\":\"https:\\\/\\\/psicopico.com\\\/#organization\"},\"potentialAction\":[{\"@type\":\"SearchAction\",\"target\":{\"@type\":\"EntryPoint\",\"urlTemplate\":\"https:\\\/\\\/psicopico.com\\\/?s={search_term_string}\"},\"query-input\":{\"@type\":\"PropertyValueSpecification\",\"valueRequired\":true,\"valueName\":\"search_term_string\"}}],\"inLanguage\":\"gal-GAL\"},{\"@type\":\"Organization\",\"@id\":\"https:\\\/\\\/psicopico.com\\\/#organization\",\"name\":\"Psicopico\",\"url\":\"https:\\\/\\\/psicopico.com\\\/\",\"logo\":{\"@type\":\"ImageObject\",\"inLanguage\":\"gal-GAL\",\"@id\":\"https:\\\/\\\/psicopico.com\\\/#\\\/schema\\\/logo\\\/image\\\/\",\"url\":\"https:\\\/\\\/i0.wp.com\\\/psicopico.com\\\/wp-content\\\/uploads\\\/2015\\\/12\\\/logowebpsicopico.png?fit=377%2C113&ssl=1\",\"contentUrl\":\"https:\\\/\\\/i0.wp.com\\\/psicopico.com\\\/wp-content\\\/uploads\\\/2015\\\/12\\\/logowebpsicopico.png?fit=377%2C113&ssl=1\",\"width\":\"377\",\"height\":\"113\",\"caption\":\"Psicopico\"},\"image\":{\"@id\":\"https:\\\/\\\/psicopico.com\\\/#\\\/schema\\\/logo\\\/image\\\/\"},\"sameAs\":[\"https:\\\/\\\/es-la.facebook.com\\\/psicopicopsicologia\\\/\",\"https:\\\/\\\/x.com\\\/psicopico\",\"https:\\\/\\\/instagram.com\\\/psicopico\",\"https:\\\/\\\/es.linkedin.com\\\/in\\\/iv\u00e1n-pico-mart\u00ednez-5bb46873\",\"https:\\\/\\\/www.pinterest.es\\\/psicopico\\\/\",\"https:\\\/\\\/www.youtube.com\\\/channel\\\/UCwM4gAydCyOv_3sBkqVb74Q\"]},{\"@type\":\"Person\",\"@id\":\"https:\\\/\\\/psicopico.com\\\/#\\\/schema\\\/person\\\/e90a6b8840bf0a67abfaa95093cbda44\",\"name\":\"Iv\u00e1n Pico\",\"image\":{\"@type\":\"ImageObject\",\"inLanguage\":\"gal-GAL\",\"@id\":\"https:\\\/\\\/secure.gravatar.com\\\/avatar\\\/db757e40cd044bc752196ef8f9c1ed3c3c79321f8c82624947f51448030b8af1?s=96&d=mm&r=g\",\"url\":\"https:\\\/\\\/secure.gravatar.com\\\/avatar\\\/db757e40cd044bc752196ef8f9c1ed3c3c79321f8c82624947f51448030b8af1?s=96&d=mm&r=g\",\"contentUrl\":\"https:\\\/\\\/secure.gravatar.com\\\/avatar\\\/db757e40cd044bc752196ef8f9c1ed3c3c79321f8c82624947f51448030b8af1?s=96&d=mm&r=g\",\"caption\":\"Iv\u00e1n Pico\"},\"description\":\"Director y creador de Psicopico.com. Psic\u00f3logo Colegiado G-5480. Graduado en Psicolog\u00eda. Diplomado en Ciencias Empresariales y M\u00e1ster en Orientaci\u00f3n Profesional. M\u00e1ster en Psicolog\u00eda del Trabajo y Organizaciones. Posgrado en Psicolog\u00eda del Deporte y Entrenador Profesional de Futsal Nivel 3. Visita la secci\u00f3n \\\"Sobre m\u00ed\\\"para saber m\u00e1s. \u00bfQuieres una consulta personalizada? \u00a1Contacta conmigo en https:\\\/\\\/ivanpico.es\\\/!\",\"sameAs\":[\"https:\\\/\\\/www.psicopico.com\",\"https:\\\/\\\/www.facebook.com\\\/psicopicopsicologia\\\/\",\"https:\\\/\\\/www.instagram.com\\\/psicopico\\\/\",\"https:\\\/\\\/www.linkedin.com\\\/in\\\/ivan-pico-martinez\",\"https:\\\/\\\/x.com\\\/psicopico\",\"https:\\\/\\\/www.youtube.com\\\/channel\\\/UCwM4gAydCyOv_3sBkqVb74Q\"],\"url\":\"https:\\\/\\\/psicopico.com\\\/gl\\\/author\\\/ivan-pico-psicologo-lugo\\\/\"}]}<\/script>\n<!-- \/ Yoast SEO plugin. -->","yoast_head_json":{"title":"(Espa\u00f1ol) Atenci\u00f3n temprana: c\u00f3mo detectar y actuar ante trastornos del desarrollo en ni\u00f1os","description":"(Espa\u00f1ol) Gu\u00eda sobre atenci\u00f3n temprana: se\u00f1ales de alerta, detecci\u00f3n precoz y c\u00f3mo intervenir ante trastornos del desarrollo infantil.","robots":{"index":"index","follow":"follow","max-snippet":"max-snippet:-1","max-image-preview":"max-image-preview:large","max-video-preview":"max-video-preview:-1"},"canonical":"https:\/\/psicopico.com\/atencion-temprana-como-detectar-y-actuar\/","og_locale":"en_US","og_type":"article","og_title":"[:es]Atenci\u00f3n temprana: c\u00f3mo detectar y actuar ante trastornos del desarrollo en ni\u00f1os[:]","og_description":"{:es}Gu\u00eda sobre atenci\u00f3n temprana: se\u00f1ales de alerta, detecci\u00f3n precoz y c\u00f3mo intervenir ante trastornos del desarrollo infantil.{:}","og_url":"https:\/\/psicopico.com\/atencion-temprana-como-detectar-y-actuar\/","og_site_name":"PsicoPico","article_publisher":"https:\/\/es-la.facebook.com\/psicopicopsicologia\/","article_author":"https:\/\/www.facebook.com\/psicopicopsicologia\/","article_published_time":"2026-04-29T12:15:45+00:00","article_modified_time":"2026-04-29T12:18:43+00:00","og_image":[{"width":1280,"height":853,"url":"https:\/\/psicopico.com\/wp-content\/uploads\/2026\/04\/ATENCION-TEMPRANA.jpg","type":"image\/jpeg"}],"author":"Iv\u00e1n Pico","twitter_card":"summary_large_image","twitter_creator":"@psicopico","twitter_site":"@psicopico","twitter_misc":{"Written by":"Iv\u00e1n Pico","Est. reading time":"8 minutes"},"schema":{"@context":"https:\/\/schema.org","@graph":[{"@type":"Article","@id":"https:\/\/psicopico.com\/atencion-temprana-como-detectar-y-actuar\/#article","isPartOf":{"@id":"https:\/\/psicopico.com\/atencion-temprana-como-detectar-y-actuar\/"},"author":{"name":"Iv\u00e1n Pico","@id":"https:\/\/psicopico.com\/#\/schema\/person\/e90a6b8840bf0a67abfaa95093cbda44"},"headline":"(Espa\u00f1ol) Atenci\u00f3n temprana: detectar trastornos del desarrollo en ni\u00f1os","datePublished":"2026-04-29T12:15:45+00:00","dateModified":"2026-04-29T12:18:43+00:00","mainEntityOfPage":{"@id":"https:\/\/psicopico.com\/atencion-temprana-como-detectar-y-actuar\/"},"wordCount":1761,"commentCount":0,"publisher":{"@id":"https:\/\/psicopico.com\/#organization"},"image":{"@id":"https:\/\/psicopico.com\/atencion-temprana-como-detectar-y-actuar\/#primaryimage"},"thumbnailUrl":"https:\/\/i0.wp.com\/psicopico.com\/wp-content\/uploads\/2026\/04\/ATENCION-TEMPRANA.jpg?fit=1280%2C853&ssl=1","articleSection":["Educaci\u00f3n","Sa\u00fade"],"inLanguage":"gal-GAL","potentialAction":[{"@type":"CommentAction","name":"Comment","target":["https:\/\/psicopico.com\/atencion-temprana-como-detectar-y-actuar\/#respond"]}]},{"@type":["WebPage","ItemPage"],"@id":"https:\/\/psicopico.com\/atencion-temprana-como-detectar-y-actuar\/","url":"https:\/\/psicopico.com\/atencion-temprana-como-detectar-y-actuar\/","name":"[:es]Atenci\u00f3n temprana: c\u00f3mo detectar y actuar ante trastornos del desarrollo en ni\u00f1os[:]","isPartOf":{"@id":"https:\/\/psicopico.com\/#website"},"primaryImageOfPage":{"@id":"https:\/\/psicopico.com\/atencion-temprana-como-detectar-y-actuar\/#primaryimage"},"image":{"@id":"https:\/\/psicopico.com\/atencion-temprana-como-detectar-y-actuar\/#primaryimage"},"thumbnailUrl":"https:\/\/i0.wp.com\/psicopico.com\/wp-content\/uploads\/2026\/04\/ATENCION-TEMPRANA.jpg?fit=1280%2C853&ssl=1","datePublished":"2026-04-29T12:15:45+00:00","dateModified":"2026-04-29T12:18:43+00:00","description":"{:es}Gu\u00eda sobre atenci\u00f3n temprana: se\u00f1ales de alerta, detecci\u00f3n precoz y c\u00f3mo intervenir ante trastornos del desarrollo infantil.{:}","breadcrumb":{"@id":"https:\/\/psicopico.com\/atencion-temprana-como-detectar-y-actuar\/#breadcrumb"},"inLanguage":"gal-GAL","potentialAction":[{"@type":"ReadAction","target":["https:\/\/psicopico.com\/atencion-temprana-como-detectar-y-actuar\/"]}]},{"@type":"ImageObject","inLanguage":"gal-GAL","@id":"https:\/\/psicopico.com\/atencion-temprana-como-detectar-y-actuar\/#primaryimage","url":"https:\/\/i0.wp.com\/psicopico.com\/wp-content\/uploads\/2026\/04\/ATENCION-TEMPRANA.jpg?fit=1280%2C853&ssl=1","contentUrl":"https:\/\/i0.wp.com\/psicopico.com\/wp-content\/uploads\/2026\/04\/ATENCION-TEMPRANA.jpg?fit=1280%2C853&ssl=1","width":1280,"height":853,"caption":"ATENCION TEMPRANA"},{"@type":"BreadcrumbList","@id":"https:\/\/psicopico.com\/atencion-temprana-como-detectar-y-actuar\/#breadcrumb","itemListElement":[{"@type":"ListItem","position":1,"name":"Inicio","item":"https:\/\/psicopico.com\/"},{"@type":"ListItem","position":2,"name":"Atenci\u00f3n temprana: detectar trastornos del desarrollo en ni\u00f1os"}]},{"@type":"WebSite","@id":"https:\/\/psicopico.com\/#website","url":"https:\/\/psicopico.com\/","name":"PsicoPico","description":"Psicopico - Psicolox\u00eda Online por Iv\u00e1n Pico","publisher":{"@id":"https:\/\/psicopico.com\/#organization"},"potentialAction":[{"@type":"SearchAction","target":{"@type":"EntryPoint","urlTemplate":"https:\/\/psicopico.com\/?s={search_term_string}"},"query-input":{"@type":"PropertyValueSpecification","valueRequired":true,"valueName":"search_term_string"}}],"inLanguage":"gal-GAL"},{"@type":"Organization","@id":"https:\/\/psicopico.com\/#organization","name":"Psicopico","url":"https:\/\/psicopico.com\/","logo":{"@type":"ImageObject","inLanguage":"gal-GAL","@id":"https:\/\/psicopico.com\/#\/schema\/logo\/image\/","url":"https:\/\/i0.wp.com\/psicopico.com\/wp-content\/uploads\/2015\/12\/logowebpsicopico.png?fit=377%2C113&ssl=1","contentUrl":"https:\/\/i0.wp.com\/psicopico.com\/wp-content\/uploads\/2015\/12\/logowebpsicopico.png?fit=377%2C113&ssl=1","width":"377","height":"113","caption":"Psicopico"},"image":{"@id":"https:\/\/psicopico.com\/#\/schema\/logo\/image\/"},"sameAs":["https:\/\/es-la.facebook.com\/psicopicopsicologia\/","https:\/\/x.com\/psicopico","https:\/\/instagram.com\/psicopico","https:\/\/es.linkedin.com\/in\/iv\u00e1n-pico-mart\u00ednez-5bb46873","https:\/\/www.pinterest.es\/psicopico\/","https:\/\/www.youtube.com\/channel\/UCwM4gAydCyOv_3sBkqVb74Q"]},{"@type":"Person","@id":"https:\/\/psicopico.com\/#\/schema\/person\/e90a6b8840bf0a67abfaa95093cbda44","name":"Iv\u00e1n Pico","image":{"@type":"ImageObject","inLanguage":"gal-GAL","@id":"https:\/\/secure.gravatar.com\/avatar\/db757e40cd044bc752196ef8f9c1ed3c3c79321f8c82624947f51448030b8af1?s=96&d=mm&r=g","url":"https:\/\/secure.gravatar.com\/avatar\/db757e40cd044bc752196ef8f9c1ed3c3c79321f8c82624947f51448030b8af1?s=96&d=mm&r=g","contentUrl":"https:\/\/secure.gravatar.com\/avatar\/db757e40cd044bc752196ef8f9c1ed3c3c79321f8c82624947f51448030b8af1?s=96&d=mm&r=g","caption":"Iv\u00e1n Pico"},"description":"Director y creador de Psicopico.com. Psic\u00f3logo Colegiado G-5480. Graduado en Psicolog\u00eda. Diplomado en Ciencias Empresariales y M\u00e1ster en Orientaci\u00f3n Profesional. M\u00e1ster en Psicolog\u00eda del Trabajo y Organizaciones. Posgrado en Psicolog\u00eda del Deporte y Entrenador Profesional de Futsal Nivel 3. Visita la secci\u00f3n \"Sobre m\u00ed\"para saber m\u00e1s. \u00bfQuieres una consulta personalizada? \u00a1Contacta conmigo en https:\/\/ivanpico.es\/!","sameAs":["https:\/\/www.psicopico.com","https:\/\/www.facebook.com\/psicopicopsicologia\/","https:\/\/www.instagram.com\/psicopico\/","https:\/\/www.linkedin.com\/in\/ivan-pico-martinez","https:\/\/x.com\/psicopico","https:\/\/www.youtube.com\/channel\/UCwM4gAydCyOv_3sBkqVb74Q"],"url":"https:\/\/psicopico.com\/gl\/author\/ivan-pico-psicologo-lugo\/"}]}},"jetpack_featured_media_url":"https:\/\/i0.wp.com\/psicopico.com\/wp-content\/uploads\/2026\/04\/ATENCION-TEMPRANA.jpg?fit=1280%2C853&ssl=1","jetpack_shortlink":"https:\/\/wp.me\/p6Zx58-2LN","jetpack_sharing_enabled":true,"_links":{"self":[{"href":"https:\/\/psicopico.com\/gl\/wp-json\/wp\/v2\/posts\/10651","targetHints":{"allow":["GET"]}}],"collection":[{"href":"https:\/\/psicopico.com\/gl\/wp-json\/wp\/v2\/posts"}],"about":[{"href":"https:\/\/psicopico.com\/gl\/wp-json\/wp\/v2\/types\/post"}],"author":[{"embeddable":true,"href":"https:\/\/psicopico.com\/gl\/wp-json\/wp\/v2\/users\/1"}],"replies":[{"embeddable":true,"href":"https:\/\/psicopico.com\/gl\/wp-json\/wp\/v2\/comments?post=10651"}],"version-history":[{"count":0,"href":"https:\/\/psicopico.com\/gl\/wp-json\/wp\/v2\/posts\/10651\/revisions"}],"wp:featuredmedia":[{"embeddable":true,"href":"https:\/\/psicopico.com\/gl\/wp-json\/wp\/v2\/media\/10652"}],"wp:attachment":[{"href":"https:\/\/psicopico.com\/gl\/wp-json\/wp\/v2\/media?parent=10651"}],"wp:term":[{"taxonomy":"category","embeddable":true,"href":"https:\/\/psicopico.com\/gl\/wp-json\/wp\/v2\/categories?post=10651"},{"taxonomy":"post_tag","embeddable":true,"href":"https:\/\/psicopico.com\/gl\/wp-json\/wp\/v2\/tags?post=10651"}],"curies":[{"name":"wp","href":"https:\/\/api.w.org\/{rel}","templated":true}]}}