{"id":10474,"date":"2026-01-22T12:33:19","date_gmt":"2026-01-22T11:33:19","guid":{"rendered":"https:\/\/psicopico.com\/?p=10474"},"modified":"2026-01-22T12:33:19","modified_gmt":"2026-01-22T11:33:19","slug":"insomnio-por-ansiedad-sintomas-y-como-tratarlo","status":"publish","type":"post","link":"https:\/\/psicopico.com\/gl\/insomnio-por-ansiedad-sintomas-y-como-tratarlo\/","title":{"rendered":"(Espa\u00f1ol) Insomnio por ansiedad: s\u00edntomas y c\u00f3mo tratarlo"},"content":{"rendered":"<p class=\"qtranxs-available-languages-message qtranxs-available-languages-message-gl\">Esta noticia non est\u00e1 dispo\u00f1ible en galego...sent\u00edmolo. Proba en castel\u00e1n. Apertas! For the sake of viewer convenience, the content is shown below in the alternative language. You may click the link to switch the active language.<\/p><h2><strong>\u00bfQu\u00e9 es el insomnio por ansiedad?<\/strong><\/h2>\n<p>El insomnio es uno de los problemas de sue\u00f1o m\u00e1s frecuentes y suele estar estrechamente relacionado con la ansiedad. Seg\u00fan la psic\u00f3loga sanitaria <strong>Zoraida Rodr\u00edguez V\u00edlchez<\/strong>, en la mayor\u00eda de los casos el insomnio se sostiene sobre dos pilares: <strong>preocupaciones<\/strong> y <strong>malos h\u00e1bitos de sue\u00f1o<\/strong>.<\/p>\n<p>Tras un d\u00eda cargado de est\u00edmulos, obligaciones y pantallas, muchas personas llegan a la cama con la intenci\u00f3n de desconectar. Sin embargo, justo en ese momento aparece la activaci\u00f3n mental: la mente repasa lo pendiente, anticipa problemas y revive momentos del d\u00eda. El cuerpo est\u00e1 agotado, pero la cabeza sigue funcionando como si todav\u00eda hubiera asuntos urgentes que resolver.<\/p>\n<p>Cuando la ansiedad est\u00e1 presente, el insomnio no es simplemente \u201cdormir poco\u201d: implica dificultad para conciliar el sue\u00f1o, para mantenerlo o para obtener un descanso reparador. Adem\u00e1s, el propio miedo a no dormir se convierte en un problema a\u00f1adido, generando un c\u00edrculo vicioso:<br \/>\n<strong>m\u00e1s ansiedad \u2192 peor sue\u00f1o \u2192 m\u00e1s cansancio \u2192 m\u00e1s pensamientos negativos \u2192 m\u00e1s ansiedad<\/strong>.<\/p>\n<h2><strong>S\u00edntomas del insomnio por ansiedad<\/strong><\/h2>\n<p>Siguiendo la experiencia de Zoraida Rodr\u00edguez, estos son algunos de los s\u00edntomas m\u00e1s habituales:<\/p>\n<ul>\n<li><strong> Dificultad para conciliar el sue\u00f1o<br \/>\n<\/strong>Aparecen pensamientos encadenados sobre trabajo, familia, salud o responsabilidades. Tambi\u00e9n surge la t\u00edpica frase: \u201csi no duermo, ma\u00f1ana no voy a rendir\u201d, que incrementa a\u00fan m\u00e1s la activaci\u00f3n.<\/li>\n<li><strong> Despertares nocturnos o muy tempranos<br \/>\n<\/strong>Aunque se logra dormir, el sue\u00f1o se interrumpe varias veces y cuesta retomarlo. El despertar temprano suele ir acompa\u00f1ado de una mente acelerada.<\/li>\n<li><strong> Sensaci\u00f3n de no haber descansado<br \/>\n<\/strong>El cansancio, la irritabilidad y la falta de concentraci\u00f3n dominan la ma\u00f1ana, incluso si se ha pasado muchas horas en la cama.<\/li>\n<li><strong> Asociaci\u00f3n negativa con la cama<br \/>\n<\/strong>La cama se convierte en un lugar donde se sufre, se piensa demasiado o se dan vueltas. Muchas personas comienzan incluso a retrasar la hora de acostarse porque anticipan que lo van a pasar mal.<\/li>\n<li><strong> S\u00edntomas f\u00edsicos de ansiedad<br \/>\n<\/strong>Tensi\u00f3n muscular, palpitaciones, respiraci\u00f3n superficial y molestias en el est\u00f3mago, que dificultan entrar en un estado de calma.<\/li>\n<\/ul>\n<h2><strong>Por qu\u00e9 la ansiedad mantiene el insomnio<\/strong><\/h2>\n<p>La ansiedad afecta al sue\u00f1o desde dos frentes fundamentales: el cuerpo y la mente.<\/p>\n<h3><strong>1. El cuerpo se queda en alerta<\/strong><\/h3>\n<p>La ansiedad activa el sistema nervioso como si existiera una amenaza. El coraz\u00f3n late m\u00e1s r\u00e1pido, los m\u00fasculos se tensan y la respiraci\u00f3n se acelera. Ese estado es incompatible con dormirse. Aunque la persona est\u00e9 tumbada, su organismo se comporta como si necesitara estar vigilante.<\/p>\n<h3><strong>2. La mente se llena de rumiaciones<\/strong><\/h3>\n<p>Cuando se apaga la luz y se reduce la actividad externa, los pensamientos adquieren m\u00e1s protagonismo. Surgen preocupaciones sobre el d\u00eda siguiente, dudas, responsabilidades y temores. Tambi\u00e9n aparece la preocupaci\u00f3n por el propio sue\u00f1o: \u201cno voy a descansar\u201d, \u201cma\u00f1ana estar\u00e9 fatal\u201d, \u201cesto nunca mejora\u201d.<\/p>\n<h3><strong>3. H\u00e1bitos que empeoran el problema<\/strong><\/h3>\n<p>Usar la cama para trabajar, revisar el m\u00f3vil, ver series o tener discusiones hace que la mente asocie ese lugar con activaci\u00f3n y no con descanso. A esto se suman horarios irregulares, consumo de estimulantes por la tarde o deporte muy intenso antes de acostarse.<\/p>\n<p>Cuando se combinan cuerpo en alerta, mente preocupada y h\u00e1bitos poco saludables, el insomnio se mantiene y se intensifica.<\/p>\n<h2><strong>C\u00f3mo tratar el insomnio por ansiedad: pautas basadas en psicolog\u00eda<\/strong><\/h2>\n<p>Los enfoques psicol\u00f3gicos que suelen aplicarse en estos casos se apoyan en tres pilares: <strong>control de est\u00edmulos<\/strong>, <strong>higiene del sue\u00f1o<\/strong> y <strong>manejo de pensamientos y emociones<\/strong>.<\/p>\n<h3><strong>1. Reeducar la relaci\u00f3n con la cama (control de est\u00edmulos)<\/strong><\/h3>\n<p>El objetivo es que la cama vuelva a estar asociada al descanso. Las pautas m\u00e1s importantes son:<\/p>\n<ul>\n<li>Acostarse <strong>solo cuando exista sue\u00f1o real<\/strong>, no por obligaci\u00f3n.<\/li>\n<li>Usar la cama \u00fanicamente para dormir o para intimidad.<\/li>\n<li>Evitar trabajar, comer, ver series o revisar el m\u00f3vil en la cama.<\/li>\n<li>Si pasan 20\u201330 minutos sin dormirse, levantarse y cambiar de habitaci\u00f3n. Realizar una actividad tranquila hasta que vuelva la somnolencia.<\/li>\n<li>Mantener la misma hora de levantarse todos los d\u00edas.<\/li>\n<li>Evitar siestas prolongadas.<\/li>\n<\/ul>\n<p>Con el tiempo, el cerebro vuelve a identificar la cama como un lugar seguro donde dormir, no donde preocuparse.<\/p>\n<h3><strong>2. Mejorar la higiene del sue\u00f1o<\/strong><\/h3>\n<p>Algunas pautas fundamentales son:<\/p>\n<ul>\n<li>Crear una rutina relajante antes de acostarse (lectura, ducha templada, m\u00fasica suave).<\/li>\n<li>Reducir el uso de pantallas al menos una hora antes de dormir.<\/li>\n<li>Mantener el dormitorio con temperatura agradable, poca luz y un ambiente tranquilo.<\/li>\n<li>Limitar la cafe\u00edna, nicotina y alcohol por la tarde-noche.<\/li>\n<li>Evitar ejercicio muy intenso justo antes de ir a la cama.<\/li>\n<\/ul>\n<p>Estos h\u00e1bitos act\u00faan como se\u00f1ales que preparan al cuerpo y a la mente para entrar en modo descanso.<\/p>\n<h3><strong>3. Regular pensamientos y preocupaciones<\/strong><\/h3>\n<p>Trabajar la parte cognitiva es esencial. Las pautas m\u00e1s \u00fatiles suelen ser:<\/p>\n<ul>\n<li>Anotar preocupaciones durante el d\u00eda para evitar que aparezcan todas por la noche.<\/li>\n<li>Identificar pensamientos irracionales como \u201csi no duermo ocho horas, no podr\u00e9 hacer nada\u201d o \u201cesto no va a cambiar\u201d, y reemplazarlos por ideas m\u00e1s realistas.<\/li>\n<li>Practicar t\u00e9cnicas de relajaci\u00f3n (respiraci\u00f3n profunda, relajaci\u00f3n muscular, mindfulness) para reducir la activaci\u00f3n f\u00edsica.<\/li>\n<\/ul>\n<p>El objetivo no es \u201cforzar dormirse\u201d, sino crear condiciones que faciliten que el sue\u00f1o llegue de forma natural.<\/p>\n<h2><strong>Cu\u00e1ndo buscar ayuda profesional<\/strong><\/h2>\n<p>Si el insomnio lleva semanas o meses, afecta al rendimiento o al estado de \u00e1nimo, o se acompa\u00f1a de ansiedad intensa, es recomendable consultar con un psic\u00f3logo especializado en ansiedad y trastornos del sue\u00f1o.<\/p>\n<p>La experiencia cl\u00ednica muestra que, cuando se aplica un plan estructurado basado en t\u00e9cnicas conductuales y cognitivas, el insomnio por ansiedad suele mejorar de forma significativa.<\/p>\n<p>Para quienes necesiten un acompa\u00f1amiento profesional, la psic\u00f3loga sanitaria <strong>Zoraida Rodr\u00edguez V\u00edlchez<\/strong> y su equipo en <strong>ZRPsic\u00f3logos<\/strong> ofrecen <a href=\"https:\/\/zrpsicologos.es\/terapias\/terapia-psicologica-online\/ansiedad\/\">terapia online orientada a la ansiedad<\/a> y a los problemas de sue\u00f1o. Es una opci\u00f3n \u00fatil para quienes prefieren un formato flexible y accesible desde casa.<\/p>\n<p>&nbsp;","protected":false},"excerpt":{"rendered":"<p>Esta noticia non est\u00e1 dispo\u00f1ible en galego&#8230;sent\u00edmolo. Proba en castel\u00e1n. Apertas! For the sake of viewer convenience, the content is shown below in the alternative language. You may click the link to switch the active language.\u00bfQu\u00e9 es el insomnio por ansiedad? El insomnio es uno de los problemas de sue\u00f1o m\u00e1s frecuentes y suele estar [&hellip;]<\/p>\n","protected":false},"author":168,"featured_media":10475,"comment_status":"open","ping_status":"closed","sticky":false,"template":"","format":"standard","meta":{"_jetpack_memberships_contains_paid_content":false,"_joinchat":[],"footnotes":""},"categories":[546,93],"tags":[],"class_list":["post-10474","post","type-post","status-publish","format-standard","has-post-thumbnail","hentry","category-profesion","category-salud"],"yoast_head":"<!-- This site is optimized with the Yoast SEO plugin v27.4 - https:\/\/yoast.com\/product\/yoast-seo-wordpress\/ -->\n<title>(Espa\u00f1ol) Insomnio por ansiedad: s\u00edntomas y c\u00f3mo tratarlo - PsicoPico<\/title>\n<meta name=\"robots\" content=\"index, follow, max-snippet:-1, max-image-preview:large, max-video-preview:-1\" \/>\n<link rel=\"canonical\" href=\"https:\/\/psicopico.com\/insomnio-por-ansiedad-sintomas-y-como-tratarlo\/\" \/>\n<meta property=\"og:locale\" content=\"en_US\" \/>\n<meta property=\"og:type\" content=\"article\" \/>\n<meta property=\"og:title\" content=\"(Espa\u00f1ol) Insomnio por ansiedad: s\u00edntomas y c\u00f3mo tratarlo - PsicoPico\" \/>\n<meta property=\"og:description\" content=\"Esta noticia non est\u00e1 dispo\u00f1ible en galego...sent\u00edmolo. Proba en castel\u00e1n. Apertas! For the sake of viewer convenience, the content is shown below in the alternative language. You may click the link to switch the active language.\u00bfQu\u00e9 es el insomnio por ansiedad? El insomnio es uno de los problemas de sue\u00f1o m\u00e1s frecuentes y suele estar [&hellip;]\" \/>\n<meta property=\"og:url\" content=\"https:\/\/psicopico.com\/insomnio-por-ansiedad-sintomas-y-como-tratarlo\/\" \/>\n<meta property=\"og:site_name\" content=\"PsicoPico\" \/>\n<meta property=\"article:publisher\" content=\"https:\/\/es-la.facebook.com\/psicopicopsicologia\/\" \/>\n<meta property=\"article:published_time\" content=\"2026-01-22T11:33:19+00:00\" \/>\n<meta property=\"og:image\" content=\"https:\/\/psicopico.com\/wp-content\/uploads\/2026\/01\/therapy-10029718_1280.png\" \/>\n\t<meta property=\"og:image:width\" content=\"1280\" \/>\n\t<meta property=\"og:image:height\" content=\"909\" \/>\n\t<meta property=\"og:image:type\" content=\"image\/png\" \/>\n<meta name=\"author\" content=\"Redacci\u00f3n\" \/>\n<meta name=\"twitter:card\" content=\"summary_large_image\" \/>\n<meta name=\"twitter:creator\" content=\"@psicopico\" \/>\n<meta name=\"twitter:site\" content=\"@psicopico\" \/>\n<meta name=\"twitter:label1\" content=\"Written by\" \/>\n\t<meta name=\"twitter:data1\" content=\"Redacci\u00f3n\" \/>\n\t<meta name=\"twitter:label2\" content=\"Est. reading time\" \/>\n\t<meta name=\"twitter:data2\" content=\"5 minutes\" \/>\n<script type=\"application\/ld+json\" class=\"yoast-schema-graph\">{\"@context\":\"https:\\\/\\\/schema.org\",\"@graph\":[{\"@type\":\"Article\",\"@id\":\"https:\\\/\\\/psicopico.com\\\/insomnio-por-ansiedad-sintomas-y-como-tratarlo\\\/#article\",\"isPartOf\":{\"@id\":\"https:\\\/\\\/psicopico.com\\\/insomnio-por-ansiedad-sintomas-y-como-tratarlo\\\/\"},\"author\":{\"name\":\"Redacci\u00f3n\",\"@id\":\"https:\\\/\\\/psicopico.com\\\/#\\\/schema\\\/person\\\/56f68638e4701296aab5da5cf736cdbd\"},\"headline\":\"(Espa\u00f1ol) Insomnio por ansiedad: s\u00edntomas y c\u00f3mo tratarlo\",\"datePublished\":\"2026-01-22T11:33:19+00:00\",\"mainEntityOfPage\":{\"@id\":\"https:\\\/\\\/psicopico.com\\\/insomnio-por-ansiedad-sintomas-y-como-tratarlo\\\/\"},\"wordCount\":1059,\"commentCount\":0,\"publisher\":{\"@id\":\"https:\\\/\\\/psicopico.com\\\/#organization\"},\"image\":{\"@id\":\"https:\\\/\\\/psicopico.com\\\/insomnio-por-ansiedad-sintomas-y-como-tratarlo\\\/#primaryimage\"},\"thumbnailUrl\":\"https:\\\/\\\/i0.wp.com\\\/psicopico.com\\\/wp-content\\\/uploads\\\/2026\\\/01\\\/therapy-10029718_1280.png?fit=1280%2C909&ssl=1\",\"articleSection\":[\"Profesi\u00f3n\",\"Sa\u00fade\"],\"inLanguage\":\"gal-GAL\",\"potentialAction\":[{\"@type\":\"CommentAction\",\"name\":\"Comment\",\"target\":[\"https:\\\/\\\/psicopico.com\\\/insomnio-por-ansiedad-sintomas-y-como-tratarlo\\\/#respond\"]}]},{\"@type\":[\"WebPage\",\"ItemPage\"],\"@id\":\"https:\\\/\\\/psicopico.com\\\/insomnio-por-ansiedad-sintomas-y-como-tratarlo\\\/\",\"url\":\"https:\\\/\\\/psicopico.com\\\/insomnio-por-ansiedad-sintomas-y-como-tratarlo\\\/\",\"name\":\"(Espa\u00f1ol) Insomnio por ansiedad: s\u00edntomas y c\u00f3mo tratarlo - PsicoPico\",\"isPartOf\":{\"@id\":\"https:\\\/\\\/psicopico.com\\\/#website\"},\"primaryImageOfPage\":{\"@id\":\"https:\\\/\\\/psicopico.com\\\/insomnio-por-ansiedad-sintomas-y-como-tratarlo\\\/#primaryimage\"},\"image\":{\"@id\":\"https:\\\/\\\/psicopico.com\\\/insomnio-por-ansiedad-sintomas-y-como-tratarlo\\\/#primaryimage\"},\"thumbnailUrl\":\"https:\\\/\\\/i0.wp.com\\\/psicopico.com\\\/wp-content\\\/uploads\\\/2026\\\/01\\\/therapy-10029718_1280.png?fit=1280%2C909&ssl=1\",\"datePublished\":\"2026-01-22T11:33:19+00:00\",\"breadcrumb\":{\"@id\":\"https:\\\/\\\/psicopico.com\\\/insomnio-por-ansiedad-sintomas-y-como-tratarlo\\\/#breadcrumb\"},\"inLanguage\":\"gal-GAL\",\"potentialAction\":[{\"@type\":\"ReadAction\",\"target\":[\"https:\\\/\\\/psicopico.com\\\/insomnio-por-ansiedad-sintomas-y-como-tratarlo\\\/\"]}]},{\"@type\":\"ImageObject\",\"inLanguage\":\"gal-GAL\",\"@id\":\"https:\\\/\\\/psicopico.com\\\/insomnio-por-ansiedad-sintomas-y-como-tratarlo\\\/#primaryimage\",\"url\":\"https:\\\/\\\/i0.wp.com\\\/psicopico.com\\\/wp-content\\\/uploads\\\/2026\\\/01\\\/therapy-10029718_1280.png?fit=1280%2C909&ssl=1\",\"contentUrl\":\"https:\\\/\\\/i0.wp.com\\\/psicopico.com\\\/wp-content\\\/uploads\\\/2026\\\/01\\\/therapy-10029718_1280.png?fit=1280%2C909&ssl=1\",\"width\":1280,\"height\":909},{\"@type\":\"BreadcrumbList\",\"@id\":\"https:\\\/\\\/psicopico.com\\\/insomnio-por-ansiedad-sintomas-y-como-tratarlo\\\/#breadcrumb\",\"itemListElement\":[{\"@type\":\"ListItem\",\"position\":1,\"name\":\"Inicio\",\"item\":\"https:\\\/\\\/psicopico.com\\\/\"},{\"@type\":\"ListItem\",\"position\":2,\"name\":\"Insomnio por ansiedad: s\u00edntomas y c\u00f3mo tratarlo\"}]},{\"@type\":\"WebSite\",\"@id\":\"https:\\\/\\\/psicopico.com\\\/#website\",\"url\":\"https:\\\/\\\/psicopico.com\\\/\",\"name\":\"PsicoPico\",\"description\":\"Psicopico - Psicolox\u00eda Online por Iv\u00e1n Pico\",\"publisher\":{\"@id\":\"https:\\\/\\\/psicopico.com\\\/#organization\"},\"potentialAction\":[{\"@type\":\"SearchAction\",\"target\":{\"@type\":\"EntryPoint\",\"urlTemplate\":\"https:\\\/\\\/psicopico.com\\\/?s={search_term_string}\"},\"query-input\":{\"@type\":\"PropertyValueSpecification\",\"valueRequired\":true,\"valueName\":\"search_term_string\"}}],\"inLanguage\":\"gal-GAL\"},{\"@type\":\"Organization\",\"@id\":\"https:\\\/\\\/psicopico.com\\\/#organization\",\"name\":\"Psicopico\",\"url\":\"https:\\\/\\\/psicopico.com\\\/\",\"logo\":{\"@type\":\"ImageObject\",\"inLanguage\":\"gal-GAL\",\"@id\":\"https:\\\/\\\/psicopico.com\\\/#\\\/schema\\\/logo\\\/image\\\/\",\"url\":\"https:\\\/\\\/i0.wp.com\\\/psicopico.com\\\/wp-content\\\/uploads\\\/2015\\\/12\\\/logowebpsicopico.png?fit=377%2C113&ssl=1\",\"contentUrl\":\"https:\\\/\\\/i0.wp.com\\\/psicopico.com\\\/wp-content\\\/uploads\\\/2015\\\/12\\\/logowebpsicopico.png?fit=377%2C113&ssl=1\",\"width\":\"377\",\"height\":\"113\",\"caption\":\"Psicopico\"},\"image\":{\"@id\":\"https:\\\/\\\/psicopico.com\\\/#\\\/schema\\\/logo\\\/image\\\/\"},\"sameAs\":[\"https:\\\/\\\/es-la.facebook.com\\\/psicopicopsicologia\\\/\",\"https:\\\/\\\/x.com\\\/psicopico\",\"https:\\\/\\\/instagram.com\\\/psicopico\",\"https:\\\/\\\/es.linkedin.com\\\/in\\\/iv\u00e1n-pico-mart\u00ednez-5bb46873\",\"https:\\\/\\\/www.pinterest.es\\\/psicopico\\\/\",\"https:\\\/\\\/www.youtube.com\\\/channel\\\/UCwM4gAydCyOv_3sBkqVb74Q\"]},{\"@type\":\"Person\",\"@id\":\"https:\\\/\\\/psicopico.com\\\/#\\\/schema\\\/person\\\/56f68638e4701296aab5da5cf736cdbd\",\"name\":\"Redacci\u00f3n\",\"image\":{\"@type\":\"ImageObject\",\"inLanguage\":\"gal-GAL\",\"@id\":\"https:\\\/\\\/secure.gravatar.com\\\/avatar\\\/4560b4d28510ae2b90ccec33befe8433801e44ffb277465c6dac29ce5d1f0e80?s=96&d=mm&r=g\",\"url\":\"https:\\\/\\\/secure.gravatar.com\\\/avatar\\\/4560b4d28510ae2b90ccec33befe8433801e44ffb277465c6dac29ce5d1f0e80?s=96&d=mm&r=g\",\"contentUrl\":\"https:\\\/\\\/secure.gravatar.com\\\/avatar\\\/4560b4d28510ae2b90ccec33befe8433801e44ffb277465c6dac29ce5d1f0e80?s=96&d=mm&r=g\",\"caption\":\"Redacci\u00f3n\"},\"description\":\"Psicopico.com es un lugar donde aprender psicolog\u00eda de manera amena y sencilla. Intentamos acercar a todo el mundo c\u00f3mo el mundo te entiende a ti y c\u00f3mo entiendes t\u00fa al mundo apoyados en la ciencia del comportamiento humano: la psicolog\u00eda. Art\u00edculos sobre psicolog\u00eda social, psicolog\u00eda deportiva, salud, inteligencia emocional, orientaci\u00f3n profesional y educativa y mucho m\u00e1s. Si quieres saber m\u00e1s sobre las \u00faltimas investigaciones sobre neurociencia y psicolog\u00eda tambi\u00e9n puedes visitar canalpsico.com\",\"url\":\"https:\\\/\\\/psicopico.com\\\/gl\\\/author\\\/redaccion\\\/\"}]}<\/script>\n<!-- \/ Yoast SEO plugin. -->","yoast_head_json":{"title":"(Espa\u00f1ol) Insomnio por ansiedad: s\u00edntomas y c\u00f3mo tratarlo - PsicoPico","robots":{"index":"index","follow":"follow","max-snippet":"max-snippet:-1","max-image-preview":"max-image-preview:large","max-video-preview":"max-video-preview:-1"},"canonical":"https:\/\/psicopico.com\/insomnio-por-ansiedad-sintomas-y-como-tratarlo\/","og_locale":"en_US","og_type":"article","og_title":"(Espa\u00f1ol) Insomnio por ansiedad: s\u00edntomas y c\u00f3mo tratarlo - PsicoPico","og_description":"Esta noticia non est\u00e1 dispo\u00f1ible en galego...sent\u00edmolo. Proba en castel\u00e1n. Apertas! For the sake of viewer convenience, the content is shown below in the alternative language. You may click the link to switch the active language.\u00bfQu\u00e9 es el insomnio por ansiedad? El insomnio es uno de los problemas de sue\u00f1o m\u00e1s frecuentes y suele estar [&hellip;]","og_url":"https:\/\/psicopico.com\/insomnio-por-ansiedad-sintomas-y-como-tratarlo\/","og_site_name":"PsicoPico","article_publisher":"https:\/\/es-la.facebook.com\/psicopicopsicologia\/","article_published_time":"2026-01-22T11:33:19+00:00","og_image":[{"width":1280,"height":909,"url":"https:\/\/psicopico.com\/wp-content\/uploads\/2026\/01\/therapy-10029718_1280.png","type":"image\/png"}],"author":"Redacci\u00f3n","twitter_card":"summary_large_image","twitter_creator":"@psicopico","twitter_site":"@psicopico","twitter_misc":{"Written by":"Redacci\u00f3n","Est. reading time":"5 minutes"},"schema":{"@context":"https:\/\/schema.org","@graph":[{"@type":"Article","@id":"https:\/\/psicopico.com\/insomnio-por-ansiedad-sintomas-y-como-tratarlo\/#article","isPartOf":{"@id":"https:\/\/psicopico.com\/insomnio-por-ansiedad-sintomas-y-como-tratarlo\/"},"author":{"name":"Redacci\u00f3n","@id":"https:\/\/psicopico.com\/#\/schema\/person\/56f68638e4701296aab5da5cf736cdbd"},"headline":"(Espa\u00f1ol) Insomnio por ansiedad: s\u00edntomas y c\u00f3mo tratarlo","datePublished":"2026-01-22T11:33:19+00:00","mainEntityOfPage":{"@id":"https:\/\/psicopico.com\/insomnio-por-ansiedad-sintomas-y-como-tratarlo\/"},"wordCount":1059,"commentCount":0,"publisher":{"@id":"https:\/\/psicopico.com\/#organization"},"image":{"@id":"https:\/\/psicopico.com\/insomnio-por-ansiedad-sintomas-y-como-tratarlo\/#primaryimage"},"thumbnailUrl":"https:\/\/i0.wp.com\/psicopico.com\/wp-content\/uploads\/2026\/01\/therapy-10029718_1280.png?fit=1280%2C909&ssl=1","articleSection":["Profesi\u00f3n","Sa\u00fade"],"inLanguage":"gal-GAL","potentialAction":[{"@type":"CommentAction","name":"Comment","target":["https:\/\/psicopico.com\/insomnio-por-ansiedad-sintomas-y-como-tratarlo\/#respond"]}]},{"@type":["WebPage","ItemPage"],"@id":"https:\/\/psicopico.com\/insomnio-por-ansiedad-sintomas-y-como-tratarlo\/","url":"https:\/\/psicopico.com\/insomnio-por-ansiedad-sintomas-y-como-tratarlo\/","name":"(Espa\u00f1ol) Insomnio por ansiedad: s\u00edntomas y c\u00f3mo tratarlo - PsicoPico","isPartOf":{"@id":"https:\/\/psicopico.com\/#website"},"primaryImageOfPage":{"@id":"https:\/\/psicopico.com\/insomnio-por-ansiedad-sintomas-y-como-tratarlo\/#primaryimage"},"image":{"@id":"https:\/\/psicopico.com\/insomnio-por-ansiedad-sintomas-y-como-tratarlo\/#primaryimage"},"thumbnailUrl":"https:\/\/i0.wp.com\/psicopico.com\/wp-content\/uploads\/2026\/01\/therapy-10029718_1280.png?fit=1280%2C909&ssl=1","datePublished":"2026-01-22T11:33:19+00:00","breadcrumb":{"@id":"https:\/\/psicopico.com\/insomnio-por-ansiedad-sintomas-y-como-tratarlo\/#breadcrumb"},"inLanguage":"gal-GAL","potentialAction":[{"@type":"ReadAction","target":["https:\/\/psicopico.com\/insomnio-por-ansiedad-sintomas-y-como-tratarlo\/"]}]},{"@type":"ImageObject","inLanguage":"gal-GAL","@id":"https:\/\/psicopico.com\/insomnio-por-ansiedad-sintomas-y-como-tratarlo\/#primaryimage","url":"https:\/\/i0.wp.com\/psicopico.com\/wp-content\/uploads\/2026\/01\/therapy-10029718_1280.png?fit=1280%2C909&ssl=1","contentUrl":"https:\/\/i0.wp.com\/psicopico.com\/wp-content\/uploads\/2026\/01\/therapy-10029718_1280.png?fit=1280%2C909&ssl=1","width":1280,"height":909},{"@type":"BreadcrumbList","@id":"https:\/\/psicopico.com\/insomnio-por-ansiedad-sintomas-y-como-tratarlo\/#breadcrumb","itemListElement":[{"@type":"ListItem","position":1,"name":"Inicio","item":"https:\/\/psicopico.com\/"},{"@type":"ListItem","position":2,"name":"Insomnio por ansiedad: s\u00edntomas y c\u00f3mo tratarlo"}]},{"@type":"WebSite","@id":"https:\/\/psicopico.com\/#website","url":"https:\/\/psicopico.com\/","name":"PsicoPico","description":"Psicopico - Psicolox\u00eda Online por Iv\u00e1n Pico","publisher":{"@id":"https:\/\/psicopico.com\/#organization"},"potentialAction":[{"@type":"SearchAction","target":{"@type":"EntryPoint","urlTemplate":"https:\/\/psicopico.com\/?s={search_term_string}"},"query-input":{"@type":"PropertyValueSpecification","valueRequired":true,"valueName":"search_term_string"}}],"inLanguage":"gal-GAL"},{"@type":"Organization","@id":"https:\/\/psicopico.com\/#organization","name":"Psicopico","url":"https:\/\/psicopico.com\/","logo":{"@type":"ImageObject","inLanguage":"gal-GAL","@id":"https:\/\/psicopico.com\/#\/schema\/logo\/image\/","url":"https:\/\/i0.wp.com\/psicopico.com\/wp-content\/uploads\/2015\/12\/logowebpsicopico.png?fit=377%2C113&ssl=1","contentUrl":"https:\/\/i0.wp.com\/psicopico.com\/wp-content\/uploads\/2015\/12\/logowebpsicopico.png?fit=377%2C113&ssl=1","width":"377","height":"113","caption":"Psicopico"},"image":{"@id":"https:\/\/psicopico.com\/#\/schema\/logo\/image\/"},"sameAs":["https:\/\/es-la.facebook.com\/psicopicopsicologia\/","https:\/\/x.com\/psicopico","https:\/\/instagram.com\/psicopico","https:\/\/es.linkedin.com\/in\/iv\u00e1n-pico-mart\u00ednez-5bb46873","https:\/\/www.pinterest.es\/psicopico\/","https:\/\/www.youtube.com\/channel\/UCwM4gAydCyOv_3sBkqVb74Q"]},{"@type":"Person","@id":"https:\/\/psicopico.com\/#\/schema\/person\/56f68638e4701296aab5da5cf736cdbd","name":"Redacci\u00f3n","image":{"@type":"ImageObject","inLanguage":"gal-GAL","@id":"https:\/\/secure.gravatar.com\/avatar\/4560b4d28510ae2b90ccec33befe8433801e44ffb277465c6dac29ce5d1f0e80?s=96&d=mm&r=g","url":"https:\/\/secure.gravatar.com\/avatar\/4560b4d28510ae2b90ccec33befe8433801e44ffb277465c6dac29ce5d1f0e80?s=96&d=mm&r=g","contentUrl":"https:\/\/secure.gravatar.com\/avatar\/4560b4d28510ae2b90ccec33befe8433801e44ffb277465c6dac29ce5d1f0e80?s=96&d=mm&r=g","caption":"Redacci\u00f3n"},"description":"Psicopico.com es un lugar donde aprender psicolog\u00eda de manera amena y sencilla. Intentamos acercar a todo el mundo c\u00f3mo el mundo te entiende a ti y c\u00f3mo entiendes t\u00fa al mundo apoyados en la ciencia del comportamiento humano: la psicolog\u00eda. Art\u00edculos sobre psicolog\u00eda social, psicolog\u00eda deportiva, salud, inteligencia emocional, orientaci\u00f3n profesional y educativa y mucho m\u00e1s. Si quieres saber m\u00e1s sobre las \u00faltimas investigaciones sobre neurociencia y psicolog\u00eda tambi\u00e9n puedes visitar canalpsico.com","url":"https:\/\/psicopico.com\/gl\/author\/redaccion\/"}]}},"jetpack_featured_media_url":"https:\/\/i0.wp.com\/psicopico.com\/wp-content\/uploads\/2026\/01\/therapy-10029718_1280.png?fit=1280%2C909&ssl=1","jetpack_shortlink":"https:\/\/wp.me\/p6Zx58-2IW","jetpack_sharing_enabled":true,"_links":{"self":[{"href":"https:\/\/psicopico.com\/gl\/wp-json\/wp\/v2\/posts\/10474","targetHints":{"allow":["GET"]}}],"collection":[{"href":"https:\/\/psicopico.com\/gl\/wp-json\/wp\/v2\/posts"}],"about":[{"href":"https:\/\/psicopico.com\/gl\/wp-json\/wp\/v2\/types\/post"}],"author":[{"embeddable":true,"href":"https:\/\/psicopico.com\/gl\/wp-json\/wp\/v2\/users\/168"}],"replies":[{"embeddable":true,"href":"https:\/\/psicopico.com\/gl\/wp-json\/wp\/v2\/comments?post=10474"}],"version-history":[{"count":0,"href":"https:\/\/psicopico.com\/gl\/wp-json\/wp\/v2\/posts\/10474\/revisions"}],"wp:featuredmedia":[{"embeddable":true,"href":"https:\/\/psicopico.com\/gl\/wp-json\/wp\/v2\/media\/10475"}],"wp:attachment":[{"href":"https:\/\/psicopico.com\/gl\/wp-json\/wp\/v2\/media?parent=10474"}],"wp:term":[{"taxonomy":"category","embeddable":true,"href":"https:\/\/psicopico.com\/gl\/wp-json\/wp\/v2\/categories?post=10474"},{"taxonomy":"post_tag","embeddable":true,"href":"https:\/\/psicopico.com\/gl\/wp-json\/wp\/v2\/tags?post=10474"}],"curies":[{"name":"wp","href":"https:\/\/api.w.org\/{rel}","templated":true}]}}