{"id":10263,"date":"2025-11-14T12:07:13","date_gmt":"2025-11-14T11:07:13","guid":{"rendered":"https:\/\/psicopico.com\/?p=10263"},"modified":"2025-11-14T12:11:09","modified_gmt":"2025-11-14T11:11:09","slug":"piel-atopica-en-ninos-comprension-tratamiento-y-prevencion","status":"publish","type":"post","link":"https:\/\/psicopico.com\/gl\/piel-atopica-en-ninos-comprension-tratamiento-y-prevencion\/","title":{"rendered":"(Espa\u00f1ol) Piel at\u00f3pica en ni\u00f1os: comprensi\u00f3n, tratamiento y prevenci\u00f3n"},"content":{"rendered":"<p class=\"qtranxs-available-languages-message qtranxs-available-languages-message-gl\">Esta noticia non est\u00e1 dispo\u00f1ible en galego...sent\u00edmolo. Proba en castel\u00e1n. Apertas! For the sake of viewer convenience, the content is shown below in the alternative language. You may click the link to switch the active language.<\/p><b>La\u00a0<\/b><a href=\"https:\/\/www.generali.es\/blog\/tuasesorsalud\/piel-atopica-ninos\/\"><b>piel at\u00f3pica en ni\u00f1os<\/b><\/a><b>\u00a0es mucho m\u00e1s que una simple irritaci\u00f3n pasajera. Para muchas familias, se convierte en un reto diario que afecta no solo la piel del peque\u00f1o, sino tambi\u00e9n su descanso, su bienestar emocional y la tranquilidad del hogar.\u00a0<\/b><span style=\"font-weight: 400;\">Quien convive con un ni\u00f1o que sufre dermatitis at\u00f3pica sabe que no se trata de un problema est\u00e9tico: es una afecci\u00f3n que requiere cuidados constantes, paciencia y una comprensi\u00f3n profunda de sus causas y tratamientos.<\/span><\/p>\n<h2><b>\u00bfQu\u00e9 es realmente la piel at\u00f3pica?<\/b><\/h2>\n<p><span style=\"font-weight: 400;\">La piel at\u00f3pica, tambi\u00e9n conocida como dermatitis at\u00f3pica, es una enfermedad inflamatoria cr\u00f3nica de la piel que se caracteriza por sequedad extrema, picor intenso y brotes de enrojecimiento o eccemas. Aunque puede afectar a personas de todas las edades, en los ni\u00f1os suele manifestarse desde los primeros meses de vida.<\/span><\/p>\n<p><span style=\"font-weight: 400;\">Los especialistas coinciden en que tiene un\u00a0<\/span><b>origen multifactorial<\/b><span style=\"font-weight: 400;\">:<\/span><\/p>\n<ul>\n<li><b>Gen\u00e9tica:<\/b><span style=\"font-weight: 400;\">\u00a0suele haber antecedentes familiares de alergias, asma o rinitis.<\/span><\/li>\n<li><b>Sistema inmunol\u00f3gico:<\/b><span style=\"font-weight: 400;\">\u00a0una respuesta exagerada ante est\u00edmulos ambientales comunes.<\/span><\/li>\n<li><b>Factores externos:<\/b><span style=\"font-weight: 400;\">\u00a0el clima, los tejidos, los jabones o incluso el estr\u00e9s infantil pueden desencadenar un brote.<\/span><\/li>\n<\/ul>\n<p><span style=\"font-weight: 400;\">Esta combinaci\u00f3n de factores hace que la piel pierda su funci\u00f3n de barrera protectora, permitiendo la entrada de agentes irritantes y provocando el c\u00edrculo vicioso del picor y el rascado.<\/span><\/p>\n<h2><b>M\u00e1s all\u00e1 del picor: el impacto en la vida cotidiana<\/b><\/h2>\n<p><span style=\"font-weight: 400;\">Quien nunca ha tenido dermatitis at\u00f3pica puede subestimar su alcance. Pero cuando un ni\u00f1o no puede dormir por el picor, se rasca hasta sangrar o llora por el ardor, toda la din\u00e1mica familiar se ve afectada. Los padres se sienten impotentes, y los peque\u00f1os pueden desarrollar frustraci\u00f3n, ansiedad o incluso verg\u00fcenza.<\/span><\/p>\n<p><b>Dormir bien se convierte en un lujo<\/b><span style=\"font-weight: 400;\">. Las noches interrumpidas son frecuentes, y la falta de descanso repercute en el rendimiento escolar y el estado de \u00e1nimo. Adem\u00e1s, los brotes visibles pueden generar inseguridad en etapas como la infancia media o la adolescencia temprana, cuando la imagen corporal empieza a tener m\u00e1s peso.<\/span><\/p>\n<p><span style=\"font-weight: 400;\">Por eso, el tratamiento de la piel at\u00f3pica no debe limitarse a la aplicaci\u00f3n de cremas, sino que requiere una mirada integral:\u00a0<\/span><b>cuidar la piel, las emociones y los h\u00e1bitos diarios.<\/b><\/p>\n<h2><b>El tratamiento: constancia antes que milagros<\/b><\/h2>\n<p><span style=\"font-weight: 400;\">No existe una cura definitiva, pero s\u00ed m\u00faltiples formas de controlarla y reducir la frecuencia de los brotes. El objetivo es restaurar la barrera cut\u00e1nea y evitar que los factores externos la da\u00f1en.<\/span><\/p>\n<p><span style=\"font-weight: 400;\">Los dermat\u00f3logos suelen recomendar un plan de acci\u00f3n basado en tres pilares:<\/span><\/p>\n<ul>\n<li><b>Hidrataci\u00f3n profunda diaria:<\/b><span style=\"font-weight: 400;\">\u00a0el uso de emolientes espec\u00edficos para pieles at\u00f3picas, aplicados justo despu\u00e9s del ba\u00f1o, ayuda a retener la humedad y calmar la piel.<\/span><\/li>\n<li><b>Control de los brotes:<\/b><span style=\"font-weight: 400;\">\u00a0cuando aparecen eccemas o inflamaci\u00f3n, se emplean corticoides t\u00f3picos o tratamientos inmunomoduladores seg\u00fan la gravedad.<\/span><\/li>\n<li><b>Evitar desencadenantes:<\/b><span style=\"font-weight: 400;\">\u00a0cada ni\u00f1o tiene sus propios \u201cenemigos\u201d: el polvo, los tejidos sint\u00e9ticos, el calor, ciertos jabones o incluso el sudor. Detectarlos es clave.<\/span><\/li>\n<\/ul>\n<h2><b>Cuidados diarios que transforman la piel<\/b><\/h2>\n<p><span style=\"font-weight: 400;\">El \u00e9xito del tratamiento radica en los h\u00e1bitos cotidianos. Estos son algunos consejos pr\u00e1cticos que suelen recomendar los dermat\u00f3logos pedi\u00e1tricos y que realmente pueden marcar un antes y un despu\u00e9s:<\/span><\/p>\n<ul>\n<li><b>Ba\u00f1os cortos y con agua tibia:<\/b><span style=\"font-weight: 400;\">\u00a0el agua caliente reseca a\u00fan m\u00e1s la piel.<\/span><\/li>\n<li><b>Secado suave:<\/b><span style=\"font-weight: 400;\">\u00a0sin frotar, solo presionando con la toalla.<\/span><\/li>\n<li><b>Ropa de algod\u00f3n:<\/b><span style=\"font-weight: 400;\">\u00a0evita los tejidos \u00e1speros o sint\u00e9ticos.<\/span><\/li>\n<li><b>Cremas emolientes varias veces al d\u00eda:<\/b><span style=\"font-weight: 400;\">\u00a0especialmente despu\u00e9s del ba\u00f1o o si el ni\u00f1o suda.<\/span><\/li>\n<li><b>Evitar perfumes o jabones agresivos:<\/b><span style=\"font-weight: 400;\">\u00a0optar por productos sin fragancia ni sulfatos.<\/span><\/li>\n<\/ul>\n<p><span style=\"font-weight: 400;\">Un truco que muchas familias aplican con \u00e9xito es convertir el momento de aplicar la crema en un ritual relajante: con m\u00fasica suave, juegos o masajes, para que el ni\u00f1o lo perciba como algo agradable y no como una obligaci\u00f3n.<\/span><\/p>\n<h2><b>Alimentaci\u00f3n y emociones: aliados inesperados<\/b><\/h2>\n<p><span style=\"font-weight: 400;\">Aunque la relaci\u00f3n entre alimentaci\u00f3n y dermatitis at\u00f3pica no siempre es directa, algunos ni\u00f1os presentan sensibilidad a ciertos alimentos como la leche, el huevo o los frutos secos. No se trata de eliminar alimentos sin diagn\u00f3stico, pero s\u00ed de\u00a0<\/span><b>consultar con un pediatra o alerg\u00f3logo<\/b><span style=\"font-weight: 400;\">\u00a0si los brotes parecen coincidir con comidas espec\u00edficas.<\/span><\/p>\n<p><span style=\"font-weight: 400;\">Por otro lado, el estr\u00e9s tambi\u00e9n juega un papel importante. Los ni\u00f1os no siempre expresan lo que sienten, pero su cuerpo s\u00ed lo hace. Actividades como el juego libre, la pintura o la lectura antes de dormir pueden ayudar a\u00a0<\/span><b>reducir la tensi\u00f3n emocional<\/b><span style=\"font-weight: 400;\">\u00a0que agrava los brotes.<\/span><\/p>\n<h2><b>La importancia del acompa\u00f1amiento familiar<\/b><\/h2>\n<p><span style=\"font-weight: 400;\">Vivir con piel at\u00f3pica puede generar frustraci\u00f3n en el ni\u00f1o, sobre todo si los dem\u00e1s no comprenden su malestar. Es esencial que la familia act\u00fae con empat\u00eda, paciencia y refuerce la autoestima del peque\u00f1o.\u00a0<\/span><b>Evitar comentarios negativos sobre su piel y reconocer sus avances<\/b><span style=\"font-weight: 400;\">\u00a0es igual de importante que aplicar la mejor crema.<\/span><\/p>\n<p><span style=\"font-weight: 400;\">Adem\u00e1s, los padres deben recibir orientaci\u00f3n. No es raro que se sientan abrumados o culpables cuando los tratamientos no funcionan de inmediato. Contar con el apoyo de un dermat\u00f3logo pedi\u00e1trico y seguir un plan adaptado al ritmo del ni\u00f1o es fundamental para evitar errores y sobretratamientos.<\/span><\/p>\n<h2><b>Prevenir antes que curar: la clave del bienestar<\/b><\/h2>\n<p><span style=\"font-weight: 400;\">La prevenci\u00f3n comienza desde los primeros meses de vida. Los estudios indican que\u00a0<\/span><b>mantener la piel bien hidratada desde la infancia<\/b><span style=\"font-weight: 400;\">\u00a0puede reducir la probabilidad de desarrollar dermatitis at\u00f3pica.<\/span><\/p>\n<p><span style=\"font-weight: 400;\">Algunas recomendaciones preventivas incluyen:<\/span><\/p>\n<ul>\n<li><span style=\"font-weight: 400;\">Aplicar cremas emolientes a diario, incluso sin s\u00edntomas.<\/span><\/li>\n<li><span style=\"font-weight: 400;\">Usar detergentes hipoalerg\u00e9nicos para la ropa del beb\u00e9.<\/span><\/li>\n<li><span style=\"font-weight: 400;\">Evitar el exceso de abrigo, que provoca sudor y picor.<\/span><\/li>\n<li><span style=\"font-weight: 400;\">Mantener un ambiente con humedad equilibrada.<\/span><\/li>\n<\/ul>","protected":false},"excerpt":{"rendered":"<p>Esta noticia non est\u00e1 dispo\u00f1ible en galego&#8230;sent\u00edmolo. Proba en castel\u00e1n. Apertas! For the sake of viewer convenience, the content is shown below in the alternative language. You may click the link to switch the active language.La\u00a0piel at\u00f3pica en ni\u00f1os\u00a0es mucho m\u00e1s que una simple irritaci\u00f3n pasajera. Para muchas familias, se convierte en un reto diario [&hellip;]<\/p>\n","protected":false},"author":1,"featured_media":10266,"comment_status":"open","ping_status":"closed","sticky":false,"template":"","format":"standard","meta":{"_jetpack_memberships_contains_paid_content":false,"_joinchat":[],"footnotes":""},"categories":[93],"tags":[],"class_list":["post-10263","post","type-post","status-publish","format-standard","has-post-thumbnail","hentry","category-salud"],"yoast_head":"<!-- This site is optimized with the Yoast SEO plugin v27.4 - https:\/\/yoast.com\/product\/yoast-seo-wordpress\/ -->\n<title>(Espa\u00f1ol) Piel at\u00f3pica en ni\u00f1os: comprensi\u00f3n, tratamiento y prevenci\u00f3n - PsicoPico<\/title>\n<meta name=\"robots\" content=\"index, follow, max-snippet:-1, max-image-preview:large, max-video-preview:-1\" \/>\n<link rel=\"canonical\" href=\"https:\/\/psicopico.com\/piel-atopica-en-ninos-comprension-tratamiento-y-prevencion\/\" \/>\n<meta property=\"og:locale\" content=\"en_US\" \/>\n<meta property=\"og:type\" content=\"article\" \/>\n<meta property=\"og:title\" content=\"(Espa\u00f1ol) Piel at\u00f3pica en ni\u00f1os: comprensi\u00f3n, tratamiento y prevenci\u00f3n - PsicoPico\" \/>\n<meta property=\"og:description\" content=\"Esta noticia non est\u00e1 dispo\u00f1ible en galego...sent\u00edmolo. Proba en castel\u00e1n. Apertas! For the sake of viewer convenience, the content is shown below in the alternative language. You may click the link to switch the active language.La\u00a0piel at\u00f3pica en ni\u00f1os\u00a0es mucho m\u00e1s que una simple irritaci\u00f3n pasajera. Para muchas familias, se convierte en un reto diario [&hellip;]\" \/>\n<meta property=\"og:url\" content=\"https:\/\/psicopico.com\/piel-atopica-en-ninos-comprension-tratamiento-y-prevencion\/\" \/>\n<meta property=\"og:site_name\" content=\"PsicoPico\" \/>\n<meta property=\"article:publisher\" content=\"https:\/\/es-la.facebook.com\/psicopicopsicologia\/\" \/>\n<meta property=\"article:author\" content=\"https:\/\/www.facebook.com\/psicopicopsicologia\/\" \/>\n<meta property=\"article:published_time\" content=\"2025-11-14T11:07:13+00:00\" \/>\n<meta property=\"article:modified_time\" content=\"2025-11-14T11:11:09+00:00\" \/>\n<meta property=\"og:image\" content=\"https:\/\/psicopico.com\/wp-content\/uploads\/2025\/11\/piel-atopica.jpg\" \/>\n\t<meta property=\"og:image:width\" content=\"1024\" \/>\n\t<meta property=\"og:image:height\" content=\"598\" \/>\n\t<meta property=\"og:image:type\" content=\"image\/jpeg\" \/>\n<meta name=\"author\" content=\"Iv\u00e1n Pico\" \/>\n<meta name=\"twitter:card\" content=\"summary_large_image\" \/>\n<meta name=\"twitter:creator\" content=\"@psicopico\" \/>\n<meta name=\"twitter:site\" content=\"@psicopico\" \/>\n<meta name=\"twitter:label1\" content=\"Written by\" \/>\n\t<meta name=\"twitter:data1\" content=\"Iv\u00e1n Pico\" \/>\n\t<meta name=\"twitter:label2\" content=\"Est. reading time\" \/>\n\t<meta name=\"twitter:data2\" content=\"5 minutes\" \/>\n<script type=\"application\/ld+json\" class=\"yoast-schema-graph\">{\"@context\":\"https:\\\/\\\/schema.org\",\"@graph\":[{\"@type\":\"Article\",\"@id\":\"https:\\\/\\\/psicopico.com\\\/piel-atopica-en-ninos-comprension-tratamiento-y-prevencion\\\/#article\",\"isPartOf\":{\"@id\":\"https:\\\/\\\/psicopico.com\\\/piel-atopica-en-ninos-comprension-tratamiento-y-prevencion\\\/\"},\"author\":{\"name\":\"Iv\u00e1n Pico\",\"@id\":\"https:\\\/\\\/psicopico.com\\\/#\\\/schema\\\/person\\\/e90a6b8840bf0a67abfaa95093cbda44\"},\"headline\":\"(Espa\u00f1ol) Piel at\u00f3pica en ni\u00f1os: comprensi\u00f3n, tratamiento y prevenci\u00f3n\",\"datePublished\":\"2025-11-14T11:07:13+00:00\",\"dateModified\":\"2025-11-14T11:11:09+00:00\",\"mainEntityOfPage\":{\"@id\":\"https:\\\/\\\/psicopico.com\\\/piel-atopica-en-ninos-comprension-tratamiento-y-prevencion\\\/\"},\"wordCount\":1001,\"commentCount\":0,\"publisher\":{\"@id\":\"https:\\\/\\\/psicopico.com\\\/#organization\"},\"image\":{\"@id\":\"https:\\\/\\\/psicopico.com\\\/piel-atopica-en-ninos-comprension-tratamiento-y-prevencion\\\/#primaryimage\"},\"thumbnailUrl\":\"https:\\\/\\\/i0.wp.com\\\/psicopico.com\\\/wp-content\\\/uploads\\\/2025\\\/11\\\/piel-atopica.jpg?fit=1024%2C598&ssl=1\",\"articleSection\":[\"Sa\u00fade\"],\"inLanguage\":\"gal-GAL\",\"potentialAction\":[{\"@type\":\"CommentAction\",\"name\":\"Comment\",\"target\":[\"https:\\\/\\\/psicopico.com\\\/piel-atopica-en-ninos-comprension-tratamiento-y-prevencion\\\/#respond\"]}]},{\"@type\":[\"WebPage\",\"ItemPage\"],\"@id\":\"https:\\\/\\\/psicopico.com\\\/piel-atopica-en-ninos-comprension-tratamiento-y-prevencion\\\/\",\"url\":\"https:\\\/\\\/psicopico.com\\\/piel-atopica-en-ninos-comprension-tratamiento-y-prevencion\\\/\",\"name\":\"(Espa\u00f1ol) Piel at\u00f3pica en ni\u00f1os: comprensi\u00f3n, tratamiento y prevenci\u00f3n - PsicoPico\",\"isPartOf\":{\"@id\":\"https:\\\/\\\/psicopico.com\\\/#website\"},\"primaryImageOfPage\":{\"@id\":\"https:\\\/\\\/psicopico.com\\\/piel-atopica-en-ninos-comprension-tratamiento-y-prevencion\\\/#primaryimage\"},\"image\":{\"@id\":\"https:\\\/\\\/psicopico.com\\\/piel-atopica-en-ninos-comprension-tratamiento-y-prevencion\\\/#primaryimage\"},\"thumbnailUrl\":\"https:\\\/\\\/i0.wp.com\\\/psicopico.com\\\/wp-content\\\/uploads\\\/2025\\\/11\\\/piel-atopica.jpg?fit=1024%2C598&ssl=1\",\"datePublished\":\"2025-11-14T11:07:13+00:00\",\"dateModified\":\"2025-11-14T11:11:09+00:00\",\"breadcrumb\":{\"@id\":\"https:\\\/\\\/psicopico.com\\\/piel-atopica-en-ninos-comprension-tratamiento-y-prevencion\\\/#breadcrumb\"},\"inLanguage\":\"gal-GAL\",\"potentialAction\":[{\"@type\":\"ReadAction\",\"target\":[\"https:\\\/\\\/psicopico.com\\\/piel-atopica-en-ninos-comprension-tratamiento-y-prevencion\\\/\"]}]},{\"@type\":\"ImageObject\",\"inLanguage\":\"gal-GAL\",\"@id\":\"https:\\\/\\\/psicopico.com\\\/piel-atopica-en-ninos-comprension-tratamiento-y-prevencion\\\/#primaryimage\",\"url\":\"https:\\\/\\\/i0.wp.com\\\/psicopico.com\\\/wp-content\\\/uploads\\\/2025\\\/11\\\/piel-atopica.jpg?fit=1024%2C598&ssl=1\",\"contentUrl\":\"https:\\\/\\\/i0.wp.com\\\/psicopico.com\\\/wp-content\\\/uploads\\\/2025\\\/11\\\/piel-atopica.jpg?fit=1024%2C598&ssl=1\",\"width\":1024,\"height\":598,\"caption\":\"piel atopica ni\u00f1os\"},{\"@type\":\"BreadcrumbList\",\"@id\":\"https:\\\/\\\/psicopico.com\\\/piel-atopica-en-ninos-comprension-tratamiento-y-prevencion\\\/#breadcrumb\",\"itemListElement\":[{\"@type\":\"ListItem\",\"position\":1,\"name\":\"Inicio\",\"item\":\"https:\\\/\\\/psicopico.com\\\/\"},{\"@type\":\"ListItem\",\"position\":2,\"name\":\"Piel at\u00f3pica en ni\u00f1os: comprensi\u00f3n, tratamiento y prevenci\u00f3n\"}]},{\"@type\":\"WebSite\",\"@id\":\"https:\\\/\\\/psicopico.com\\\/#website\",\"url\":\"https:\\\/\\\/psicopico.com\\\/\",\"name\":\"PsicoPico\",\"description\":\"Psicopico - Psicolox\u00eda Online por Iv\u00e1n Pico\",\"publisher\":{\"@id\":\"https:\\\/\\\/psicopico.com\\\/#organization\"},\"potentialAction\":[{\"@type\":\"SearchAction\",\"target\":{\"@type\":\"EntryPoint\",\"urlTemplate\":\"https:\\\/\\\/psicopico.com\\\/?s={search_term_string}\"},\"query-input\":{\"@type\":\"PropertyValueSpecification\",\"valueRequired\":true,\"valueName\":\"search_term_string\"}}],\"inLanguage\":\"gal-GAL\"},{\"@type\":\"Organization\",\"@id\":\"https:\\\/\\\/psicopico.com\\\/#organization\",\"name\":\"Psicopico\",\"url\":\"https:\\\/\\\/psicopico.com\\\/\",\"logo\":{\"@type\":\"ImageObject\",\"inLanguage\":\"gal-GAL\",\"@id\":\"https:\\\/\\\/psicopico.com\\\/#\\\/schema\\\/logo\\\/image\\\/\",\"url\":\"https:\\\/\\\/i0.wp.com\\\/psicopico.com\\\/wp-content\\\/uploads\\\/2015\\\/12\\\/logowebpsicopico.png?fit=377%2C113&ssl=1\",\"contentUrl\":\"https:\\\/\\\/i0.wp.com\\\/psicopico.com\\\/wp-content\\\/uploads\\\/2015\\\/12\\\/logowebpsicopico.png?fit=377%2C113&ssl=1\",\"width\":\"377\",\"height\":\"113\",\"caption\":\"Psicopico\"},\"image\":{\"@id\":\"https:\\\/\\\/psicopico.com\\\/#\\\/schema\\\/logo\\\/image\\\/\"},\"sameAs\":[\"https:\\\/\\\/es-la.facebook.com\\\/psicopicopsicologia\\\/\",\"https:\\\/\\\/x.com\\\/psicopico\",\"https:\\\/\\\/instagram.com\\\/psicopico\",\"https:\\\/\\\/es.linkedin.com\\\/in\\\/iv\u00e1n-pico-mart\u00ednez-5bb46873\",\"https:\\\/\\\/www.pinterest.es\\\/psicopico\\\/\",\"https:\\\/\\\/www.youtube.com\\\/channel\\\/UCwM4gAydCyOv_3sBkqVb74Q\"]},{\"@type\":\"Person\",\"@id\":\"https:\\\/\\\/psicopico.com\\\/#\\\/schema\\\/person\\\/e90a6b8840bf0a67abfaa95093cbda44\",\"name\":\"Iv\u00e1n Pico\",\"image\":{\"@type\":\"ImageObject\",\"inLanguage\":\"gal-GAL\",\"@id\":\"https:\\\/\\\/secure.gravatar.com\\\/avatar\\\/db757e40cd044bc752196ef8f9c1ed3c3c79321f8c82624947f51448030b8af1?s=96&d=mm&r=g\",\"url\":\"https:\\\/\\\/secure.gravatar.com\\\/avatar\\\/db757e40cd044bc752196ef8f9c1ed3c3c79321f8c82624947f51448030b8af1?s=96&d=mm&r=g\",\"contentUrl\":\"https:\\\/\\\/secure.gravatar.com\\\/avatar\\\/db757e40cd044bc752196ef8f9c1ed3c3c79321f8c82624947f51448030b8af1?s=96&d=mm&r=g\",\"caption\":\"Iv\u00e1n Pico\"},\"description\":\"Director y creador de Psicopico.com. Psic\u00f3logo Colegiado G-5480. Graduado en Psicolog\u00eda. Diplomado en Ciencias Empresariales y M\u00e1ster en Orientaci\u00f3n Profesional. M\u00e1ster en Psicolog\u00eda del Trabajo y Organizaciones. Posgrado en Psicolog\u00eda del Deporte y Entrenador Profesional de Futsal Nivel 3. Visita la secci\u00f3n \\\"Sobre m\u00ed\\\"para saber m\u00e1s. \u00bfQuieres una consulta personalizada? \u00a1Contacta conmigo en https:\\\/\\\/ivanpico.es\\\/!\",\"sameAs\":[\"https:\\\/\\\/www.psicopico.com\",\"https:\\\/\\\/www.facebook.com\\\/psicopicopsicologia\\\/\",\"https:\\\/\\\/www.instagram.com\\\/psicopico\\\/\",\"https:\\\/\\\/www.linkedin.com\\\/in\\\/ivan-pico-martinez\",\"https:\\\/\\\/x.com\\\/psicopico\",\"https:\\\/\\\/www.youtube.com\\\/channel\\\/UCwM4gAydCyOv_3sBkqVb74Q\"],\"url\":\"https:\\\/\\\/psicopico.com\\\/gl\\\/author\\\/ivan-pico-psicologo-lugo\\\/\"}]}<\/script>\n<!-- \/ Yoast SEO plugin. -->","yoast_head_json":{"title":"(Espa\u00f1ol) Piel at\u00f3pica en ni\u00f1os: comprensi\u00f3n, tratamiento y prevenci\u00f3n - PsicoPico","robots":{"index":"index","follow":"follow","max-snippet":"max-snippet:-1","max-image-preview":"max-image-preview:large","max-video-preview":"max-video-preview:-1"},"canonical":"https:\/\/psicopico.com\/piel-atopica-en-ninos-comprension-tratamiento-y-prevencion\/","og_locale":"en_US","og_type":"article","og_title":"(Espa\u00f1ol) Piel at\u00f3pica en ni\u00f1os: comprensi\u00f3n, tratamiento y prevenci\u00f3n - PsicoPico","og_description":"Esta noticia non est\u00e1 dispo\u00f1ible en galego...sent\u00edmolo. Proba en castel\u00e1n. Apertas! For the sake of viewer convenience, the content is shown below in the alternative language. You may click the link to switch the active language.La\u00a0piel at\u00f3pica en ni\u00f1os\u00a0es mucho m\u00e1s que una simple irritaci\u00f3n pasajera. Para muchas familias, se convierte en un reto diario [&hellip;]","og_url":"https:\/\/psicopico.com\/piel-atopica-en-ninos-comprension-tratamiento-y-prevencion\/","og_site_name":"PsicoPico","article_publisher":"https:\/\/es-la.facebook.com\/psicopicopsicologia\/","article_author":"https:\/\/www.facebook.com\/psicopicopsicologia\/","article_published_time":"2025-11-14T11:07:13+00:00","article_modified_time":"2025-11-14T11:11:09+00:00","og_image":[{"width":1024,"height":598,"url":"https:\/\/psicopico.com\/wp-content\/uploads\/2025\/11\/piel-atopica.jpg","type":"image\/jpeg"}],"author":"Iv\u00e1n Pico","twitter_card":"summary_large_image","twitter_creator":"@psicopico","twitter_site":"@psicopico","twitter_misc":{"Written by":"Iv\u00e1n Pico","Est. reading time":"5 minutes"},"schema":{"@context":"https:\/\/schema.org","@graph":[{"@type":"Article","@id":"https:\/\/psicopico.com\/piel-atopica-en-ninos-comprension-tratamiento-y-prevencion\/#article","isPartOf":{"@id":"https:\/\/psicopico.com\/piel-atopica-en-ninos-comprension-tratamiento-y-prevencion\/"},"author":{"name":"Iv\u00e1n Pico","@id":"https:\/\/psicopico.com\/#\/schema\/person\/e90a6b8840bf0a67abfaa95093cbda44"},"headline":"(Espa\u00f1ol) Piel at\u00f3pica en ni\u00f1os: comprensi\u00f3n, tratamiento y prevenci\u00f3n","datePublished":"2025-11-14T11:07:13+00:00","dateModified":"2025-11-14T11:11:09+00:00","mainEntityOfPage":{"@id":"https:\/\/psicopico.com\/piel-atopica-en-ninos-comprension-tratamiento-y-prevencion\/"},"wordCount":1001,"commentCount":0,"publisher":{"@id":"https:\/\/psicopico.com\/#organization"},"image":{"@id":"https:\/\/psicopico.com\/piel-atopica-en-ninos-comprension-tratamiento-y-prevencion\/#primaryimage"},"thumbnailUrl":"https:\/\/i0.wp.com\/psicopico.com\/wp-content\/uploads\/2025\/11\/piel-atopica.jpg?fit=1024%2C598&ssl=1","articleSection":["Sa\u00fade"],"inLanguage":"gal-GAL","potentialAction":[{"@type":"CommentAction","name":"Comment","target":["https:\/\/psicopico.com\/piel-atopica-en-ninos-comprension-tratamiento-y-prevencion\/#respond"]}]},{"@type":["WebPage","ItemPage"],"@id":"https:\/\/psicopico.com\/piel-atopica-en-ninos-comprension-tratamiento-y-prevencion\/","url":"https:\/\/psicopico.com\/piel-atopica-en-ninos-comprension-tratamiento-y-prevencion\/","name":"(Espa\u00f1ol) Piel at\u00f3pica en ni\u00f1os: comprensi\u00f3n, tratamiento y prevenci\u00f3n - PsicoPico","isPartOf":{"@id":"https:\/\/psicopico.com\/#website"},"primaryImageOfPage":{"@id":"https:\/\/psicopico.com\/piel-atopica-en-ninos-comprension-tratamiento-y-prevencion\/#primaryimage"},"image":{"@id":"https:\/\/psicopico.com\/piel-atopica-en-ninos-comprension-tratamiento-y-prevencion\/#primaryimage"},"thumbnailUrl":"https:\/\/i0.wp.com\/psicopico.com\/wp-content\/uploads\/2025\/11\/piel-atopica.jpg?fit=1024%2C598&ssl=1","datePublished":"2025-11-14T11:07:13+00:00","dateModified":"2025-11-14T11:11:09+00:00","breadcrumb":{"@id":"https:\/\/psicopico.com\/piel-atopica-en-ninos-comprension-tratamiento-y-prevencion\/#breadcrumb"},"inLanguage":"gal-GAL","potentialAction":[{"@type":"ReadAction","target":["https:\/\/psicopico.com\/piel-atopica-en-ninos-comprension-tratamiento-y-prevencion\/"]}]},{"@type":"ImageObject","inLanguage":"gal-GAL","@id":"https:\/\/psicopico.com\/piel-atopica-en-ninos-comprension-tratamiento-y-prevencion\/#primaryimage","url":"https:\/\/i0.wp.com\/psicopico.com\/wp-content\/uploads\/2025\/11\/piel-atopica.jpg?fit=1024%2C598&ssl=1","contentUrl":"https:\/\/i0.wp.com\/psicopico.com\/wp-content\/uploads\/2025\/11\/piel-atopica.jpg?fit=1024%2C598&ssl=1","width":1024,"height":598,"caption":"piel atopica ni\u00f1os"},{"@type":"BreadcrumbList","@id":"https:\/\/psicopico.com\/piel-atopica-en-ninos-comprension-tratamiento-y-prevencion\/#breadcrumb","itemListElement":[{"@type":"ListItem","position":1,"name":"Inicio","item":"https:\/\/psicopico.com\/"},{"@type":"ListItem","position":2,"name":"Piel at\u00f3pica en ni\u00f1os: comprensi\u00f3n, tratamiento y prevenci\u00f3n"}]},{"@type":"WebSite","@id":"https:\/\/psicopico.com\/#website","url":"https:\/\/psicopico.com\/","name":"PsicoPico","description":"Psicopico - Psicolox\u00eda Online por Iv\u00e1n Pico","publisher":{"@id":"https:\/\/psicopico.com\/#organization"},"potentialAction":[{"@type":"SearchAction","target":{"@type":"EntryPoint","urlTemplate":"https:\/\/psicopico.com\/?s={search_term_string}"},"query-input":{"@type":"PropertyValueSpecification","valueRequired":true,"valueName":"search_term_string"}}],"inLanguage":"gal-GAL"},{"@type":"Organization","@id":"https:\/\/psicopico.com\/#organization","name":"Psicopico","url":"https:\/\/psicopico.com\/","logo":{"@type":"ImageObject","inLanguage":"gal-GAL","@id":"https:\/\/psicopico.com\/#\/schema\/logo\/image\/","url":"https:\/\/i0.wp.com\/psicopico.com\/wp-content\/uploads\/2015\/12\/logowebpsicopico.png?fit=377%2C113&ssl=1","contentUrl":"https:\/\/i0.wp.com\/psicopico.com\/wp-content\/uploads\/2015\/12\/logowebpsicopico.png?fit=377%2C113&ssl=1","width":"377","height":"113","caption":"Psicopico"},"image":{"@id":"https:\/\/psicopico.com\/#\/schema\/logo\/image\/"},"sameAs":["https:\/\/es-la.facebook.com\/psicopicopsicologia\/","https:\/\/x.com\/psicopico","https:\/\/instagram.com\/psicopico","https:\/\/es.linkedin.com\/in\/iv\u00e1n-pico-mart\u00ednez-5bb46873","https:\/\/www.pinterest.es\/psicopico\/","https:\/\/www.youtube.com\/channel\/UCwM4gAydCyOv_3sBkqVb74Q"]},{"@type":"Person","@id":"https:\/\/psicopico.com\/#\/schema\/person\/e90a6b8840bf0a67abfaa95093cbda44","name":"Iv\u00e1n Pico","image":{"@type":"ImageObject","inLanguage":"gal-GAL","@id":"https:\/\/secure.gravatar.com\/avatar\/db757e40cd044bc752196ef8f9c1ed3c3c79321f8c82624947f51448030b8af1?s=96&d=mm&r=g","url":"https:\/\/secure.gravatar.com\/avatar\/db757e40cd044bc752196ef8f9c1ed3c3c79321f8c82624947f51448030b8af1?s=96&d=mm&r=g","contentUrl":"https:\/\/secure.gravatar.com\/avatar\/db757e40cd044bc752196ef8f9c1ed3c3c79321f8c82624947f51448030b8af1?s=96&d=mm&r=g","caption":"Iv\u00e1n Pico"},"description":"Director y creador de Psicopico.com. Psic\u00f3logo Colegiado G-5480. Graduado en Psicolog\u00eda. Diplomado en Ciencias Empresariales y M\u00e1ster en Orientaci\u00f3n Profesional. M\u00e1ster en Psicolog\u00eda del Trabajo y Organizaciones. Posgrado en Psicolog\u00eda del Deporte y Entrenador Profesional de Futsal Nivel 3. Visita la secci\u00f3n \"Sobre m\u00ed\"para saber m\u00e1s. \u00bfQuieres una consulta personalizada? \u00a1Contacta conmigo en https:\/\/ivanpico.es\/!","sameAs":["https:\/\/www.psicopico.com","https:\/\/www.facebook.com\/psicopicopsicologia\/","https:\/\/www.instagram.com\/psicopico\/","https:\/\/www.linkedin.com\/in\/ivan-pico-martinez","https:\/\/x.com\/psicopico","https:\/\/www.youtube.com\/channel\/UCwM4gAydCyOv_3sBkqVb74Q"],"url":"https:\/\/psicopico.com\/gl\/author\/ivan-pico-psicologo-lugo\/"}]}},"jetpack_featured_media_url":"https:\/\/i0.wp.com\/psicopico.com\/wp-content\/uploads\/2025\/11\/piel-atopica.jpg?fit=1024%2C598&ssl=1","jetpack_shortlink":"https:\/\/wp.me\/p6Zx58-2Fx","jetpack_sharing_enabled":true,"_links":{"self":[{"href":"https:\/\/psicopico.com\/gl\/wp-json\/wp\/v2\/posts\/10263","targetHints":{"allow":["GET"]}}],"collection":[{"href":"https:\/\/psicopico.com\/gl\/wp-json\/wp\/v2\/posts"}],"about":[{"href":"https:\/\/psicopico.com\/gl\/wp-json\/wp\/v2\/types\/post"}],"author":[{"embeddable":true,"href":"https:\/\/psicopico.com\/gl\/wp-json\/wp\/v2\/users\/1"}],"replies":[{"embeddable":true,"href":"https:\/\/psicopico.com\/gl\/wp-json\/wp\/v2\/comments?post=10263"}],"version-history":[{"count":0,"href":"https:\/\/psicopico.com\/gl\/wp-json\/wp\/v2\/posts\/10263\/revisions"}],"wp:featuredmedia":[{"embeddable":true,"href":"https:\/\/psicopico.com\/gl\/wp-json\/wp\/v2\/media\/10266"}],"wp:attachment":[{"href":"https:\/\/psicopico.com\/gl\/wp-json\/wp\/v2\/media?parent=10263"}],"wp:term":[{"taxonomy":"category","embeddable":true,"href":"https:\/\/psicopico.com\/gl\/wp-json\/wp\/v2\/categories?post=10263"},{"taxonomy":"post_tag","embeddable":true,"href":"https:\/\/psicopico.com\/gl\/wp-json\/wp\/v2\/tags?post=10263"}],"curies":[{"name":"wp","href":"https:\/\/api.w.org\/{rel}","templated":true}]}}