{"id":100,"date":"2015-08-04T12:51:53","date_gmt":"2015-08-04T12:51:53","guid":{"rendered":"https:\/\/picologia.wordpress.com\/?p=100"},"modified":"2021-02-09T20:48:24","modified_gmt":"2021-02-09T19:48:24","slug":"emociones-para-todos-los-publicos-inside-out","status":"publish","type":"post","link":"https:\/\/psicopico.com\/gl\/emociones-para-todos-los-publicos-inside-out\/","title":{"rendered":"Emociones para todos os p\u00fablicos: Inside Out"},"content":{"rendered":"Non quer\u00eda pensar e funme ao cinema. Eu s\u00f3. Quer\u00eda ver Inside Out (Do rev\u00e9s), pel\u00edcula de animaci\u00f3n de Disney-Pixar con moi boa pinta e cr\u00edtica. Trata sobre o tema das emoci\u00f3ns que tanto me gusta as\u00ed que al\u00e1 fun. Cheguei xusto para o inicio da curtametraxe previa \u00e1 pel\u00edcula. Senteime na butaca comodamente e apag\u00e1ronse as luces. A\u00ed \u00e9 cando empezou a curtametraxe previa \u00e1 pel\u00edcula, que por certo deixa bastante que desexar, e lembroume que nos cinemas de aqu\u00ed, por desgraza, seguen dobrando as pel\u00edculas e obrigar\u00edame a tela que volver ver en versi\u00f3n orixinal. Empeza a pel\u00edcula. Silencio. S\u00edgoa con atenci\u00f3n.<\/p>\n<p>Moi ben. Encantoume. Bravo unha vez m\u00e1is por Pixar.<\/p>\n<p>Vaiamos \u00e1 an\u00e1lise desde o punto de vista psicol\u00f3xico. Non serei o primeiro en facelo e seguramente circulen centos de miles de opini\u00f3ns. Eu darei a mi\u00f1a, apet\u00e9ceme escribir respecto diso, simplemente.<\/p>\n<p>Ollo aos delicados cos spoilers!<\/p>\n<h4>Definici\u00f3n de emoci\u00f3n<\/h4>\n<p>Vou empezar cunha brev\u00edsima definici\u00f3n do que \u00e9 a emoci\u00f3n para a psicolox\u00eda. Digamos que a emoci\u00f3n \u00e9 o concepto que utiliza a psicolox\u00eda para describir e explicar os efectos producidos por un proceso multidimensional, encargado principalmente de:<\/p>\n<ul>\n<li>A an\u00e1lise de situaci\u00f3ns especialmente significativas.<\/li>\n<li>A interpretaci\u00f3n subxectiva das mesmas, en funci\u00f3n da historia persoal.<\/li>\n<li>A expresi\u00f3n emocional ou comunicaci\u00f3n de todo o proceso.<\/li>\n<li>A preparaci\u00f3n para a acci\u00f3n ou mobilizaci\u00f3n de comportamento.<\/li>\n<li>Os cambios na actividade fisiol\u00f3gica<\/li>\n<\/ul>\n<h4>Onde est\u00e1 a emoci\u00f3n de sorpresa?<\/h4>\n<p>Unha das cousas que m\u00e1is me chamou a atenci\u00f3n \u00e9 que non introducen unha das emoci\u00f3ns primarias (discretas) e que se xera nos primeiros anos de vida: a sorpresa. Desco\u00f1ezo o motivo polo que non a incl\u00faen porque seguramente tivesen un gran asesoramento psicol\u00f3xico. A\u00ednda non hai un consenso sobre cales son as emoci\u00f3ns primarias e secundarias, xa que se poder\u00edan inclu\u00edr tam\u00e9n ao amor, a vergo\u00f1a ou a culpa pero no caso da sorpresa \u00e9 unha emoci\u00f3n primaria fundamental. Expliquemos porqu\u00e9 \u00e9 importante inclu\u00edla.<\/p>\n<blockquote><p><strong>A emoci\u00f3n de sorpresa pode ser que se reflicta nos rostros do resto de emoci\u00f3ns ao ver os sucesos a trav\u00e9s dos ollos de Riley.<\/strong><\/p><\/blockquote>\n<p>A protagonista da pel\u00edcula Riley ten 11 anos, a\u00ednda que vemos toda a s\u00faa evoluci\u00f3n desde o seu nacemento. \u00c9 aqu\u00ed cando se forman as emoci\u00f3ns primarias que cumpren unha funci\u00f3n de adaptaci\u00f3n humana (xa o dixo Darwin), ademais da s\u00faa funci\u00f3n social e motivacional que conseguir\u00e1n ampliar a nosa gama de emoci\u00f3ns a outras secundarias posteriores. Estas funci\u00f3ns adaptativas son:<\/p>\n<p><strong>Alegr\u00eda &gt;&gt; Afiliaci\u00f3n.<\/strong> Se nos fixamos, \u00e9 o que consegue que a xente nos de o seu agarimo. Por iso os beb\u00e9s fan graza, para que os consintan. Refl\u00edctese ben na pel\u00edcula cando cos primeiros sorrisos da nena aos pais c\u00e1eselles a baba. Favorece unha conduta prosocial.<\/p>\n<p><strong>Medo &gt;&gt; Protecci\u00f3n.<\/strong> Est\u00e1 claro que se non nac\u00e9semos con certo medo ao que nos espera f\u00f3ra do \u00fatero materno durariamos m\u00e1is ben pouco no mundo. A seguridade \u00e9 fundamental para manterse vivos. \u00c9 o que desencadea a ansiedade, emoci\u00f3n tam\u00e9n b\u00e1sica, que non primaria.<\/p>\n<p><strong>Ira &gt;&gt; Autodefensa<\/strong>. Si, cando a xente pensa que un beb\u00e9 chora a maior\u00eda das veces o que est\u00e1 \u00e9 protestando&#8230; ou lle vedes as lagrimillas caer? \u00c9 o medio para conseguir un fin que non posu\u00edmos. Ollo!, non confudirla con ser hostil ou agresivo. Non \u00e9 o mesmo.<\/p>\n<p><strong>Tristeza &gt;&gt; Reintegraci\u00f3n<\/strong>. E \u00e9 que na vida non v\u00e9n todo feito e hai que superar situaci\u00f3ns que alterar o benestar. Para saber reintegrarte tes que saber onde non queres estar e favorece o que nos dean o acubillo afectivo e social que se necesita para afrontar situaci\u00f3ns. Fainos recapacitar, prot\u00e9xenos. \u00c9 a emoci\u00f3n que mellor se reflicte na pel\u00edcula, desde o meu punto de vista deber\u00eda ser a protagonista. E o \u00e9.<\/p>\n<p><strong>Noxo &gt;&gt; Rexeito.<\/strong> Relaci\u00f3nase coa tristeza m\u00e1is que con outras emoci\u00f3ns a\u00ednda que na pel\u00edcula non o pareza. \u00c9 o co\u00f1ecido como distress.<\/p>\n<p><strong>Sorpresa &gt;&gt; Interese.<\/strong> \u00c9 a parte m\u00e1is motivacional e fundamental para explorar o mundo que nos rodea. Quero pensar que na pel\u00edcula si a reflicten, pero na cara do resto de emoci\u00f3ns protagonistas ante os sucesos que ven a trav\u00e9s dos ollos de Riley. Todos pon cara de sorpresa cando pasa algo, pero a sorpresa non interacciona as\u00ed co resto de emoci\u00f3ns. \u00c9 independente dentro dela multidimensionalidad do procesamiento posterior dun suceso emocional. Creo que deber\u00eda ter unha mellor representaci\u00f3n na pel\u00edcula.<\/p>\n<p>Un dato curioso da pel\u00edcula \u00e9 que as cores das emoci\u00f3ns si son os que usaron os estudiosos ao longo dos anos.<\/p>\n<p>Na pel\u00edcula fan boa referencia ao proceso emocional, a s\u00faa avaliaci\u00f3n reflectida nas discusi\u00f3ns entre as emoci\u00f3ns sobre cal debe actuar en cada momento e o proceso de aprendizaxe posterior transformado nas b\u00f3las que transportan \u00e1 memoria. A\u00ednda que, segundo a historia parece que os recordos son estables e fixos ao longo do tempo cando en realidade son flexibles.<\/p>\n<p>En definitiva a pel\u00edcula par\u00e9ceme dun gran interese educativo xa que a boa xesti\u00f3n das emoci\u00f3ns evitar\u00eda moitos males maiores, \u00e9 fundamental educar en intelixencia emocional (Goleman, 1995) porque a diferenza doutros tipos de intelixencia esta si \u00e9 maleable e m\u00e1is nos primeiros anos de desenvolvemento.<\/p>\n<p>Desde o meu punto de vista o enfoque da pel\u00edcula parte dunha corrente psicol\u00f3xica de aceptaci\u00f3n e compromiso, de como o reco\u00f1ecer as nosas tristezas ax\u00fadannos afrontar os nosos retos para conseguir un equilibrio emocional.<\/p>\n<p>A pel\u00edcula d\u00e1 para moitos artigos sobre intelixencia emocional ou emoci\u00f3ns e al\u00e9grame saber que a orientaron aos m\u00e1is pequenos, que con que alg\u00fan deles sensibil\u00edcese con co\u00f1ecer mellor o que pasa no seu inside antes co\u00f1ecer\u00e1 mellor como controlalo.<\/p>\n<p>Na pel\u00edcula falan de moitas m\u00e1is cousas interesantes e non s\u00f3 do plano emocional, como do subconsciente (Freud vende moito e hab\u00eda que metelo nunha pel\u00edcula comercial), como funcionan os so\u00f1os, a memoria a longo prazo e un longo etc\u00e9tera que dar\u00e1 para entreterme d\u00e1ndolle \u00e1s teclas e investigando un pouco m\u00e1is respecto diso.<\/p>\n<p>Pel\u00edcula moi recomendada para nenos e adultos.<\/p>\n<p>Ah! e saen dinosauros nun momento da pel\u00edcula. Con dinosauros todo \u00e9 mellor.<\/p>\n<p>M\u00fasica\u00a0do post acorde co contido: What&#8217;s in your head (Disclosure)<\/p>\n<p><iframe loading=\"lazy\" width=\"1320\" height=\"743\" src=\"https:\/\/www.youtube.com\/embed\/7ZLOYXKmIkw?feature=oembed\" frameborder=\"0\" allowfullscreen><\/iframe><\/p>\n<p>__<\/p>\n<p>Iv\u00e1n Pico<\/p>","protected":false},"excerpt":{"rendered":"<p>Non quer\u00eda pensar e funme ao cinema. Eu s\u00f3. Quer\u00eda ver Inside Out (Do rev\u00e9s), pel\u00edcula de animaci\u00f3n de Disney-Pixar con moi boa pinta e cr\u00edtica. Trata sobre o tema das emoci\u00f3ns que tanto me gusta as\u00ed que al\u00e1 fun. Cheguei xusto para o inicio da curtametraxe previa \u00e1 pel\u00edcula. Senteime na butaca comodamente e [&hellip;]<\/p>\n","protected":false},"author":3,"featured_media":102,"comment_status":"open","ping_status":"open","sticky":false,"template":"","format":"standard","meta":{"_jetpack_memberships_contains_paid_content":false,"_joinchat":[],"footnotes":""},"categories":[27,22,94],"tags":[50,61],"class_list":["post-100","post","type-post","status-publish","format-standard","has-post-thumbnail","hentry","category-cine","category-inteligencia-emocional","category-ocio","tag-emocion","tag-inteligencia-emocional"],"yoast_head":"<!-- This site is optimized with the Yoast SEO plugin v27.4 - https:\/\/yoast.com\/product\/yoast-seo-wordpress\/ -->\n<title>Emociones para todos os p\u00fablicos: Inside Out - PsicoPico<\/title>\n<meta name=\"robots\" content=\"index, follow, max-snippet:-1, max-image-preview:large, max-video-preview:-1\" \/>\n<link rel=\"canonical\" href=\"https:\/\/psicopico.com\/emociones-para-todos-los-publicos-inside-out\/\" \/>\n<meta property=\"og:locale\" content=\"en_US\" \/>\n<meta property=\"og:type\" content=\"article\" \/>\n<meta property=\"og:title\" content=\"Emociones para todos os p\u00fablicos: Inside Out - PsicoPico\" \/>\n<meta property=\"og:description\" content=\"Non quer\u00eda pensar e funme ao cinema. Eu s\u00f3. Quer\u00eda ver Inside Out (Do rev\u00e9s), pel\u00edcula de animaci\u00f3n de Disney-Pixar con moi boa pinta e cr\u00edtica. Trata sobre o tema das emoci\u00f3ns que tanto me gusta as\u00ed que al\u00e1 fun. Cheguei xusto para o inicio da curtametraxe previa \u00e1 pel\u00edcula. Senteime na butaca comodamente e [&hellip;]\" \/>\n<meta property=\"og:url\" content=\"https:\/\/psicopico.com\/emociones-para-todos-los-publicos-inside-out\/\" \/>\n<meta property=\"og:site_name\" content=\"PsicoPico\" \/>\n<meta property=\"article:publisher\" content=\"https:\/\/es-la.facebook.com\/psicopicopsicologia\/\" \/>\n<meta property=\"article:published_time\" content=\"2015-08-04T12:51:53+00:00\" \/>\n<meta property=\"article:modified_time\" content=\"2021-02-09T19:48:24+00:00\" \/>\n<meta property=\"og:image\" content=\"https:\/\/i0.wp.com\/psicopico.com\/wp-content\/uploads\/2015\/08\/inside_out___photo_time__by_miacat7-d8a4ifc-e1451564254196.jpg?fit=800%2C450&ssl=1\" \/>\n\t<meta property=\"og:image:width\" content=\"800\" \/>\n\t<meta property=\"og:image:height\" content=\"450\" \/>\n\t<meta property=\"og:image:type\" content=\"image\/jpeg\" \/>\n<meta name=\"author\" content=\"Pico\" \/>\n<meta name=\"twitter:card\" content=\"summary_large_image\" \/>\n<meta name=\"twitter:creator\" content=\"@psicopico\" \/>\n<meta name=\"twitter:site\" content=\"@psicopico\" \/>\n<meta name=\"twitter:label1\" content=\"Written by\" \/>\n\t<meta name=\"twitter:data1\" content=\"Pico\" \/>\n\t<meta name=\"twitter:label2\" content=\"Est. reading time\" \/>\n\t<meta name=\"twitter:data2\" content=\"14 minutes\" \/>\n<script type=\"application\/ld+json\" class=\"yoast-schema-graph\">{\"@context\":\"https:\\\/\\\/schema.org\",\"@graph\":[{\"@type\":\"Article\",\"@id\":\"https:\\\/\\\/psicopico.com\\\/emociones-para-todos-los-publicos-inside-out\\\/#article\",\"isPartOf\":{\"@id\":\"https:\\\/\\\/psicopico.com\\\/emociones-para-todos-los-publicos-inside-out\\\/\"},\"author\":{\"name\":\"Pico\",\"@id\":\"https:\\\/\\\/psicopico.com\\\/#\\\/schema\\\/person\\\/a1b576037e3d3cbc20e3545b5efecea2\"},\"headline\":\"Emociones para todos os p\u00fablicos: Inside Out\",\"datePublished\":\"2015-08-04T12:51:53+00:00\",\"dateModified\":\"2021-02-09T19:48:24+00:00\",\"mainEntityOfPage\":{\"@id\":\"https:\\\/\\\/psicopico.com\\\/emociones-para-todos-los-publicos-inside-out\\\/\"},\"wordCount\":3417,\"commentCount\":1,\"publisher\":{\"@id\":\"https:\\\/\\\/psicopico.com\\\/#organization\"},\"image\":{\"@id\":\"https:\\\/\\\/psicopico.com\\\/emociones-para-todos-los-publicos-inside-out\\\/#primaryimage\"},\"thumbnailUrl\":\"https:\\\/\\\/i0.wp.com\\\/psicopico.com\\\/wp-content\\\/uploads\\\/2015\\\/08\\\/inside_out___photo_time__by_miacat7-d8a4ifc-e1451564254196.jpg?fit=800%2C450&ssl=1\",\"keywords\":[\"Emoci\u00f3n\",\"Intelixencia Emocional\"],\"articleSection\":[\"Cine\",\"Intelixencia Emocional\",\"Ocio\"],\"inLanguage\":\"gal-GAL\",\"potentialAction\":[{\"@type\":\"CommentAction\",\"name\":\"Comment\",\"target\":[\"https:\\\/\\\/psicopico.com\\\/emociones-para-todos-los-publicos-inside-out\\\/#respond\"]}]},{\"@type\":[\"WebPage\",\"ItemPage\"],\"@id\":\"https:\\\/\\\/psicopico.com\\\/emociones-para-todos-los-publicos-inside-out\\\/\",\"url\":\"https:\\\/\\\/psicopico.com\\\/emociones-para-todos-los-publicos-inside-out\\\/\",\"name\":\"Emociones para todos os p\u00fablicos: Inside Out - PsicoPico\",\"isPartOf\":{\"@id\":\"https:\\\/\\\/psicopico.com\\\/#website\"},\"primaryImageOfPage\":{\"@id\":\"https:\\\/\\\/psicopico.com\\\/emociones-para-todos-los-publicos-inside-out\\\/#primaryimage\"},\"image\":{\"@id\":\"https:\\\/\\\/psicopico.com\\\/emociones-para-todos-los-publicos-inside-out\\\/#primaryimage\"},\"thumbnailUrl\":\"https:\\\/\\\/i0.wp.com\\\/psicopico.com\\\/wp-content\\\/uploads\\\/2015\\\/08\\\/inside_out___photo_time__by_miacat7-d8a4ifc-e1451564254196.jpg?fit=800%2C450&ssl=1\",\"datePublished\":\"2015-08-04T12:51:53+00:00\",\"dateModified\":\"2021-02-09T19:48:24+00:00\",\"breadcrumb\":{\"@id\":\"https:\\\/\\\/psicopico.com\\\/emociones-para-todos-los-publicos-inside-out\\\/#breadcrumb\"},\"inLanguage\":\"gal-GAL\",\"potentialAction\":[{\"@type\":\"ReadAction\",\"target\":[\"https:\\\/\\\/psicopico.com\\\/emociones-para-todos-los-publicos-inside-out\\\/\"]}]},{\"@type\":\"ImageObject\",\"inLanguage\":\"gal-GAL\",\"@id\":\"https:\\\/\\\/psicopico.com\\\/emociones-para-todos-los-publicos-inside-out\\\/#primaryimage\",\"url\":\"https:\\\/\\\/i0.wp.com\\\/psicopico.com\\\/wp-content\\\/uploads\\\/2015\\\/08\\\/inside_out___photo_time__by_miacat7-d8a4ifc-e1451564254196.jpg?fit=800%2C450&ssl=1\",\"contentUrl\":\"https:\\\/\\\/i0.wp.com\\\/psicopico.com\\\/wp-content\\\/uploads\\\/2015\\\/08\\\/inside_out___photo_time__by_miacat7-d8a4ifc-e1451564254196.jpg?fit=800%2C450&ssl=1\",\"width\":\"800\",\"height\":\"450\"},{\"@type\":\"BreadcrumbList\",\"@id\":\"https:\\\/\\\/psicopico.com\\\/emociones-para-todos-los-publicos-inside-out\\\/#breadcrumb\",\"itemListElement\":[{\"@type\":\"ListItem\",\"position\":1,\"name\":\"Inicio\",\"item\":\"https:\\\/\\\/psicopico.com\\\/\"},{\"@type\":\"ListItem\",\"position\":2,\"name\":\"Emociones para todos los p\u00fablicos: Inside Out\"}]},{\"@type\":\"WebSite\",\"@id\":\"https:\\\/\\\/psicopico.com\\\/#website\",\"url\":\"https:\\\/\\\/psicopico.com\\\/\",\"name\":\"PsicoPico\",\"description\":\"Psicopico - Psicolox\u00eda Online por Iv\u00e1n Pico\",\"publisher\":{\"@id\":\"https:\\\/\\\/psicopico.com\\\/#organization\"},\"potentialAction\":[{\"@type\":\"SearchAction\",\"target\":{\"@type\":\"EntryPoint\",\"urlTemplate\":\"https:\\\/\\\/psicopico.com\\\/?s={search_term_string}\"},\"query-input\":{\"@type\":\"PropertyValueSpecification\",\"valueRequired\":true,\"valueName\":\"search_term_string\"}}],\"inLanguage\":\"gal-GAL\"},{\"@type\":\"Organization\",\"@id\":\"https:\\\/\\\/psicopico.com\\\/#organization\",\"name\":\"Psicopico\",\"url\":\"https:\\\/\\\/psicopico.com\\\/\",\"logo\":{\"@type\":\"ImageObject\",\"inLanguage\":\"gal-GAL\",\"@id\":\"https:\\\/\\\/psicopico.com\\\/#\\\/schema\\\/logo\\\/image\\\/\",\"url\":\"https:\\\/\\\/i0.wp.com\\\/psicopico.com\\\/wp-content\\\/uploads\\\/2015\\\/12\\\/logowebpsicopico.png?fit=377%2C113&ssl=1\",\"contentUrl\":\"https:\\\/\\\/i0.wp.com\\\/psicopico.com\\\/wp-content\\\/uploads\\\/2015\\\/12\\\/logowebpsicopico.png?fit=377%2C113&ssl=1\",\"width\":\"377\",\"height\":\"113\",\"caption\":\"Psicopico\"},\"image\":{\"@id\":\"https:\\\/\\\/psicopico.com\\\/#\\\/schema\\\/logo\\\/image\\\/\"},\"sameAs\":[\"https:\\\/\\\/es-la.facebook.com\\\/psicopicopsicologia\\\/\",\"https:\\\/\\\/x.com\\\/psicopico\",\"https:\\\/\\\/instagram.com\\\/psicopico\",\"https:\\\/\\\/es.linkedin.com\\\/in\\\/iv\u00e1n-pico-mart\u00ednez-5bb46873\",\"https:\\\/\\\/www.pinterest.es\\\/psicopico\\\/\",\"https:\\\/\\\/www.youtube.com\\\/channel\\\/UCwM4gAydCyOv_3sBkqVb74Q\"]},{\"@type\":\"Person\",\"@id\":\"https:\\\/\\\/psicopico.com\\\/#\\\/schema\\\/person\\\/a1b576037e3d3cbc20e3545b5efecea2\",\"name\":\"Pico\",\"image\":{\"@type\":\"ImageObject\",\"inLanguage\":\"gal-GAL\",\"@id\":\"https:\\\/\\\/secure.gravatar.com\\\/avatar\\\/b681064f628b288a14c579608e30ec4451703651c33af37f014d0ceeccc29df3?s=96&d=mm&r=g\",\"url\":\"https:\\\/\\\/secure.gravatar.com\\\/avatar\\\/b681064f628b288a14c579608e30ec4451703651c33af37f014d0ceeccc29df3?s=96&d=mm&r=g\",\"contentUrl\":\"https:\\\/\\\/secure.gravatar.com\\\/avatar\\\/b681064f628b288a14c579608e30ec4451703651c33af37f014d0ceeccc29df3?s=96&d=mm&r=g\",\"caption\":\"Pico\"},\"description\":\"Graduado en Psicolog\u00eda (UNED). N\u00ba Colegiado G-5480 Diplomado en Ciencias Empresariales (USC). M\u00e1ster en Psicolog\u00eda del Trabajo y las Organizaciones. (INESEM) T\u00e9cnico Deportivo Nivel II, f\u00fatbol sala (RFEF). Etc...\",\"sameAs\":[\"http:\\\/\\\/www.psicopico.com\"],\"url\":\"https:\\\/\\\/psicopico.com\\\/gl\\\/author\\\/ivan-pico\\\/\"}]}<\/script>\n<!-- \/ Yoast SEO plugin. -->","yoast_head_json":{"title":"Emociones para todos os p\u00fablicos: Inside Out - PsicoPico","robots":{"index":"index","follow":"follow","max-snippet":"max-snippet:-1","max-image-preview":"max-image-preview:large","max-video-preview":"max-video-preview:-1"},"canonical":"https:\/\/psicopico.com\/emociones-para-todos-los-publicos-inside-out\/","og_locale":"en_US","og_type":"article","og_title":"Emociones para todos os p\u00fablicos: Inside Out - PsicoPico","og_description":"Non quer\u00eda pensar e funme ao cinema. Eu s\u00f3. Quer\u00eda ver Inside Out (Do rev\u00e9s), pel\u00edcula de animaci\u00f3n de Disney-Pixar con moi boa pinta e cr\u00edtica. Trata sobre o tema das emoci\u00f3ns que tanto me gusta as\u00ed que al\u00e1 fun. Cheguei xusto para o inicio da curtametraxe previa \u00e1 pel\u00edcula. Senteime na butaca comodamente e [&hellip;]","og_url":"https:\/\/psicopico.com\/emociones-para-todos-los-publicos-inside-out\/","og_site_name":"PsicoPico","article_publisher":"https:\/\/es-la.facebook.com\/psicopicopsicologia\/","article_published_time":"2015-08-04T12:51:53+00:00","article_modified_time":"2021-02-09T19:48:24+00:00","og_image":[{"width":800,"height":450,"url":"https:\/\/i0.wp.com\/psicopico.com\/wp-content\/uploads\/2015\/08\/inside_out___photo_time__by_miacat7-d8a4ifc-e1451564254196.jpg?fit=800%2C450&ssl=1","type":"image\/jpeg"}],"author":"Pico","twitter_card":"summary_large_image","twitter_creator":"@psicopico","twitter_site":"@psicopico","twitter_misc":{"Written by":"Pico","Est. reading time":"14 minutes"},"schema":{"@context":"https:\/\/schema.org","@graph":[{"@type":"Article","@id":"https:\/\/psicopico.com\/emociones-para-todos-los-publicos-inside-out\/#article","isPartOf":{"@id":"https:\/\/psicopico.com\/emociones-para-todos-los-publicos-inside-out\/"},"author":{"name":"Pico","@id":"https:\/\/psicopico.com\/#\/schema\/person\/a1b576037e3d3cbc20e3545b5efecea2"},"headline":"Emociones para todos os p\u00fablicos: Inside Out","datePublished":"2015-08-04T12:51:53+00:00","dateModified":"2021-02-09T19:48:24+00:00","mainEntityOfPage":{"@id":"https:\/\/psicopico.com\/emociones-para-todos-los-publicos-inside-out\/"},"wordCount":3417,"commentCount":1,"publisher":{"@id":"https:\/\/psicopico.com\/#organization"},"image":{"@id":"https:\/\/psicopico.com\/emociones-para-todos-los-publicos-inside-out\/#primaryimage"},"thumbnailUrl":"https:\/\/i0.wp.com\/psicopico.com\/wp-content\/uploads\/2015\/08\/inside_out___photo_time__by_miacat7-d8a4ifc-e1451564254196.jpg?fit=800%2C450&ssl=1","keywords":["Emoci\u00f3n","Intelixencia Emocional"],"articleSection":["Cine","Intelixencia Emocional","Ocio"],"inLanguage":"gal-GAL","potentialAction":[{"@type":"CommentAction","name":"Comment","target":["https:\/\/psicopico.com\/emociones-para-todos-los-publicos-inside-out\/#respond"]}]},{"@type":["WebPage","ItemPage"],"@id":"https:\/\/psicopico.com\/emociones-para-todos-los-publicos-inside-out\/","url":"https:\/\/psicopico.com\/emociones-para-todos-los-publicos-inside-out\/","name":"Emociones para todos os p\u00fablicos: Inside Out - PsicoPico","isPartOf":{"@id":"https:\/\/psicopico.com\/#website"},"primaryImageOfPage":{"@id":"https:\/\/psicopico.com\/emociones-para-todos-los-publicos-inside-out\/#primaryimage"},"image":{"@id":"https:\/\/psicopico.com\/emociones-para-todos-los-publicos-inside-out\/#primaryimage"},"thumbnailUrl":"https:\/\/i0.wp.com\/psicopico.com\/wp-content\/uploads\/2015\/08\/inside_out___photo_time__by_miacat7-d8a4ifc-e1451564254196.jpg?fit=800%2C450&ssl=1","datePublished":"2015-08-04T12:51:53+00:00","dateModified":"2021-02-09T19:48:24+00:00","breadcrumb":{"@id":"https:\/\/psicopico.com\/emociones-para-todos-los-publicos-inside-out\/#breadcrumb"},"inLanguage":"gal-GAL","potentialAction":[{"@type":"ReadAction","target":["https:\/\/psicopico.com\/emociones-para-todos-los-publicos-inside-out\/"]}]},{"@type":"ImageObject","inLanguage":"gal-GAL","@id":"https:\/\/psicopico.com\/emociones-para-todos-los-publicos-inside-out\/#primaryimage","url":"https:\/\/i0.wp.com\/psicopico.com\/wp-content\/uploads\/2015\/08\/inside_out___photo_time__by_miacat7-d8a4ifc-e1451564254196.jpg?fit=800%2C450&ssl=1","contentUrl":"https:\/\/i0.wp.com\/psicopico.com\/wp-content\/uploads\/2015\/08\/inside_out___photo_time__by_miacat7-d8a4ifc-e1451564254196.jpg?fit=800%2C450&ssl=1","width":"800","height":"450"},{"@type":"BreadcrumbList","@id":"https:\/\/psicopico.com\/emociones-para-todos-los-publicos-inside-out\/#breadcrumb","itemListElement":[{"@type":"ListItem","position":1,"name":"Inicio","item":"https:\/\/psicopico.com\/"},{"@type":"ListItem","position":2,"name":"Emociones para todos los p\u00fablicos: Inside Out"}]},{"@type":"WebSite","@id":"https:\/\/psicopico.com\/#website","url":"https:\/\/psicopico.com\/","name":"PsicoPico","description":"Psicopico - Psicolox\u00eda Online por Iv\u00e1n Pico","publisher":{"@id":"https:\/\/psicopico.com\/#organization"},"potentialAction":[{"@type":"SearchAction","target":{"@type":"EntryPoint","urlTemplate":"https:\/\/psicopico.com\/?s={search_term_string}"},"query-input":{"@type":"PropertyValueSpecification","valueRequired":true,"valueName":"search_term_string"}}],"inLanguage":"gal-GAL"},{"@type":"Organization","@id":"https:\/\/psicopico.com\/#organization","name":"Psicopico","url":"https:\/\/psicopico.com\/","logo":{"@type":"ImageObject","inLanguage":"gal-GAL","@id":"https:\/\/psicopico.com\/#\/schema\/logo\/image\/","url":"https:\/\/i0.wp.com\/psicopico.com\/wp-content\/uploads\/2015\/12\/logowebpsicopico.png?fit=377%2C113&ssl=1","contentUrl":"https:\/\/i0.wp.com\/psicopico.com\/wp-content\/uploads\/2015\/12\/logowebpsicopico.png?fit=377%2C113&ssl=1","width":"377","height":"113","caption":"Psicopico"},"image":{"@id":"https:\/\/psicopico.com\/#\/schema\/logo\/image\/"},"sameAs":["https:\/\/es-la.facebook.com\/psicopicopsicologia\/","https:\/\/x.com\/psicopico","https:\/\/instagram.com\/psicopico","https:\/\/es.linkedin.com\/in\/iv\u00e1n-pico-mart\u00ednez-5bb46873","https:\/\/www.pinterest.es\/psicopico\/","https:\/\/www.youtube.com\/channel\/UCwM4gAydCyOv_3sBkqVb74Q"]},{"@type":"Person","@id":"https:\/\/psicopico.com\/#\/schema\/person\/a1b576037e3d3cbc20e3545b5efecea2","name":"Pico","image":{"@type":"ImageObject","inLanguage":"gal-GAL","@id":"https:\/\/secure.gravatar.com\/avatar\/b681064f628b288a14c579608e30ec4451703651c33af37f014d0ceeccc29df3?s=96&d=mm&r=g","url":"https:\/\/secure.gravatar.com\/avatar\/b681064f628b288a14c579608e30ec4451703651c33af37f014d0ceeccc29df3?s=96&d=mm&r=g","contentUrl":"https:\/\/secure.gravatar.com\/avatar\/b681064f628b288a14c579608e30ec4451703651c33af37f014d0ceeccc29df3?s=96&d=mm&r=g","caption":"Pico"},"description":"Graduado en Psicolog\u00eda (UNED). N\u00ba Colegiado G-5480 Diplomado en Ciencias Empresariales (USC). M\u00e1ster en Psicolog\u00eda del Trabajo y las Organizaciones. (INESEM) T\u00e9cnico Deportivo Nivel II, f\u00fatbol sala (RFEF). Etc...","sameAs":["http:\/\/www.psicopico.com"],"url":"https:\/\/psicopico.com\/gl\/author\/ivan-pico\/"}]}},"jetpack_featured_media_url":"https:\/\/i0.wp.com\/psicopico.com\/wp-content\/uploads\/2015\/08\/inside_out___photo_time__by_miacat7-d8a4ifc-e1451564254196.jpg?fit=800%2C450&ssl=1","jetpack_shortlink":"https:\/\/wp.me\/p6Zx58-1C","jetpack_sharing_enabled":true,"_links":{"self":[{"href":"https:\/\/psicopico.com\/gl\/wp-json\/wp\/v2\/posts\/100","targetHints":{"allow":["GET"]}}],"collection":[{"href":"https:\/\/psicopico.com\/gl\/wp-json\/wp\/v2\/posts"}],"about":[{"href":"https:\/\/psicopico.com\/gl\/wp-json\/wp\/v2\/types\/post"}],"author":[{"embeddable":true,"href":"https:\/\/psicopico.com\/gl\/wp-json\/wp\/v2\/users\/3"}],"replies":[{"embeddable":true,"href":"https:\/\/psicopico.com\/gl\/wp-json\/wp\/v2\/comments?post=100"}],"version-history":[{"count":0,"href":"https:\/\/psicopico.com\/gl\/wp-json\/wp\/v2\/posts\/100\/revisions"}],"wp:featuredmedia":[{"embeddable":true,"href":"https:\/\/psicopico.com\/gl\/wp-json\/wp\/v2\/media\/102"}],"wp:attachment":[{"href":"https:\/\/psicopico.com\/gl\/wp-json\/wp\/v2\/media?parent=100"}],"wp:term":[{"taxonomy":"category","embeddable":true,"href":"https:\/\/psicopico.com\/gl\/wp-json\/wp\/v2\/categories?post=100"},{"taxonomy":"post_tag","embeddable":true,"href":"https:\/\/psicopico.com\/gl\/wp-json\/wp\/v2\/tags?post=100"}],"curies":[{"name":"wp","href":"https:\/\/api.w.org\/{rel}","templated":true}]}}