{"id":9997,"date":"2025-08-22T13:46:26","date_gmt":"2025-08-22T12:46:26","guid":{"rendered":"https:\/\/psicopico.com\/?p=9997"},"modified":"2025-08-22T13:46:26","modified_gmt":"2025-08-22T12:46:26","slug":"como-gestionar-el-estres-laboral-en-un-mundo-hiperconectado","status":"publish","type":"post","link":"https:\/\/psicopico.com\/en\/como-gestionar-el-estres-laboral-en-un-mundo-hiperconectado\/","title":{"rendered":"(Espa\u00f1ol) C\u00f3mo gestionar el estr\u00e9s laboral en un mundo hiperconectado"},"content":{"rendered":"<p class=\"qtranxs-available-languages-message qtranxs-available-languages-message-en\">Sorry, this entry is only available in <a href=\"https:\/\/psicopico.com\/es\/wp-json\/wp\/v2\/posts\/9997\" class=\"qtranxs-available-language-link qtranxs-available-language-link-es\" title=\"Espa\u00f1ol\">Espa\u00f1ol<\/a>. For the sake of viewer convenience, the content is shown below in the alternative language. You may click the link to switch the active language.<\/p><p data-start=\"290\" data-end=\"369\">Tenemos una ma\u00f1ana llena de trabajo, de correos electr\u00f3nicos que atender, mensajes de texto, llamadas de tel\u00e9fono, atender a las personas del negocio y encima bajo una exigencia de tener que hacerlo de manera eficiente y productiva. Llegamos a nuestro te\u00f3rico tiempo de descanso y lo que suenan son notificaciones de redes sociales y whatsapps que siguen avivando nuestras ganas de desconectar en un mundo que parece que nos persigue y exige por encima de nuestras posibilidades. Vamos a profundizar un poco m\u00e1s en todas estas se\u00f1ales que pueden desencadenar en situaciones an\u00f3malas de <strong>agotamiento<\/strong> que en ocasiones necesitan de atenci\u00f3n por parte de un <a href=\"https:\/\/psintra.es\/terapias\/estres\/estres-laboral\/\"><strong>psic\u00f3logo especializado en estr\u00e9s laboral<\/strong><\/a> que nos ayude a enfocar mejor tode este aluvi\u00f3n de estimulaci\u00f3n.<\/p>\n<h2 data-start=\"371\" data-end=\"440\">La hiperconexi\u00f3n y la dificultad de desconectar en el siglo XXI<\/h2>\n<p data-start=\"442\" data-end=\"913\">Estar <strong data-start=\"448\" data-end=\"466\">hiperconectado<\/strong> significa vivir en un estado de conexi\u00f3n continua, donde la frontera entre lo laboral y lo personal pr\u00e1cticamente se ha borrado. Hoy en d\u00eda, muchas personas trabajan en oficinas h\u00edbridas, revisan correos en el transporte p\u00fablico, contestan mensajes de clientes mientras cenan o reciben notificaciones de su jefe un domingo por la tarde. Este estado de <strong data-start=\"819\" data-end=\"850\">hiperestimulaci\u00f3n constante<\/strong> provoca que el cerebro nunca logre \u201cbajar las revoluciones\u201d.<\/p>\n<p data-start=\"98\" data-end=\"471\">El problema se intensifica porque el <strong data-start=\"135\" data-end=\"151\">tiempo libre<\/strong>, que deber\u00eda estar destinado a la recuperaci\u00f3n, queda igualmente colonizado por <strong data-start=\"232\" data-end=\"266\">est\u00edmulos digitales constantes<\/strong>. Las redes sociales, las alertas de noticias, las aplicaciones de mensajer\u00eda y la presi\u00f3n por \u201cestar al d\u00eda\u201d generan una sensaci\u00f3n de urgencia que no desaparece aunque la jornada laboral haya terminado.<\/p>\n<p data-start=\"473\" data-end=\"918\">Por ejemplo, un trabajador que, despu\u00e9s de salir de la oficina, decide revisar un momento sus redes sociales antes de cenar, se expone a una avalancha de informaci\u00f3n: mensajes de amigos, publicaciones laborales en LinkedIn, debates pol\u00edticos en Twitter o incluso correos de la empresa que llegan a su bandeja. Lo que en principio era un espacio de ocio, se convierte en una extensi\u00f3n del trabajo y en una fuente adicional de activaci\u00f3n mental.<\/p>\n<p data-start=\"920\" data-end=\"1323\">Desde la neurociencia se sabe que cada notificaci\u00f3n act\u00faa como un peque\u00f1o est\u00edmulo de recompensa \u2014similar a un \u201cgolpe\u201d de dopamina\u2014 que mantiene al cerebro en un estado de <strong data-start=\"1092\" data-end=\"1112\">alerta constante<\/strong> (Kuss &amp; Griffiths, 2017). Esta hiperactivaci\u00f3n puede parecer inocua, pero a largo plazo dificulta que el sistema nervioso entre en fases de reposo profundo, fundamentales para la recuperaci\u00f3n mental y f\u00edsica.<\/p>\n<p data-start=\"1325\" data-end=\"1705\">De este modo, la persona nunca logra <strong data-start=\"1362\" data-end=\"1388\">\u201cdesconectar del todo\u201d<\/strong>: trabaja en la oficina, luego atiende mensajes en casa y, por \u00faltimo, antes de dormir, consume m\u00e1s contenido digital que lo estimula y retrasa el sue\u00f1o. La consecuencia es un ciclo de agotamiento progresivo en el que el descanso deja de ser reparador y, en su lugar, alimenta el riesgo de estr\u00e9s cr\u00f3nico y burnout.<\/p>\n<p data-start=\"1277\" data-end=\"1633\">Un ejemplo real y com\u00fan: una analista financiera que, tras su jornada, sigue respondiendo mensajes de WhatsApp del equipo en distintos husos horarios. Aunque f\u00edsicamente est\u00e1 en casa, su mente sigue en modo \u201coficina\u201d. Esto, mantenido en el tiempo, desemboca en fatiga cr\u00f3nica, irritabilidad y, en muchos casos, s\u00edntomas claros de <strong data-start=\"1607\" data-end=\"1618\">burnout<\/strong> (OMS, 2021).<\/p>\n<h2 data-start=\"1640\" data-end=\"1690\">Se\u00f1ales de burnout en un mundo hiperestimulado<\/h2>\n<p data-start=\"1692\" data-end=\"1924\">El <strong data-start=\"1695\" data-end=\"1706\">burnout<\/strong> no aparece de un d\u00eda para otro: es la consecuencia de semanas o meses de exposici\u00f3n prolongada a factores estresantes. En el contexto actual, la <strong data-start=\"1852\" data-end=\"1881\">hiperestimulaci\u00f3n digital<\/strong> juega un papel central en este desgaste.<\/p>\n<ul data-start=\"1926\" data-end=\"2964\">\n<li data-start=\"1926\" data-end=\"2236\">\n<p data-start=\"1928\" data-end=\"2236\"><strong data-start=\"1928\" data-end=\"1953\">Agotamiento emocional<\/strong>: empleados que revisan notificaciones incluso en vacaciones y sienten que nunca descansan. Un caso t\u00edpico es el de quienes teletrabajan y tienen la costumbre de abrir el port\u00e1til \u201csolo cinco minutos m\u00e1s\u201d al final del d\u00eda\u2026 que se convierten en dos horas extra de trabajo invisible.<\/p>\n<\/li>\n<li data-start=\"2238\" data-end=\"2536\">\n<p data-start=\"2240\" data-end=\"2536\"><strong data-start=\"2240\" data-end=\"2272\">Despersonalizaci\u00f3n o cinismo<\/strong>: la saturaci\u00f3n de reuniones virtuales (\u201cZoom fatigue\u201d) lleva a trabajadores a sentir indiferencia hacia su equipo o clientes. No es raro escuchar frases como \u201cotra videollamada m\u00e1s, no aguanto\u201d, reflejando una desconexi\u00f3n emocional con las relaciones laborales.<\/p>\n<\/li>\n<li data-start=\"2538\" data-end=\"2763\">\n<p data-start=\"2540\" data-end=\"2763\"><strong data-start=\"2540\" data-end=\"2569\">Baja realizaci\u00f3n personal<\/strong>: recibir correos y tareas a deshoras genera la sensaci\u00f3n de que nunca se cumple lo suficiente. Esto produce un c\u00edrculo vicioso: m\u00e1s horas, m\u00e1s cansancio, menos productividad, m\u00e1s frustraci\u00f3n.<\/p>\n<\/li>\n<li data-start=\"2765\" data-end=\"2964\">\n<p data-start=\"2767\" data-end=\"2964\"><strong data-start=\"2767\" data-end=\"2788\">Problemas f\u00edsicos<\/strong>: dolores cervicales por largas jornadas frente a pantallas, insomnio por exposici\u00f3n a la luz azul de dispositivos en la noche o migra\u00f1as por la multitarea digital constante.<\/p>\n<\/li>\n<\/ul>\n<p data-start=\"2966\" data-end=\"3348\">Un ejemplo ilustrativo es el de un programador en modalidad de teletrabajo que recibe tickets de soporte a cualquier hora y siente que su tiempo personal se diluye. Poco a poco empieza a dormir mal, se irrita con su familia y experimenta una p\u00e9rdida de motivaci\u00f3n. Este patr\u00f3n encaja con lo descrito por la OMS (2021) y la literatura sobre <strong data-start=\"3306\" data-end=\"3321\">tecnoestr\u00e9s<\/strong> (Tarafdar et al., 2019).<\/p>\n<h1 data-start=\"3355\" data-end=\"3411\">Estrategias de afrontamiento<\/h1>\n<p data-start=\"3413\" data-end=\"3626\">La buena noticia es que existen medidas pr\u00e1cticas para recuperar en cierto modo nuestro equilibrio mental. Lo aconsejable ser\u00eda que fuesen dirigidas por un profesional especializado para que sean lo m\u00e1s adaptado a la persona, contexto y caso concreto. Algunas de ellas pueden ser:<\/p>\n<ol data-start=\"3628\" data-end=\"5252\">\n<li data-start=\"3628\" data-end=\"3891\">\n<p data-start=\"3631\" data-end=\"3891\"><strong data-start=\"3631\" data-end=\"3667\">Higiene digital y l\u00edmites claros<\/strong><br data-start=\"3667\" data-end=\"3670\" \/>Ejemplo: una trabajadora de marketing pacta con su equipo que no se env\u00eden mensajes por WhatsApp fuera del horario laboral. Esto no solo reduce su ansiedad, sino que mejora la productividad de todos al d\u00eda siguiente.<\/p>\n<\/li>\n<li data-start=\"3893\" data-end=\"4134\">\n<p data-start=\"3896\" data-end=\"4134\"><strong data-start=\"3896\" data-end=\"3924\">Digital Detox programado<\/strong><br data-start=\"3924\" data-end=\"3927\" \/>Reservar momentos sin pantallas, como los domingos sin correo electr\u00f3nico. Estudios de Mirbabaie et al. (2020) muestran que este tipo de desconexi\u00f3n reduce el estr\u00e9s percibido y mejora la concentraci\u00f3n.<\/p>\n<\/li>\n<li data-start=\"4136\" data-end=\"4399\">\n<p data-start=\"4139\" data-end=\"4399\"><strong data-start=\"4139\" data-end=\"4175\">Pausas conscientes<\/strong><br data-start=\"4175\" data-end=\"4178\" \/>Empleados de empresas tecnol\u00f3gicas en Silicon Valley practican pausas de autoconocimiento y conscientes de 5 minutos entre reuniones online para contrarrestar la \u201cZoom fatigue\u201d. Esta pr\u00e1ctica reduce la fatiga cognitiva (Kabat-Zinn, 2003).<\/p>\n<\/li>\n<li data-start=\"4401\" data-end=\"4725\">\n<p data-start=\"4404\" data-end=\"4725\"><strong data-start=\"4404\" data-end=\"4434\">Contacto con la naturaleza<\/strong><br data-start=\"4434\" data-end=\"4437\" \/>La teor\u00eda de restauraci\u00f3n de la atenci\u00f3n (Kaplan &amp; Kaplan, 1995) respalda que paseos en entornos verdes ayudan a reducir la saturaci\u00f3n digital. Ejemplo: un trabajador que despu\u00e9s de una jornada de teletrabajo camina en un parque y regresa a casa con mejor disposici\u00f3n para descansar.<\/p>\n<\/li>\n<li data-start=\"4727\" data-end=\"5016\">\n<p data-start=\"4730\" data-end=\"5016\"><strong data-start=\"4730\" data-end=\"4768\">Actividad f\u00edsica y sue\u00f1o reparador<\/strong><br data-start=\"4768\" data-end=\"4771\" \/>Un estudio de la OMS (2021) advierte que la sobrecarga laboral afecta directamente la salud cardiovascular. Incorporar ejercicio ligero (caminar, estiramientos) y evitar pantallas antes de dormir son pr\u00e1cticas protectoras frente al burnout.<\/p>\n<\/li>\n<li data-start=\"5018\" data-end=\"5252\">\n<p data-start=\"5021\" data-end=\"5252\"><strong data-start=\"5021\" data-end=\"5050\">Entorno laboral saludable<\/strong><br data-start=\"5050\" data-end=\"5053\" \/>Espacios ordenados reducen el cortisol y mejoran el foco (UCLA, 2011). En teletrabajo, por ejemplo, separar f\u00edsicamente la mesa de trabajo de la sala de ocio ayuda a que la mente distinga roles.<\/p>\n<\/li>\n<\/ol>\n<h2 data-start=\"5259\" data-end=\"5316\">La psicolog\u00eda profesional como aliada<\/h2>\n<p data-start=\"5318\" data-end=\"5508\">Aunque estas t\u00e9cnicas son efectivas, no todas las personas responden igual. Aqu\u00ed es donde entra el papel de centros especializados como <a href=\"https:\/\/psintra.es\/\"><strong data-start=\"5454\" data-end=\"5465\">Psintra<\/strong><\/a>, que ofrecen un acompa\u00f1amiento adaptado.<\/p>\n<ul data-start=\"5510\" data-end=\"6026\">\n<li data-start=\"5510\" data-end=\"5644\">\n<p data-start=\"5512\" data-end=\"5644\"><strong data-start=\"5512\" data-end=\"5537\">Evaluaci\u00f3n individual<\/strong>: identificar los factores de estr\u00e9s concretos (hiperconexi\u00f3n, sobrecarga digital, falta de desconexi\u00f3n).<\/p>\n<\/li>\n<li data-start=\"5645\" data-end=\"5770\">\n<p data-start=\"5647\" data-end=\"5770\"><strong data-start=\"5647\" data-end=\"5680\">Intervenciones personalizadas<\/strong>: desde entrenar al paciente en l\u00edmites tecnol\u00f3gicos hasta mejorar su higiene del sue\u00f1o.<\/p>\n<\/li>\n<li data-start=\"5771\" data-end=\"5905\">\n<p data-start=\"5773\" data-end=\"5905\"><strong data-start=\"5773\" data-end=\"5797\">Programas de empresa<\/strong>: talleres de gesti\u00f3n de estr\u00e9s, programas de mindfulness corporativo o formaci\u00f3n en organizaci\u00f3n digital.<\/p>\n<\/li>\n<li data-start=\"5906\" data-end=\"6026\">\n<p data-start=\"5908\" data-end=\"6026\"><strong data-start=\"5908\" data-end=\"5937\">Fomento de la resiliencia<\/strong>: trabajar en la capacidad de los empleados para afrontar la incertidumbre y el cambio.<\/p>\n<\/li>\n<\/ul>\n<p data-start=\"6028\" data-end=\"6270\">Un caso t\u00edpico atendido en consultas es el de profesionales que sienten que su m\u00f3vil \u201cnunca se apaga\u201d. Con acompa\u00f1amiento psicol\u00f3gico, se desarrollan rutinas de desconexi\u00f3n que permiten mejorar tanto su descanso como su rendimiento laboral.<\/p>\n<h2 data-start=\"6277\" data-end=\"6297\">Referencias<\/h2>\n<ul>\n<li data-start=\"6301\" data-end=\"6459\">Kaplan, R., &amp; Kaplan, S. (1995). <em data-start=\"6334\" data-end=\"6403\">The restorative benefits of nature: Toward an integrative framework<\/em>. Journal of Environmental Psychology, 15(3), 169\u2013182.<\/li>\n<li data-start=\"6462\" data-end=\"6618\">Kabat-Zinn, J. (2003). <em data-start=\"6485\" data-end=\"6556\">Mindfulness-based interventions in context: Past, present, and future<\/em>. Clinical Psychology: Science and Practice, 10(2), 144\u2013156.<\/li>\n<li data-start=\"6462\" data-end=\"6618\">Kuss, D. J., &amp; Griffiths, M. D. (2017). <em data-start=\"122\" data-end=\"182\">Social Networking Sites and Addiction: Ten Lessons Learned<\/em>. International Journal of Environmental Research and Public Health, 14(3), 311<\/li>\n<li data-start=\"6621\" data-end=\"6807\">Mirbabaie, M., Marx, J., Braun, L.-M., &amp; Stieglitz, S. (2020). <em data-start=\"6684\" data-end=\"6771\">Digital Detox\u2014Mitigating Digital Overuse in Times of Remote Work and Social Isolation<\/em>. arXiv preprint arXiv:2012.09535.<\/li>\n<li data-start=\"6810\" data-end=\"6934\">Organizaci\u00f3n Mundial de la Salud. (2021). <em data-start=\"6852\" data-end=\"6918\">Long working hours and risk of cardiovascular disease and stroke<\/em>. Geneva: WHO.<\/li>\n<li data-start=\"6937\" data-end=\"7043\">Psicopico. (s. f.). <em data-start=\"6957\" data-end=\"7004\">Estrategias de afrontamiento frente al estr\u00e9s<\/em>.<\/li>\n<li data-start=\"7046\" data-end=\"7265\">Tarafdar, M., Cooper, C. L., &amp; Stich, J. F. (2019). <em data-start=\"7098\" data-end=\"7220\">The technostress trifecta\u2014Techno eustress, techno distress and design: Theoretical directions and an agenda for research<\/em>. Information Systems Journal, 29(1), 6\u201342.<\/li>\n<li data-start=\"7268\" data-end=\"7388\">UCLA Center for Everyday Lives of Families. (2011). <em data-start=\"7320\" data-end=\"7385\">Effects of clutter on cortisol levels and cognitive performance<\/em>.<\/li>\n<\/ul>","protected":false},"excerpt":{"rendered":"<p>Sorry, this entry is only available in Espa\u00f1ol. For the sake of viewer convenience, the content is shown below in the alternative language. You may click the link to switch the active language.Tenemos una ma\u00f1ana llena de trabajo, de correos electr\u00f3nicos que atender, mensajes de texto, llamadas de tel\u00e9fono, atender a las personas del negocio [&hellip;]<\/p>\n","protected":false},"author":1,"featured_media":9998,"comment_status":"open","ping_status":"closed","sticky":false,"template":"","format":"standard","meta":{"_jetpack_memberships_contains_paid_content":false,"_joinchat":[],"footnotes":""},"categories":[26,93,8],"tags":[],"class_list":["post-9997","post","type-post","status-publish","format-standard","has-post-thumbnail","hentry","category-organizaciones","category-salud","category-social"],"yoast_head":"<!-- This site is optimized with the Yoast SEO plugin v27.4 - https:\/\/yoast.com\/product\/yoast-seo-wordpress\/ -->\n<title>(Espa\u00f1ol) C\u00f3mo gestionar el estr\u00e9s laboral en un mundo hiperconectado - PsicoPico<\/title>\n<meta name=\"robots\" content=\"index, follow, max-snippet:-1, max-image-preview:large, max-video-preview:-1\" \/>\n<link rel=\"canonical\" href=\"https:\/\/psicopico.com\/como-gestionar-el-estres-laboral-en-un-mundo-hiperconectado\/\" \/>\n<meta property=\"og:locale\" content=\"en_US\" \/>\n<meta property=\"og:type\" content=\"article\" \/>\n<meta property=\"og:title\" content=\"(Espa\u00f1ol) C\u00f3mo gestionar el estr\u00e9s laboral en un mundo hiperconectado - PsicoPico\" \/>\n<meta property=\"og:description\" content=\"Sorry, this entry is only available in Espa\u00f1ol. For the sake of viewer convenience, the content is shown below in the alternative language. You may click the link to switch the active language.Tenemos una ma\u00f1ana llena de trabajo, de correos electr\u00f3nicos que atender, mensajes de texto, llamadas de tel\u00e9fono, atender a las personas del negocio [&hellip;]\" \/>\n<meta property=\"og:url\" content=\"https:\/\/psicopico.com\/como-gestionar-el-estres-laboral-en-un-mundo-hiperconectado\/\" \/>\n<meta property=\"og:site_name\" content=\"PsicoPico\" \/>\n<meta property=\"article:publisher\" content=\"https:\/\/es-la.facebook.com\/psicopicopsicologia\/\" \/>\n<meta property=\"article:author\" content=\"https:\/\/www.facebook.com\/psicopicopsicologia\/\" \/>\n<meta property=\"article:published_time\" content=\"2025-08-22T12:46:26+00:00\" \/>\n<meta property=\"og:image\" content=\"https:\/\/psicopico.com\/wp-content\/uploads\/2025\/08\/estres-laboral.jpg\" \/>\n\t<meta property=\"og:image:width\" content=\"1280\" \/>\n\t<meta property=\"og:image:height\" content=\"640\" \/>\n\t<meta property=\"og:image:type\" content=\"image\/jpeg\" \/>\n<meta name=\"author\" content=\"Iv\u00e1n Pico\" \/>\n<meta name=\"twitter:card\" content=\"summary_large_image\" \/>\n<meta name=\"twitter:creator\" content=\"@psicopico\" \/>\n<meta name=\"twitter:site\" content=\"@psicopico\" \/>\n<meta name=\"twitter:label1\" content=\"Written by\" \/>\n\t<meta name=\"twitter:data1\" content=\"Iv\u00e1n Pico\" \/>\n\t<meta name=\"twitter:label2\" content=\"Est. reading time\" \/>\n\t<meta name=\"twitter:data2\" content=\"7 minutes\" \/>\n<script type=\"application\/ld+json\" class=\"yoast-schema-graph\">{\"@context\":\"https:\\\/\\\/schema.org\",\"@graph\":[{\"@type\":\"Article\",\"@id\":\"https:\\\/\\\/psicopico.com\\\/como-gestionar-el-estres-laboral-en-un-mundo-hiperconectado\\\/#article\",\"isPartOf\":{\"@id\":\"https:\\\/\\\/psicopico.com\\\/como-gestionar-el-estres-laboral-en-un-mundo-hiperconectado\\\/\"},\"author\":{\"name\":\"Iv\u00e1n Pico\",\"@id\":\"https:\\\/\\\/psicopico.com\\\/#\\\/schema\\\/person\\\/e90a6b8840bf0a67abfaa95093cbda44\"},\"headline\":\"(Espa\u00f1ol) C\u00f3mo gestionar el estr\u00e9s laboral en un mundo hiperconectado\",\"datePublished\":\"2025-08-22T12:46:26+00:00\",\"mainEntityOfPage\":{\"@id\":\"https:\\\/\\\/psicopico.com\\\/como-gestionar-el-estres-laboral-en-un-mundo-hiperconectado\\\/\"},\"wordCount\":1449,\"commentCount\":0,\"publisher\":{\"@id\":\"https:\\\/\\\/psicopico.com\\\/#organization\"},\"image\":{\"@id\":\"https:\\\/\\\/psicopico.com\\\/como-gestionar-el-estres-laboral-en-un-mundo-hiperconectado\\\/#primaryimage\"},\"thumbnailUrl\":\"https:\\\/\\\/i0.wp.com\\\/psicopico.com\\\/wp-content\\\/uploads\\\/2025\\\/08\\\/estres-laboral.jpg?fit=1280%2C640&ssl=1\",\"articleSection\":[\"Organizations\",\"Health\",\"Social\"],\"inLanguage\":\"en-US\",\"potentialAction\":[{\"@type\":\"CommentAction\",\"name\":\"Comment\",\"target\":[\"https:\\\/\\\/psicopico.com\\\/como-gestionar-el-estres-laboral-en-un-mundo-hiperconectado\\\/#respond\"]}]},{\"@type\":[\"WebPage\",\"ItemPage\"],\"@id\":\"https:\\\/\\\/psicopico.com\\\/como-gestionar-el-estres-laboral-en-un-mundo-hiperconectado\\\/\",\"url\":\"https:\\\/\\\/psicopico.com\\\/como-gestionar-el-estres-laboral-en-un-mundo-hiperconectado\\\/\",\"name\":\"(Espa\u00f1ol) C\u00f3mo gestionar el estr\u00e9s laboral en un mundo hiperconectado - PsicoPico\",\"isPartOf\":{\"@id\":\"https:\\\/\\\/psicopico.com\\\/#website\"},\"primaryImageOfPage\":{\"@id\":\"https:\\\/\\\/psicopico.com\\\/como-gestionar-el-estres-laboral-en-un-mundo-hiperconectado\\\/#primaryimage\"},\"image\":{\"@id\":\"https:\\\/\\\/psicopico.com\\\/como-gestionar-el-estres-laboral-en-un-mundo-hiperconectado\\\/#primaryimage\"},\"thumbnailUrl\":\"https:\\\/\\\/i0.wp.com\\\/psicopico.com\\\/wp-content\\\/uploads\\\/2025\\\/08\\\/estres-laboral.jpg?fit=1280%2C640&ssl=1\",\"datePublished\":\"2025-08-22T12:46:26+00:00\",\"breadcrumb\":{\"@id\":\"https:\\\/\\\/psicopico.com\\\/como-gestionar-el-estres-laboral-en-un-mundo-hiperconectado\\\/#breadcrumb\"},\"inLanguage\":\"en-US\",\"potentialAction\":[{\"@type\":\"ReadAction\",\"target\":[\"https:\\\/\\\/psicopico.com\\\/como-gestionar-el-estres-laboral-en-un-mundo-hiperconectado\\\/\"]}]},{\"@type\":\"ImageObject\",\"inLanguage\":\"en-US\",\"@id\":\"https:\\\/\\\/psicopico.com\\\/como-gestionar-el-estres-laboral-en-un-mundo-hiperconectado\\\/#primaryimage\",\"url\":\"https:\\\/\\\/i0.wp.com\\\/psicopico.com\\\/wp-content\\\/uploads\\\/2025\\\/08\\\/estres-laboral.jpg?fit=1280%2C640&ssl=1\",\"contentUrl\":\"https:\\\/\\\/i0.wp.com\\\/psicopico.com\\\/wp-content\\\/uploads\\\/2025\\\/08\\\/estres-laboral.jpg?fit=1280%2C640&ssl=1\",\"width\":1280,\"height\":640},{\"@type\":\"BreadcrumbList\",\"@id\":\"https:\\\/\\\/psicopico.com\\\/como-gestionar-el-estres-laboral-en-un-mundo-hiperconectado\\\/#breadcrumb\",\"itemListElement\":[{\"@type\":\"ListItem\",\"position\":1,\"name\":\"Inicio\",\"item\":\"https:\\\/\\\/psicopico.com\\\/\"},{\"@type\":\"ListItem\",\"position\":2,\"name\":\"C\u00f3mo gestionar el estr\u00e9s laboral en un mundo hiperconectado\"}]},{\"@type\":\"WebSite\",\"@id\":\"https:\\\/\\\/psicopico.com\\\/#website\",\"url\":\"https:\\\/\\\/psicopico.com\\\/\",\"name\":\"PsicoPico\",\"description\":\"Psicopico - Online Psychology by Iv\u00e1n Pico\",\"publisher\":{\"@id\":\"https:\\\/\\\/psicopico.com\\\/#organization\"},\"potentialAction\":[{\"@type\":\"SearchAction\",\"target\":{\"@type\":\"EntryPoint\",\"urlTemplate\":\"https:\\\/\\\/psicopico.com\\\/?s={search_term_string}\"},\"query-input\":{\"@type\":\"PropertyValueSpecification\",\"valueRequired\":true,\"valueName\":\"search_term_string\"}}],\"inLanguage\":\"en-US\"},{\"@type\":\"Organization\",\"@id\":\"https:\\\/\\\/psicopico.com\\\/#organization\",\"name\":\"Psicopico\",\"url\":\"https:\\\/\\\/psicopico.com\\\/\",\"logo\":{\"@type\":\"ImageObject\",\"inLanguage\":\"en-US\",\"@id\":\"https:\\\/\\\/psicopico.com\\\/#\\\/schema\\\/logo\\\/image\\\/\",\"url\":\"https:\\\/\\\/i0.wp.com\\\/psicopico.com\\\/wp-content\\\/uploads\\\/2015\\\/12\\\/logowebpsicopico.png?fit=377%2C113&ssl=1\",\"contentUrl\":\"https:\\\/\\\/i0.wp.com\\\/psicopico.com\\\/wp-content\\\/uploads\\\/2015\\\/12\\\/logowebpsicopico.png?fit=377%2C113&ssl=1\",\"width\":\"377\",\"height\":\"113\",\"caption\":\"Psicopico\"},\"image\":{\"@id\":\"https:\\\/\\\/psicopico.com\\\/#\\\/schema\\\/logo\\\/image\\\/\"},\"sameAs\":[\"https:\\\/\\\/es-la.facebook.com\\\/psicopicopsicologia\\\/\",\"https:\\\/\\\/x.com\\\/psicopico\",\"https:\\\/\\\/instagram.com\\\/psicopico\",\"https:\\\/\\\/es.linkedin.com\\\/in\\\/iv\u00e1n-pico-mart\u00ednez-5bb46873\",\"https:\\\/\\\/www.pinterest.es\\\/psicopico\\\/\",\"https:\\\/\\\/www.youtube.com\\\/channel\\\/UCwM4gAydCyOv_3sBkqVb74Q\"]},{\"@type\":\"Person\",\"@id\":\"https:\\\/\\\/psicopico.com\\\/#\\\/schema\\\/person\\\/e90a6b8840bf0a67abfaa95093cbda44\",\"name\":\"Iv\u00e1n Pico\",\"image\":{\"@type\":\"ImageObject\",\"inLanguage\":\"en-US\",\"@id\":\"https:\\\/\\\/secure.gravatar.com\\\/avatar\\\/db757e40cd044bc752196ef8f9c1ed3c3c79321f8c82624947f51448030b8af1?s=96&d=mm&r=g\",\"url\":\"https:\\\/\\\/secure.gravatar.com\\\/avatar\\\/db757e40cd044bc752196ef8f9c1ed3c3c79321f8c82624947f51448030b8af1?s=96&d=mm&r=g\",\"contentUrl\":\"https:\\\/\\\/secure.gravatar.com\\\/avatar\\\/db757e40cd044bc752196ef8f9c1ed3c3c79321f8c82624947f51448030b8af1?s=96&d=mm&r=g\",\"caption\":\"Iv\u00e1n Pico\"},\"description\":\"Director y creador de Psicopico.com. Psic\u00f3logo Colegiado G-5480. Graduado en Psicolog\u00eda. Diplomado en Ciencias Empresariales y M\u00e1ster en Orientaci\u00f3n Profesional. M\u00e1ster en Psicolog\u00eda del Trabajo y Organizaciones. Posgrado en Psicolog\u00eda del Deporte y Entrenador Profesional de Futsal Nivel 3. Visita la secci\u00f3n \\\"Sobre m\u00ed\\\"para saber m\u00e1s. \u00bfQuieres una consulta personalizada? \u00a1Contacta conmigo en https:\\\/\\\/ivanpico.es\\\/!\",\"sameAs\":[\"https:\\\/\\\/www.psicopico.com\",\"https:\\\/\\\/www.facebook.com\\\/psicopicopsicologia\\\/\",\"https:\\\/\\\/www.instagram.com\\\/psicopico\\\/\",\"https:\\\/\\\/www.linkedin.com\\\/in\\\/ivan-pico-martinez\",\"https:\\\/\\\/x.com\\\/psicopico\",\"https:\\\/\\\/www.youtube.com\\\/channel\\\/UCwM4gAydCyOv_3sBkqVb74Q\"],\"url\":\"https:\\\/\\\/psicopico.com\\\/en\\\/author\\\/ivan-pico-psicologo-lugo\\\/\"}]}<\/script>\n<!-- \/ Yoast SEO plugin. -->","yoast_head_json":{"title":"(Espa\u00f1ol) C\u00f3mo gestionar el estr\u00e9s laboral en un mundo hiperconectado - PsicoPico","robots":{"index":"index","follow":"follow","max-snippet":"max-snippet:-1","max-image-preview":"max-image-preview:large","max-video-preview":"max-video-preview:-1"},"canonical":"https:\/\/psicopico.com\/como-gestionar-el-estres-laboral-en-un-mundo-hiperconectado\/","og_locale":"en_US","og_type":"article","og_title":"(Espa\u00f1ol) C\u00f3mo gestionar el estr\u00e9s laboral en un mundo hiperconectado - PsicoPico","og_description":"Sorry, this entry is only available in Espa\u00f1ol. For the sake of viewer convenience, the content is shown below in the alternative language. You may click the link to switch the active language.Tenemos una ma\u00f1ana llena de trabajo, de correos electr\u00f3nicos que atender, mensajes de texto, llamadas de tel\u00e9fono, atender a las personas del negocio [&hellip;]","og_url":"https:\/\/psicopico.com\/como-gestionar-el-estres-laboral-en-un-mundo-hiperconectado\/","og_site_name":"PsicoPico","article_publisher":"https:\/\/es-la.facebook.com\/psicopicopsicologia\/","article_author":"https:\/\/www.facebook.com\/psicopicopsicologia\/","article_published_time":"2025-08-22T12:46:26+00:00","og_image":[{"width":1280,"height":640,"url":"https:\/\/psicopico.com\/wp-content\/uploads\/2025\/08\/estres-laboral.jpg","type":"image\/jpeg"}],"author":"Iv\u00e1n Pico","twitter_card":"summary_large_image","twitter_creator":"@psicopico","twitter_site":"@psicopico","twitter_misc":{"Written by":"Iv\u00e1n Pico","Est. reading time":"7 minutes"},"schema":{"@context":"https:\/\/schema.org","@graph":[{"@type":"Article","@id":"https:\/\/psicopico.com\/como-gestionar-el-estres-laboral-en-un-mundo-hiperconectado\/#article","isPartOf":{"@id":"https:\/\/psicopico.com\/como-gestionar-el-estres-laboral-en-un-mundo-hiperconectado\/"},"author":{"name":"Iv\u00e1n Pico","@id":"https:\/\/psicopico.com\/#\/schema\/person\/e90a6b8840bf0a67abfaa95093cbda44"},"headline":"(Espa\u00f1ol) C\u00f3mo gestionar el estr\u00e9s laboral en un mundo hiperconectado","datePublished":"2025-08-22T12:46:26+00:00","mainEntityOfPage":{"@id":"https:\/\/psicopico.com\/como-gestionar-el-estres-laboral-en-un-mundo-hiperconectado\/"},"wordCount":1449,"commentCount":0,"publisher":{"@id":"https:\/\/psicopico.com\/#organization"},"image":{"@id":"https:\/\/psicopico.com\/como-gestionar-el-estres-laboral-en-un-mundo-hiperconectado\/#primaryimage"},"thumbnailUrl":"https:\/\/i0.wp.com\/psicopico.com\/wp-content\/uploads\/2025\/08\/estres-laboral.jpg?fit=1280%2C640&ssl=1","articleSection":["Organizations","Health","Social"],"inLanguage":"en-US","potentialAction":[{"@type":"CommentAction","name":"Comment","target":["https:\/\/psicopico.com\/como-gestionar-el-estres-laboral-en-un-mundo-hiperconectado\/#respond"]}]},{"@type":["WebPage","ItemPage"],"@id":"https:\/\/psicopico.com\/como-gestionar-el-estres-laboral-en-un-mundo-hiperconectado\/","url":"https:\/\/psicopico.com\/como-gestionar-el-estres-laboral-en-un-mundo-hiperconectado\/","name":"(Espa\u00f1ol) C\u00f3mo gestionar el estr\u00e9s laboral en un mundo hiperconectado - PsicoPico","isPartOf":{"@id":"https:\/\/psicopico.com\/#website"},"primaryImageOfPage":{"@id":"https:\/\/psicopico.com\/como-gestionar-el-estres-laboral-en-un-mundo-hiperconectado\/#primaryimage"},"image":{"@id":"https:\/\/psicopico.com\/como-gestionar-el-estres-laboral-en-un-mundo-hiperconectado\/#primaryimage"},"thumbnailUrl":"https:\/\/i0.wp.com\/psicopico.com\/wp-content\/uploads\/2025\/08\/estres-laboral.jpg?fit=1280%2C640&ssl=1","datePublished":"2025-08-22T12:46:26+00:00","breadcrumb":{"@id":"https:\/\/psicopico.com\/como-gestionar-el-estres-laboral-en-un-mundo-hiperconectado\/#breadcrumb"},"inLanguage":"en-US","potentialAction":[{"@type":"ReadAction","target":["https:\/\/psicopico.com\/como-gestionar-el-estres-laboral-en-un-mundo-hiperconectado\/"]}]},{"@type":"ImageObject","inLanguage":"en-US","@id":"https:\/\/psicopico.com\/como-gestionar-el-estres-laboral-en-un-mundo-hiperconectado\/#primaryimage","url":"https:\/\/i0.wp.com\/psicopico.com\/wp-content\/uploads\/2025\/08\/estres-laboral.jpg?fit=1280%2C640&ssl=1","contentUrl":"https:\/\/i0.wp.com\/psicopico.com\/wp-content\/uploads\/2025\/08\/estres-laboral.jpg?fit=1280%2C640&ssl=1","width":1280,"height":640},{"@type":"BreadcrumbList","@id":"https:\/\/psicopico.com\/como-gestionar-el-estres-laboral-en-un-mundo-hiperconectado\/#breadcrumb","itemListElement":[{"@type":"ListItem","position":1,"name":"Inicio","item":"https:\/\/psicopico.com\/"},{"@type":"ListItem","position":2,"name":"C\u00f3mo gestionar el estr\u00e9s laboral en un mundo hiperconectado"}]},{"@type":"WebSite","@id":"https:\/\/psicopico.com\/#website","url":"https:\/\/psicopico.com\/","name":"PsicoPico","description":"Psicopico - Online Psychology by Iv\u00e1n Pico","publisher":{"@id":"https:\/\/psicopico.com\/#organization"},"potentialAction":[{"@type":"SearchAction","target":{"@type":"EntryPoint","urlTemplate":"https:\/\/psicopico.com\/?s={search_term_string}"},"query-input":{"@type":"PropertyValueSpecification","valueRequired":true,"valueName":"search_term_string"}}],"inLanguage":"en-US"},{"@type":"Organization","@id":"https:\/\/psicopico.com\/#organization","name":"Psicopico","url":"https:\/\/psicopico.com\/","logo":{"@type":"ImageObject","inLanguage":"en-US","@id":"https:\/\/psicopico.com\/#\/schema\/logo\/image\/","url":"https:\/\/i0.wp.com\/psicopico.com\/wp-content\/uploads\/2015\/12\/logowebpsicopico.png?fit=377%2C113&ssl=1","contentUrl":"https:\/\/i0.wp.com\/psicopico.com\/wp-content\/uploads\/2015\/12\/logowebpsicopico.png?fit=377%2C113&ssl=1","width":"377","height":"113","caption":"Psicopico"},"image":{"@id":"https:\/\/psicopico.com\/#\/schema\/logo\/image\/"},"sameAs":["https:\/\/es-la.facebook.com\/psicopicopsicologia\/","https:\/\/x.com\/psicopico","https:\/\/instagram.com\/psicopico","https:\/\/es.linkedin.com\/in\/iv\u00e1n-pico-mart\u00ednez-5bb46873","https:\/\/www.pinterest.es\/psicopico\/","https:\/\/www.youtube.com\/channel\/UCwM4gAydCyOv_3sBkqVb74Q"]},{"@type":"Person","@id":"https:\/\/psicopico.com\/#\/schema\/person\/e90a6b8840bf0a67abfaa95093cbda44","name":"Iv\u00e1n Pico","image":{"@type":"ImageObject","inLanguage":"en-US","@id":"https:\/\/secure.gravatar.com\/avatar\/db757e40cd044bc752196ef8f9c1ed3c3c79321f8c82624947f51448030b8af1?s=96&d=mm&r=g","url":"https:\/\/secure.gravatar.com\/avatar\/db757e40cd044bc752196ef8f9c1ed3c3c79321f8c82624947f51448030b8af1?s=96&d=mm&r=g","contentUrl":"https:\/\/secure.gravatar.com\/avatar\/db757e40cd044bc752196ef8f9c1ed3c3c79321f8c82624947f51448030b8af1?s=96&d=mm&r=g","caption":"Iv\u00e1n Pico"},"description":"Director y creador de Psicopico.com. Psic\u00f3logo Colegiado G-5480. Graduado en Psicolog\u00eda. Diplomado en Ciencias Empresariales y M\u00e1ster en Orientaci\u00f3n Profesional. M\u00e1ster en Psicolog\u00eda del Trabajo y Organizaciones. Posgrado en Psicolog\u00eda del Deporte y Entrenador Profesional de Futsal Nivel 3. Visita la secci\u00f3n \"Sobre m\u00ed\"para saber m\u00e1s. \u00bfQuieres una consulta personalizada? \u00a1Contacta conmigo en https:\/\/ivanpico.es\/!","sameAs":["https:\/\/www.psicopico.com","https:\/\/www.facebook.com\/psicopicopsicologia\/","https:\/\/www.instagram.com\/psicopico\/","https:\/\/www.linkedin.com\/in\/ivan-pico-martinez","https:\/\/x.com\/psicopico","https:\/\/www.youtube.com\/channel\/UCwM4gAydCyOv_3sBkqVb74Q"],"url":"https:\/\/psicopico.com\/en\/author\/ivan-pico-psicologo-lugo\/"}]}},"jetpack_featured_media_url":"https:\/\/i0.wp.com\/psicopico.com\/wp-content\/uploads\/2025\/08\/estres-laboral.jpg?fit=1280%2C640&ssl=1","jetpack_shortlink":"https:\/\/wp.me\/p6Zx58-2Bf","jetpack_sharing_enabled":true,"_links":{"self":[{"href":"https:\/\/psicopico.com\/en\/wp-json\/wp\/v2\/posts\/9997","targetHints":{"allow":["GET"]}}],"collection":[{"href":"https:\/\/psicopico.com\/en\/wp-json\/wp\/v2\/posts"}],"about":[{"href":"https:\/\/psicopico.com\/en\/wp-json\/wp\/v2\/types\/post"}],"author":[{"embeddable":true,"href":"https:\/\/psicopico.com\/en\/wp-json\/wp\/v2\/users\/1"}],"replies":[{"embeddable":true,"href":"https:\/\/psicopico.com\/en\/wp-json\/wp\/v2\/comments?post=9997"}],"version-history":[{"count":0,"href":"https:\/\/psicopico.com\/en\/wp-json\/wp\/v2\/posts\/9997\/revisions"}],"wp:featuredmedia":[{"embeddable":true,"href":"https:\/\/psicopico.com\/en\/wp-json\/wp\/v2\/media\/9998"}],"wp:attachment":[{"href":"https:\/\/psicopico.com\/en\/wp-json\/wp\/v2\/media?parent=9997"}],"wp:term":[{"taxonomy":"category","embeddable":true,"href":"https:\/\/psicopico.com\/en\/wp-json\/wp\/v2\/categories?post=9997"},{"taxonomy":"post_tag","embeddable":true,"href":"https:\/\/psicopico.com\/en\/wp-json\/wp\/v2\/tags?post=9997"}],"curies":[{"name":"wp","href":"https:\/\/api.w.org\/{rel}","templated":true}]}}