{"id":1782,"date":"2016-04-01T22:10:07","date_gmt":"2016-04-01T21:10:07","guid":{"rendered":"http:\/\/psicopico.com\/?p=1782"},"modified":"2018-04-04T13:41:55","modified_gmt":"2018-04-04T12:41:55","slug":"metafora-del-iceberg-personal-virginia-satir","status":"publish","type":"post","link":"https:\/\/psicopico.com\/en\/metafora-del-iceberg-personal-virginia-satir\/","title":{"rendered":"(Espa\u00f1ol) La m\u00e9tafora del Iceberg personal, el modelo de Virginia Satir"},"content":{"rendered":"<p class=\"qtranxs-available-languages-message qtranxs-available-languages-message-en\">Sorry, this entry is only available in <a href=\"https:\/\/psicopico.com\/es\/wp-json\/wp\/v2\/posts\/1782\" class=\"qtranxs-available-language-link qtranxs-available-language-link-es\" title=\"Espa\u00f1ol\">Espa\u00f1ol<\/a> and <a href=\"https:\/\/psicopico.com\/gl\/wp-json\/wp\/v2\/posts\/1782\" class=\"qtranxs-available-language-link qtranxs-available-language-link-gl\" title=\"Galego\">Galego<\/a>. For the sake of viewer convenience, the content is shown below in this site default language. You may click one of the links to switch the site language to another available language.<\/p><p style=\"text-align: justify;\">El modelo gr\u00e1fico de un <strong>iceberg<\/strong> para representar las capas ocultas es muy usado en diferentes \u00e1mbitos para explicar que no todo lo que se muestra al exterior es todo lo que se tiene o se es realmente. Tambi\u00e9n es usado para explicar el \u00e9xito, ya que cuando alguien emprende un proyecto el \u00fanico resultado de su esfuerzo y dedicaci\u00f3n es lo que ven los dem\u00e1s en la parte visible de todo el conjunto.<\/p>\n<p style=\"text-align: justify;\">En este caso mostraremos el\u00a0modelo que propuso la gran <b><a href=\"https:\/\/psicopico.com\/os-adolescentes-non-monstruos\/\">Virginia Satir<\/a><\/b> (1916-1988), influyente trabajadora social y psicoterapeuta estadounidense, especialmente conocida pues sus enfoques en <strong>terapia familiar<\/strong>.<\/p>\n<p style=\"text-align: justify;\"><strong>Satir\u00a0<\/strong>propuso su modelo de gran alcance,<strong> la met\u00e1fora del iceberg personal<\/strong>. El iceberg representa una visi\u00f3n mucho m\u00e1s profunda del ser humano que los meros sentimientos, pensamientos\u00a0o conductas. Dividi\u00f3 el iceberg en varios niveles para poder trabajarlos de forma individual. El iceberg sirve para conseguir mover a una persona con conducta problem\u00e1tica, con dificultades de comunicaci\u00f3n, baja autoestima o visiones del mundo negativas hacia una transformaci\u00f3n a nivel de su<strong> yo personal<\/strong> y aut\u00e9ntico.<\/p>\n<p style=\"text-align: justify;\">Dejamos aqu\u00ed una representaci\u00f3n gr\u00e1fica\u00a0del modelo personal del iceberg mencionado traducida al espa\u00f1ol, con su diferentes niveles.<\/p>\n<figure id=\"attachment_1786\" aria-describedby=\"caption-attachment-1786\" style=\"width: 478px\" class=\"wp-caption aligncenter\"><a href=\"https:\/\/psicopico.com\/grafico-la-metafora-del-iceberg-personal-modelo-virginia-satir\/\"><img data-recalc-dims=\"1\" loading=\"lazy\" decoding=\"async\" class=\"wp-image-1786\" src=\"https:\/\/i0.wp.com\/psicopico.com\/wp-content\/uploads\/2016\/04\/metafora-iceberg.jpg?resize=478%2C646&#038;ssl=1\" alt=\"Pulsa la imagen para ampliarla. Met\u00e1fora del Iceberg Personal. \" width=\"478\" height=\"646\" srcset=\"https:\/\/i0.wp.com\/psicopico.com\/wp-content\/uploads\/2016\/04\/metafora-iceberg.jpg?resize=757%2C1024&amp;ssl=1 757w, https:\/\/i0.wp.com\/psicopico.com\/wp-content\/uploads\/2016\/04\/metafora-iceberg.jpg?resize=222%2C300&amp;ssl=1 222w, https:\/\/i0.wp.com\/psicopico.com\/wp-content\/uploads\/2016\/04\/metafora-iceberg.jpg?resize=768%2C1039&amp;ssl=1 768w, https:\/\/i0.wp.com\/psicopico.com\/wp-content\/uploads\/2016\/04\/metafora-iceberg.jpg?resize=990%2C1339&amp;ssl=1 990w, https:\/\/i0.wp.com\/psicopico.com\/wp-content\/uploads\/2016\/04\/metafora-iceberg.jpg?w=1200&amp;ssl=1 1200w\" sizes=\"auto, (max-width: 478px) 100vw, 478px\" \/><\/a><figcaption id=\"caption-attachment-1786\" class=\"wp-caption-text\">Pulsa la imagen para ampliarla.<\/figcaption><\/figure>\n<p style=\"text-align: justify;\">Como vemos, para Satir, existen 5 niveles en el lado oscuro u oculto del iceberg y un \u00faltimo nivel m\u00e1s profundo en el que se encuentra el yo mismo real de cada persona, lo que de verdad es y representa su esencia. Entre este nivel y la l\u00ednea de contacto con el exterior (c\u00f3mo afrontamos todo lo anterior) se encuentran los otros 5 niveles, que por orden descendente hasta ese &#8220;Yo&#8221; son: emociones, sentimientos sobre esas emociones, nuestras percepciones, las expectativas y nuestros deseos. Esto somos nosotros, sin embargo lo que se ve a la luz, por encima de la superficie es nuestra conducta y comportamientos.<\/p>\n<h4 style=\"text-align: justify;\"><span style=\"color: #000080;\">Niveles de la met\u00e1fora del Iceberg personal, de Virginia Satir<\/span><\/h4>\n<p style=\"text-align: justify;\"><strong>&#x2195;\u00a0Conducta<\/strong>: comportamientos y acciones, nuestra historia.<\/p>\n<p style=\"text-align: justify;\"><strong>&#x2195;\u00a0Afrontamiento<\/strong>: la l\u00ednea de contacto con la realidad, como afrontamos todo lo que llevamos dentro.<\/p>\n<p style=\"text-align: justify;\"><strong>&#x2195;\u00a0Emociones<\/strong>: alegr\u00eda, ira, miedo, tristeza, furia, placer, sorpresa, dolor, etc&#8230;<\/p>\n<p style=\"text-align: justify;\"><strong>&#x2195;\u00a0Sentimientos<\/strong> sobre esas emociones: las decisiones que tomamos sobre lo que sentimos.<\/p>\n<p style=\"text-align: justify;\"><strong>&#x2195;\u00a0Percepciones<\/strong>: creencias, realidad subjetiva, pensamientos, ideas y valores.<\/p>\n<p style=\"text-align: justify;\"><strong>&#x2195;\u00a0Expectativas<\/strong>: las nuestras propias, las de los otros y para los otros.<\/p>\n<p style=\"text-align: justify;\"><strong>&#x2195;\u00a0Deseos<\/strong>: los universales, como el amor, aceptaci\u00f3n, pertenencia, creatividad, conexi\u00f3n, libertad&#8230;<\/p>\n<p style=\"text-align: justify;\"><strong>&#x2195;\u00a0Yo mismo<\/strong>: nuestro verdadero esp\u00edritu, alma, esencia, vitalidad, nuestro n\u00facleo de ser, nuestro coraz\u00f3n verdadero.<\/p>\n<p style=\"text-align: justify;\">La conclusi\u00f3n a todo esto es que todo el mundo tiene una parte oculta que no muestra o no sabe mostrar.<\/p>\n<p style=\"text-align: justify;\">\u00bfC\u00f3mo es la parte oculta de tu\u00a0iceberg personal?<\/p>\n<p>_<\/p>\n<p><span style=\"font-size: 10pt;\">Referencias<\/span><\/p>\n<ul>\n<li><span style=\"font-size: 10pt;\">Satir, V., Banmen, J., Gerberm J. &amp; Gomori, M. (1991). The Satir Model: Family Therapy and Beyond. Palo Alto, CA: Science &amp; behavior Books, Inc.<\/span><\/li>\n<li><span style=\"font-size: 10pt;\">Imagen basada en: Uwe Kils (iceberg) and User:Wiska Bodo (sky). [GFDL <a href=\"http:\/\/(http:\/\/www.gnu.org\/copyleft\/fdl.html) or CC-BY-SA-3.0 (http:\/\/creativecommons.org\/licenses\/by-sa\/3.0\/)\">(http:\/\/www.gnu.org\/copyleft\/fdl.html) or CC-BY-SA-3.0 (http:\/\/creativecommons.org\/licenses\/by-sa\/3.0\/)<\/a>], via Wikimedia Commons<\/span><\/li>\n<\/ul>","protected":false},"excerpt":{"rendered":"<p>Sorry, this entry is only available in Espa\u00f1ol and Galego. For the sake of viewer convenience, the content is shown below in this site default language. You may click one of the links to switch the site language to another available language.El modelo gr\u00e1fico de un iceberg para representar las capas ocultas es muy usado [&hellip;]<\/p>\n","protected":false},"author":1,"featured_media":1787,"comment_status":"open","ping_status":"open","sticky":false,"template":"","format":"standard","meta":{"_jetpack_memberships_contains_paid_content":false,"_joinchat":[],"footnotes":""},"categories":[22,93,8],"tags":[260,261,259,258,267,264,266,265,263,11,195,172,262],"class_list":["post-1782","post","type-post","status-publish","format-standard","has-post-thumbnail","hentry","category-inteligencia-emocional","category-salud","category-social","tag-conducta","tag-deseos","tag-emociones","tag-familia","tag-grafico","tag-iceberg","tag-metafora","tag-modelo","tag-percepciones","tag-psicologia","tag-salud","tag-satir","tag-yo"],"yoast_head":"<!-- This site is optimized with the Yoast SEO plugin v27.4 - https:\/\/yoast.com\/product\/yoast-seo-wordpress\/ -->\n<title>La met\u00e1fora del Iceberg personal, el modelo de Virginia Satir<\/title>\n<meta name=\"description\" content=\"Representaci\u00f3n gr\u00e1fica traducida al espa\u00f1ol de la met\u00e1fora del Iceberg personal de Virginia Satir y su modelo psicol\u00f3gico.\" \/>\n<meta name=\"robots\" content=\"index, follow, max-snippet:-1, max-image-preview:large, max-video-preview:-1\" \/>\n<link rel=\"canonical\" href=\"https:\/\/psicopico.com\/metafora-del-iceberg-personal-virginia-satir\/\" \/>\n<meta property=\"og:locale\" content=\"en_US\" \/>\n<meta property=\"og:type\" content=\"article\" \/>\n<meta property=\"og:title\" content=\"La met\u00e1fora del Iceberg personal, el modelo de Virginia Satir\" \/>\n<meta property=\"og:description\" content=\"Representaci\u00f3n gr\u00e1fica traducida al espa\u00f1ol de la met\u00e1fora del Iceberg personal de Virginia Satir y su modelo psicol\u00f3gico.\" \/>\n<meta property=\"og:url\" content=\"https:\/\/psicopico.com\/metafora-del-iceberg-personal-virginia-satir\/\" \/>\n<meta property=\"og:site_name\" content=\"PsicoPico\" \/>\n<meta property=\"article:publisher\" content=\"https:\/\/es-la.facebook.com\/psicopicopsicologia\/\" \/>\n<meta property=\"article:author\" content=\"https:\/\/www.facebook.com\/psicopicopsicologia\/\" \/>\n<meta property=\"article:published_time\" content=\"2016-04-01T21:10:07+00:00\" \/>\n<meta property=\"article:modified_time\" content=\"2018-04-04T12:41:55+00:00\" \/>\n<meta property=\"og:image\" content=\"https:\/\/i1.wp.com\/psicopico.com\/wp-content\/uploads\/2016\/04\/mitad-metafora-Iceberg.jpg?fit=1200%2C697&ssl=1\" \/>\n\t<meta property=\"og:image:width\" content=\"1200\" \/>\n\t<meta property=\"og:image:height\" content=\"697\" \/>\n\t<meta property=\"og:image:type\" content=\"image\/jpeg\" \/>\n<meta name=\"author\" content=\"Iv\u00e1n Pico\" \/>\n<meta name=\"twitter:card\" content=\"summary_large_image\" \/>\n<meta name=\"twitter:creator\" content=\"@psicopico\" \/>\n<meta name=\"twitter:site\" content=\"@psicopico\" \/>\n<meta name=\"twitter:label1\" content=\"Written by\" \/>\n\t<meta name=\"twitter:data1\" content=\"Iv\u00e1n Pico\" \/>\n\t<meta name=\"twitter:label2\" content=\"Est. reading time\" \/>\n\t<meta name=\"twitter:data2\" content=\"5 minutes\" \/>\n<script type=\"application\/ld+json\" class=\"yoast-schema-graph\">{\"@context\":\"https:\\\/\\\/schema.org\",\"@graph\":[{\"@type\":\"Article\",\"@id\":\"https:\\\/\\\/psicopico.com\\\/metafora-del-iceberg-personal-virginia-satir\\\/#article\",\"isPartOf\":{\"@id\":\"https:\\\/\\\/psicopico.com\\\/metafora-del-iceberg-personal-virginia-satir\\\/\"},\"author\":{\"name\":\"Iv\u00e1n Pico\",\"@id\":\"https:\\\/\\\/psicopico.com\\\/#\\\/schema\\\/person\\\/e90a6b8840bf0a67abfaa95093cbda44\"},\"headline\":\"(Espa\u00f1ol) La m\u00e9tafora del Iceberg personal, el modelo de Virginia Satir\",\"datePublished\":\"2016-04-01T21:10:07+00:00\",\"dateModified\":\"2018-04-04T12:41:55+00:00\",\"mainEntityOfPage\":{\"@id\":\"https:\\\/\\\/psicopico.com\\\/metafora-del-iceberg-personal-virginia-satir\\\/\"},\"wordCount\":1084,\"commentCount\":0,\"publisher\":{\"@id\":\"https:\\\/\\\/psicopico.com\\\/#organization\"},\"image\":{\"@id\":\"https:\\\/\\\/psicopico.com\\\/metafora-del-iceberg-personal-virginia-satir\\\/#primaryimage\"},\"thumbnailUrl\":\"https:\\\/\\\/i0.wp.com\\\/psicopico.com\\\/wp-content\\\/uploads\\\/2016\\\/04\\\/mitad-metafora-Iceberg.jpg?fit=1200%2C697&ssl=1\",\"keywords\":[\"conducta\",\"deseos\",\"emociones\",\"familia\",\"gr\u00e1fico\",\"iceberg\",\"met\u00e1fora\",\"modelo\",\"percepciones\",\"Psychology\",\"Health\",\"Satir\",\"yo\"],\"articleSection\":[\"Emotional Intelligence\",\"Health\",\"Social\"],\"inLanguage\":\"en-US\",\"potentialAction\":[{\"@type\":\"CommentAction\",\"name\":\"Comment\",\"target\":[\"https:\\\/\\\/psicopico.com\\\/metafora-del-iceberg-personal-virginia-satir\\\/#respond\"]}]},{\"@type\":[\"WebPage\",\"ItemPage\"],\"@id\":\"https:\\\/\\\/psicopico.com\\\/metafora-del-iceberg-personal-virginia-satir\\\/\",\"url\":\"https:\\\/\\\/psicopico.com\\\/metafora-del-iceberg-personal-virginia-satir\\\/\",\"name\":\"La met\u00e1fora del Iceberg personal, el modelo de Virginia Satir\",\"isPartOf\":{\"@id\":\"https:\\\/\\\/psicopico.com\\\/#website\"},\"primaryImageOfPage\":{\"@id\":\"https:\\\/\\\/psicopico.com\\\/metafora-del-iceberg-personal-virginia-satir\\\/#primaryimage\"},\"image\":{\"@id\":\"https:\\\/\\\/psicopico.com\\\/metafora-del-iceberg-personal-virginia-satir\\\/#primaryimage\"},\"thumbnailUrl\":\"https:\\\/\\\/i0.wp.com\\\/psicopico.com\\\/wp-content\\\/uploads\\\/2016\\\/04\\\/mitad-metafora-Iceberg.jpg?fit=1200%2C697&ssl=1\",\"datePublished\":\"2016-04-01T21:10:07+00:00\",\"dateModified\":\"2018-04-04T12:41:55+00:00\",\"description\":\"Representaci\u00f3n gr\u00e1fica traducida al espa\u00f1ol de la met\u00e1fora del Iceberg personal de Virginia Satir y su modelo psicol\u00f3gico.\",\"breadcrumb\":{\"@id\":\"https:\\\/\\\/psicopico.com\\\/metafora-del-iceberg-personal-virginia-satir\\\/#breadcrumb\"},\"inLanguage\":\"en-US\",\"potentialAction\":[{\"@type\":\"ReadAction\",\"target\":[\"https:\\\/\\\/psicopico.com\\\/metafora-del-iceberg-personal-virginia-satir\\\/\"]}]},{\"@type\":\"ImageObject\",\"inLanguage\":\"en-US\",\"@id\":\"https:\\\/\\\/psicopico.com\\\/metafora-del-iceberg-personal-virginia-satir\\\/#primaryimage\",\"url\":\"https:\\\/\\\/i0.wp.com\\\/psicopico.com\\\/wp-content\\\/uploads\\\/2016\\\/04\\\/mitad-metafora-Iceberg.jpg?fit=1200%2C697&ssl=1\",\"contentUrl\":\"https:\\\/\\\/i0.wp.com\\\/psicopico.com\\\/wp-content\\\/uploads\\\/2016\\\/04\\\/mitad-metafora-Iceberg.jpg?fit=1200%2C697&ssl=1\",\"width\":\"1200\",\"height\":\"697\"},{\"@type\":\"BreadcrumbList\",\"@id\":\"https:\\\/\\\/psicopico.com\\\/metafora-del-iceberg-personal-virginia-satir\\\/#breadcrumb\",\"itemListElement\":[{\"@type\":\"ListItem\",\"position\":1,\"name\":\"Inicio\",\"item\":\"https:\\\/\\\/psicopico.com\\\/\"},{\"@type\":\"ListItem\",\"position\":2,\"name\":\"La m\u00e9tafora del Iceberg personal, el modelo de Virginia Satir\"}]},{\"@type\":\"WebSite\",\"@id\":\"https:\\\/\\\/psicopico.com\\\/#website\",\"url\":\"https:\\\/\\\/psicopico.com\\\/\",\"name\":\"PsicoPico\",\"description\":\"Psicopico - Online Psychology by Iv\u00e1n Pico\",\"publisher\":{\"@id\":\"https:\\\/\\\/psicopico.com\\\/#organization\"},\"potentialAction\":[{\"@type\":\"SearchAction\",\"target\":{\"@type\":\"EntryPoint\",\"urlTemplate\":\"https:\\\/\\\/psicopico.com\\\/?s={search_term_string}\"},\"query-input\":{\"@type\":\"PropertyValueSpecification\",\"valueRequired\":true,\"valueName\":\"search_term_string\"}}],\"inLanguage\":\"en-US\"},{\"@type\":\"Organization\",\"@id\":\"https:\\\/\\\/psicopico.com\\\/#organization\",\"name\":\"Psicopico\",\"url\":\"https:\\\/\\\/psicopico.com\\\/\",\"logo\":{\"@type\":\"ImageObject\",\"inLanguage\":\"en-US\",\"@id\":\"https:\\\/\\\/psicopico.com\\\/#\\\/schema\\\/logo\\\/image\\\/\",\"url\":\"https:\\\/\\\/i0.wp.com\\\/psicopico.com\\\/wp-content\\\/uploads\\\/2015\\\/12\\\/logowebpsicopico.png?fit=377%2C113&ssl=1\",\"contentUrl\":\"https:\\\/\\\/i0.wp.com\\\/psicopico.com\\\/wp-content\\\/uploads\\\/2015\\\/12\\\/logowebpsicopico.png?fit=377%2C113&ssl=1\",\"width\":\"377\",\"height\":\"113\",\"caption\":\"Psicopico\"},\"image\":{\"@id\":\"https:\\\/\\\/psicopico.com\\\/#\\\/schema\\\/logo\\\/image\\\/\"},\"sameAs\":[\"https:\\\/\\\/es-la.facebook.com\\\/psicopicopsicologia\\\/\",\"https:\\\/\\\/x.com\\\/psicopico\",\"https:\\\/\\\/instagram.com\\\/psicopico\",\"https:\\\/\\\/es.linkedin.com\\\/in\\\/iv\u00e1n-pico-mart\u00ednez-5bb46873\",\"https:\\\/\\\/www.pinterest.es\\\/psicopico\\\/\",\"https:\\\/\\\/www.youtube.com\\\/channel\\\/UCwM4gAydCyOv_3sBkqVb74Q\"]},{\"@type\":\"Person\",\"@id\":\"https:\\\/\\\/psicopico.com\\\/#\\\/schema\\\/person\\\/e90a6b8840bf0a67abfaa95093cbda44\",\"name\":\"Iv\u00e1n Pico\",\"image\":{\"@type\":\"ImageObject\",\"inLanguage\":\"en-US\",\"@id\":\"https:\\\/\\\/secure.gravatar.com\\\/avatar\\\/db757e40cd044bc752196ef8f9c1ed3c3c79321f8c82624947f51448030b8af1?s=96&d=mm&r=g\",\"url\":\"https:\\\/\\\/secure.gravatar.com\\\/avatar\\\/db757e40cd044bc752196ef8f9c1ed3c3c79321f8c82624947f51448030b8af1?s=96&d=mm&r=g\",\"contentUrl\":\"https:\\\/\\\/secure.gravatar.com\\\/avatar\\\/db757e40cd044bc752196ef8f9c1ed3c3c79321f8c82624947f51448030b8af1?s=96&d=mm&r=g\",\"caption\":\"Iv\u00e1n Pico\"},\"description\":\"Director y creador de Psicopico.com. Psic\u00f3logo Colegiado G-5480. Graduado en Psicolog\u00eda. Diplomado en Ciencias Empresariales y M\u00e1ster en Orientaci\u00f3n Profesional. M\u00e1ster en Psicolog\u00eda del Trabajo y Organizaciones. Posgrado en Psicolog\u00eda del Deporte y Entrenador Profesional de Futsal Nivel 3. Visita la secci\u00f3n \\\"Sobre m\u00ed\\\"para saber m\u00e1s. \u00bfQuieres una consulta personalizada? \u00a1Contacta conmigo en https:\\\/\\\/ivanpico.es\\\/!\",\"sameAs\":[\"https:\\\/\\\/www.psicopico.com\",\"https:\\\/\\\/www.facebook.com\\\/psicopicopsicologia\\\/\",\"https:\\\/\\\/www.instagram.com\\\/psicopico\\\/\",\"https:\\\/\\\/www.linkedin.com\\\/in\\\/ivan-pico-martinez\",\"https:\\\/\\\/x.com\\\/psicopico\",\"https:\\\/\\\/www.youtube.com\\\/channel\\\/UCwM4gAydCyOv_3sBkqVb74Q\"],\"url\":\"https:\\\/\\\/psicopico.com\\\/en\\\/author\\\/ivan-pico-psicologo-lugo\\\/\"}]}<\/script>\n<!-- \/ Yoast SEO plugin. -->","yoast_head_json":{"title":"La met\u00e1fora del Iceberg personal, el modelo de Virginia Satir","description":"Representaci\u00f3n gr\u00e1fica traducida al espa\u00f1ol de la met\u00e1fora del Iceberg personal de Virginia Satir y su modelo psicol\u00f3gico.","robots":{"index":"index","follow":"follow","max-snippet":"max-snippet:-1","max-image-preview":"max-image-preview:large","max-video-preview":"max-video-preview:-1"},"canonical":"https:\/\/psicopico.com\/metafora-del-iceberg-personal-virginia-satir\/","og_locale":"en_US","og_type":"article","og_title":"La met\u00e1fora del Iceberg personal, el modelo de Virginia Satir","og_description":"Representaci\u00f3n gr\u00e1fica traducida al espa\u00f1ol de la met\u00e1fora del Iceberg personal de Virginia Satir y su modelo psicol\u00f3gico.","og_url":"https:\/\/psicopico.com\/metafora-del-iceberg-personal-virginia-satir\/","og_site_name":"PsicoPico","article_publisher":"https:\/\/es-la.facebook.com\/psicopicopsicologia\/","article_author":"https:\/\/www.facebook.com\/psicopicopsicologia\/","article_published_time":"2016-04-01T21:10:07+00:00","article_modified_time":"2018-04-04T12:41:55+00:00","og_image":[{"width":1200,"height":697,"url":"https:\/\/i1.wp.com\/psicopico.com\/wp-content\/uploads\/2016\/04\/mitad-metafora-Iceberg.jpg?fit=1200%2C697&ssl=1","type":"image\/jpeg"}],"author":"Iv\u00e1n Pico","twitter_card":"summary_large_image","twitter_creator":"@psicopico","twitter_site":"@psicopico","twitter_misc":{"Written by":"Iv\u00e1n Pico","Est. reading time":"5 minutes"},"schema":{"@context":"https:\/\/schema.org","@graph":[{"@type":"Article","@id":"https:\/\/psicopico.com\/metafora-del-iceberg-personal-virginia-satir\/#article","isPartOf":{"@id":"https:\/\/psicopico.com\/metafora-del-iceberg-personal-virginia-satir\/"},"author":{"name":"Iv\u00e1n Pico","@id":"https:\/\/psicopico.com\/#\/schema\/person\/e90a6b8840bf0a67abfaa95093cbda44"},"headline":"(Espa\u00f1ol) La m\u00e9tafora del Iceberg personal, el modelo de Virginia Satir","datePublished":"2016-04-01T21:10:07+00:00","dateModified":"2018-04-04T12:41:55+00:00","mainEntityOfPage":{"@id":"https:\/\/psicopico.com\/metafora-del-iceberg-personal-virginia-satir\/"},"wordCount":1084,"commentCount":0,"publisher":{"@id":"https:\/\/psicopico.com\/#organization"},"image":{"@id":"https:\/\/psicopico.com\/metafora-del-iceberg-personal-virginia-satir\/#primaryimage"},"thumbnailUrl":"https:\/\/i0.wp.com\/psicopico.com\/wp-content\/uploads\/2016\/04\/mitad-metafora-Iceberg.jpg?fit=1200%2C697&ssl=1","keywords":["conducta","deseos","emociones","familia","gr\u00e1fico","iceberg","met\u00e1fora","modelo","percepciones","Psychology","Health","Satir","yo"],"articleSection":["Emotional Intelligence","Health","Social"],"inLanguage":"en-US","potentialAction":[{"@type":"CommentAction","name":"Comment","target":["https:\/\/psicopico.com\/metafora-del-iceberg-personal-virginia-satir\/#respond"]}]},{"@type":["WebPage","ItemPage"],"@id":"https:\/\/psicopico.com\/metafora-del-iceberg-personal-virginia-satir\/","url":"https:\/\/psicopico.com\/metafora-del-iceberg-personal-virginia-satir\/","name":"La met\u00e1fora del Iceberg personal, el modelo de Virginia Satir","isPartOf":{"@id":"https:\/\/psicopico.com\/#website"},"primaryImageOfPage":{"@id":"https:\/\/psicopico.com\/metafora-del-iceberg-personal-virginia-satir\/#primaryimage"},"image":{"@id":"https:\/\/psicopico.com\/metafora-del-iceberg-personal-virginia-satir\/#primaryimage"},"thumbnailUrl":"https:\/\/i0.wp.com\/psicopico.com\/wp-content\/uploads\/2016\/04\/mitad-metafora-Iceberg.jpg?fit=1200%2C697&ssl=1","datePublished":"2016-04-01T21:10:07+00:00","dateModified":"2018-04-04T12:41:55+00:00","description":"Representaci\u00f3n gr\u00e1fica traducida al espa\u00f1ol de la met\u00e1fora del Iceberg personal de Virginia Satir y su modelo psicol\u00f3gico.","breadcrumb":{"@id":"https:\/\/psicopico.com\/metafora-del-iceberg-personal-virginia-satir\/#breadcrumb"},"inLanguage":"en-US","potentialAction":[{"@type":"ReadAction","target":["https:\/\/psicopico.com\/metafora-del-iceberg-personal-virginia-satir\/"]}]},{"@type":"ImageObject","inLanguage":"en-US","@id":"https:\/\/psicopico.com\/metafora-del-iceberg-personal-virginia-satir\/#primaryimage","url":"https:\/\/i0.wp.com\/psicopico.com\/wp-content\/uploads\/2016\/04\/mitad-metafora-Iceberg.jpg?fit=1200%2C697&ssl=1","contentUrl":"https:\/\/i0.wp.com\/psicopico.com\/wp-content\/uploads\/2016\/04\/mitad-metafora-Iceberg.jpg?fit=1200%2C697&ssl=1","width":"1200","height":"697"},{"@type":"BreadcrumbList","@id":"https:\/\/psicopico.com\/metafora-del-iceberg-personal-virginia-satir\/#breadcrumb","itemListElement":[{"@type":"ListItem","position":1,"name":"Inicio","item":"https:\/\/psicopico.com\/"},{"@type":"ListItem","position":2,"name":"La m\u00e9tafora del Iceberg personal, el modelo de Virginia Satir"}]},{"@type":"WebSite","@id":"https:\/\/psicopico.com\/#website","url":"https:\/\/psicopico.com\/","name":"PsicoPico","description":"Psicopico - Online Psychology by Iv\u00e1n Pico","publisher":{"@id":"https:\/\/psicopico.com\/#organization"},"potentialAction":[{"@type":"SearchAction","target":{"@type":"EntryPoint","urlTemplate":"https:\/\/psicopico.com\/?s={search_term_string}"},"query-input":{"@type":"PropertyValueSpecification","valueRequired":true,"valueName":"search_term_string"}}],"inLanguage":"en-US"},{"@type":"Organization","@id":"https:\/\/psicopico.com\/#organization","name":"Psicopico","url":"https:\/\/psicopico.com\/","logo":{"@type":"ImageObject","inLanguage":"en-US","@id":"https:\/\/psicopico.com\/#\/schema\/logo\/image\/","url":"https:\/\/i0.wp.com\/psicopico.com\/wp-content\/uploads\/2015\/12\/logowebpsicopico.png?fit=377%2C113&ssl=1","contentUrl":"https:\/\/i0.wp.com\/psicopico.com\/wp-content\/uploads\/2015\/12\/logowebpsicopico.png?fit=377%2C113&ssl=1","width":"377","height":"113","caption":"Psicopico"},"image":{"@id":"https:\/\/psicopico.com\/#\/schema\/logo\/image\/"},"sameAs":["https:\/\/es-la.facebook.com\/psicopicopsicologia\/","https:\/\/x.com\/psicopico","https:\/\/instagram.com\/psicopico","https:\/\/es.linkedin.com\/in\/iv\u00e1n-pico-mart\u00ednez-5bb46873","https:\/\/www.pinterest.es\/psicopico\/","https:\/\/www.youtube.com\/channel\/UCwM4gAydCyOv_3sBkqVb74Q"]},{"@type":"Person","@id":"https:\/\/psicopico.com\/#\/schema\/person\/e90a6b8840bf0a67abfaa95093cbda44","name":"Iv\u00e1n Pico","image":{"@type":"ImageObject","inLanguage":"en-US","@id":"https:\/\/secure.gravatar.com\/avatar\/db757e40cd044bc752196ef8f9c1ed3c3c79321f8c82624947f51448030b8af1?s=96&d=mm&r=g","url":"https:\/\/secure.gravatar.com\/avatar\/db757e40cd044bc752196ef8f9c1ed3c3c79321f8c82624947f51448030b8af1?s=96&d=mm&r=g","contentUrl":"https:\/\/secure.gravatar.com\/avatar\/db757e40cd044bc752196ef8f9c1ed3c3c79321f8c82624947f51448030b8af1?s=96&d=mm&r=g","caption":"Iv\u00e1n Pico"},"description":"Director y creador de Psicopico.com. Psic\u00f3logo Colegiado G-5480. Graduado en Psicolog\u00eda. Diplomado en Ciencias Empresariales y M\u00e1ster en Orientaci\u00f3n Profesional. M\u00e1ster en Psicolog\u00eda del Trabajo y Organizaciones. Posgrado en Psicolog\u00eda del Deporte y Entrenador Profesional de Futsal Nivel 3. Visita la secci\u00f3n \"Sobre m\u00ed\"para saber m\u00e1s. \u00bfQuieres una consulta personalizada? \u00a1Contacta conmigo en https:\/\/ivanpico.es\/!","sameAs":["https:\/\/www.psicopico.com","https:\/\/www.facebook.com\/psicopicopsicologia\/","https:\/\/www.instagram.com\/psicopico\/","https:\/\/www.linkedin.com\/in\/ivan-pico-martinez","https:\/\/x.com\/psicopico","https:\/\/www.youtube.com\/channel\/UCwM4gAydCyOv_3sBkqVb74Q"],"url":"https:\/\/psicopico.com\/en\/author\/ivan-pico-psicologo-lugo\/"}]}},"jetpack_featured_media_url":"https:\/\/i0.wp.com\/psicopico.com\/wp-content\/uploads\/2016\/04\/mitad-metafora-Iceberg.jpg?fit=1200%2C697&ssl=1","jetpack_shortlink":"https:\/\/wp.me\/p6Zx58-sK","jetpack_sharing_enabled":true,"_links":{"self":[{"href":"https:\/\/psicopico.com\/en\/wp-json\/wp\/v2\/posts\/1782","targetHints":{"allow":["GET"]}}],"collection":[{"href":"https:\/\/psicopico.com\/en\/wp-json\/wp\/v2\/posts"}],"about":[{"href":"https:\/\/psicopico.com\/en\/wp-json\/wp\/v2\/types\/post"}],"author":[{"embeddable":true,"href":"https:\/\/psicopico.com\/en\/wp-json\/wp\/v2\/users\/1"}],"replies":[{"embeddable":true,"href":"https:\/\/psicopico.com\/en\/wp-json\/wp\/v2\/comments?post=1782"}],"version-history":[{"count":0,"href":"https:\/\/psicopico.com\/en\/wp-json\/wp\/v2\/posts\/1782\/revisions"}],"wp:featuredmedia":[{"embeddable":true,"href":"https:\/\/psicopico.com\/en\/wp-json\/wp\/v2\/media\/1787"}],"wp:attachment":[{"href":"https:\/\/psicopico.com\/en\/wp-json\/wp\/v2\/media?parent=1782"}],"wp:term":[{"taxonomy":"category","embeddable":true,"href":"https:\/\/psicopico.com\/en\/wp-json\/wp\/v2\/categories?post=1782"},{"taxonomy":"post_tag","embeddable":true,"href":"https:\/\/psicopico.com\/en\/wp-json\/wp\/v2\/tags?post=1782"}],"curies":[{"name":"wp","href":"https:\/\/api.w.org\/{rel}","templated":true}]}}