{"id":10176,"date":"2025-10-09T23:11:05","date_gmt":"2025-10-09T22:11:05","guid":{"rendered":"https:\/\/psicopico.com\/?p=10176"},"modified":"2025-10-09T23:14:04","modified_gmt":"2025-10-09T22:14:04","slug":"estres-y-mandibula-como-la-mente-afecta-la-articulacion-temporomandibular","status":"publish","type":"post","link":"https:\/\/psicopico.com\/en\/estres-y-mandibula-como-la-mente-afecta-la-articulacion-temporomandibular\/","title":{"rendered":"(Espa\u00f1ol) Estr\u00e9s y mand\u00edbula: c\u00f3mo la mente afecta la articulaci\u00f3n temporomandibular"},"content":{"rendered":"<p class=\"qtranxs-available-languages-message qtranxs-available-languages-message-en\">Sorry, this entry is only available in <a href=\"https:\/\/psicopico.com\/es\/wp-json\/wp\/v2\/posts\/10176\" class=\"qtranxs-available-language-link qtranxs-available-language-link-es\" title=\"Espa\u00f1ol\">Espa\u00f1ol<\/a>. For the sake of viewer convenience, the content is shown below in the alternative language. You may click the link to switch the active language.<\/p>El <strong>estr\u00e9s sostenido<\/strong> contribuye a la aparici\u00f3n y mantenimiento de problemas en la regi\u00f3n orofacial, incluyendo los <a href=\"https:\/\/beoneface.com\/blog\/trastorno-de-la-articulacion-temporomandibular\/\" rel=\"follow\"><strong>trastornos de la articulaci\u00f3n temporomandibular<\/strong><\/a>. La <strong>articulaci\u00f3n temporomandibular (ATM)<\/strong> funciona de forma \u00edntimamente ligada al sistema nervioso y a los estados emocionales; por ello, procesos como la <strong>ansiedad cr\u00f3nica<\/strong>, la alteraci\u00f3n del sue\u00f1o o la respuesta fisiol\u00f3gica al estr\u00e9s pueden traducirse en dolor, chasquidos o limitaci\u00f3n funcional.<\/p>\n<p>Desde una perspectiva integral, la mand\u00edbula no act\u00faa de forma aislada. Su funci\u00f3n depende de una compleja red de conexiones neuromusculares, hormonales y emocionales. Cuando el cuerpo se somete a una tensi\u00f3n prolongada, los niveles de <strong>cortisol<\/strong> y adrenalina permanecen elevados, generando un estado de hipervigilancia corporal. Este estado afecta a la musculatura facial y cervical, que tiende a permanecer contra\u00edda incluso en reposo, alterando el equilibrio de la ATM. As\u00ed, lo que comienza como una reacci\u00f3n adaptativa al estr\u00e9s se convierte, con el tiempo, en una fuente de <strong>dolor mandibular<\/strong>, cefaleas y disfunci\u00f3n.<\/p>\n<h2>Estr\u00e9s y mecanismos psicobiol\u00f3gicos que afectan la mand\u00edbula<\/h2>\n<p>Desde la perspectiva <strong>psicobiol\u00f3gica<\/strong>, el estr\u00e9s activa el eje hipot\u00e1lamo\u2013hip\u00f3fiso\u2013adrenal (HPA) y aumenta la salida simp\u00e1tica, con elevaci\u00f3n de cortisol y cambios auton\u00f3micos que predisponen a la <strong>hiperton\u00eda muscular<\/strong>. En la regi\u00f3n orofacial, esa hiperton\u00eda facilita conductas parafuncionales como el apretamiento dental y el <strong>bruxismo<\/strong>, lo que incrementa la carga sobre la ATM y puede causar dolor o rigidez.<\/p>\n<p>El cerebro, en respuesta al estr\u00e9s, tiende a mantener un estado de alerta constante que repercute en la postura corporal. Los m\u00fasculos maseteros, temporales y pterigoideos se activan de forma refleja como mecanismo de defensa o preparaci\u00f3n ante una amenaza. Sin embargo, cuando esa respuesta se vuelve cr\u00f3nica, las estructuras mandibulares no logran recuperarse, y la tensi\u00f3n acumulada da lugar a inflamaci\u00f3n, desgaste articular y alteraci\u00f3n de los movimientos de apertura o cierre bucal. Estudios recientes (Da-Cas et al., 2024; Vl\u0103du\u021bu et al., 2022) confirman que las personas con mayor reactividad emocional o menor capacidad de regulaci\u00f3n del estr\u00e9s presentan una incidencia m\u00e1s alta de dolor y rigidez mandibular.<\/p>\n<p>Investigaciones neurofisiol\u00f3gicas tambi\u00e9n apuntan a que las \u00e1reas cerebrales relacionadas con el procesamiento del dolor \u2014como la \u00ednsula y la corteza prefrontal\u2014 muestran una mayor activaci\u00f3n en individuos con disfunciones temporomandibulares asociadas al estr\u00e9s, lo que explica la relaci\u00f3n entre la percepci\u00f3n emocional y la intensidad del dolor (Fillingim et al., 2018).<\/p>\n<h2>Tipos de problemas mandibulares y su relaci\u00f3n con el estr\u00e9s<\/h2>\n<p>Los trastornos de la mand\u00edbula relacionados con el estr\u00e9s son cada vez m\u00e1s comunes, debido al ritmo de vida acelerado y a la dificultad para gestionar las tensiones diarias. Algunas de las problem\u00e1ticas m\u00e1s habituales son las siguientes:<\/p>\n<p><strong>1. Trastornos musculares (miog\u00e9nicos).<\/strong> El dolor, la fatiga y la rigidez en maseteros y temporales son frecuentes cuando el estr\u00e9s eleva el tono basal del m\u00fasculo, provocando sobrecarga y puntos gatillo (Kapos et al., 2020).<\/p>\n<p><strong>2. Bruxismo (vigilia y sue\u00f1o).<\/strong> La evidencia indica una clara asociaci\u00f3n entre niveles de estr\u00e9s, ansiedad y <strong>bruxismo<\/strong>. Aunque la intensidad depende del m\u00e9todo de diagn\u00f3stico, los estudios coinciden en que el estr\u00e9s aumenta significativamente la probabilidad de apretar o rechinar los dientes, tanto despierto como dormido (Chemelo et al., 2020; Fulek et al., 2023).<\/p>\n<p><strong>3. Trastornos articulares (disco, degeneraci\u00f3n).<\/strong> La sobrecarga funcional sostenida por el apretamiento puede agravar desplazamientos discales o procesos degenerativos en la ATM, especialmente en personas predispuestas (National Academies, 2020).<\/p>\n<p><strong>4. Dolor cr\u00f3nico y sensibilizaci\u00f3n.<\/strong> Cuando el dolor se mantiene en el tiempo, el sistema nervioso central amplifica las se\u00f1ales dolorosas en un proceso conocido como sensibilizaci\u00f3n central. El estr\u00e9s mantenido contribuye directamente a esta amplificaci\u00f3n (Fillingim et al., 2018).<\/p>\n<h2>Otros s\u00edntomas asociados a los trastornos temporomandibulares<\/h2>\n<p>Adem\u00e1s del <strong>dolor mandibular<\/strong> o las limitaciones en la apertura bucal, existen numerosos s\u00edntomas secundarios que pueden pasar desapercibidos pero que est\u00e1n estrechamente relacionados con la disfunci\u00f3n de la ATM. Entre los m\u00e1s comunes se encuentran:<\/p>\n<ul>\n<li><strong>Dolores de cabeza tensionales:<\/strong> la contracci\u00f3n de los m\u00fasculos temporales y cervicales puede irradiar dolor hacia la frente y las sienes, simulando migra\u00f1as.<\/li>\n<li><strong>Dolor o presi\u00f3n en el o\u00eddo:<\/strong> debido a la cercan\u00eda anat\u00f3mica entre la ATM y el conducto auditivo, algunas personas experimentan molestias, zumbidos o sensaci\u00f3n de o\u00eddo tapado.<\/li>\n<li><strong>Mareos o v\u00e9rtigo:<\/strong> los desequilibrios musculares y articulares pueden alterar la propiocepci\u00f3n y afectar el equilibrio.<\/li>\n<li><strong>Dolor cervical y rigidez de cuello:<\/strong> la tensi\u00f3n mandibular se transmite f\u00e1cilmente hacia la zona cervical, generando molestias persistentes.<\/li>\n<li><strong>Dificultades para dormir:<\/strong> el <strong>bruxismo nocturno<\/strong> y la hipervigilancia del sistema nervioso pueden interrumpir el descanso y perpetuar el ciclo de estr\u00e9s y dolor.<\/li>\n<\/ul>\n<p>Reconocer estos s\u00edntomas permite abordar el problema de forma m\u00e1s global, evitando tratamientos parciales que no contemplen el origen emocional o tensional del cuadro.<\/p>\n<h2>Tratamiento y estrategias pr\u00e1cticas: un enfoque multidisciplinar<\/h2>\n<p>La primera recomendaci\u00f3n es consultar con un especialista que pueda indicar el tratamiento m\u00e1s adecuado para cada caso. El abordaje m\u00e1s efectivo combina terapias odontol\u00f3gicas, fisioterapia y manejo psicol\u00f3gico del estr\u00e9s. Algunas estrategias \u00fatiles son:<\/p>\n<ul>\n<li><strong>Evaluaci\u00f3n integral:<\/strong> incluir historia psicosocial, calidad del sue\u00f1o y h\u00e1bitos parafuncionales.<\/li>\n<li><strong>Educaci\u00f3n y autocuidado:<\/strong> evitar masticar chicle, no mantener los dientes en contacto, mejorar la higiene del sue\u00f1o y reducir estimulantes como la cafe\u00edna.<\/li>\n<li><strong>T\u00e9cnicas de manejo del estr\u00e9s:<\/strong> respiraci\u00f3n diafragm\u00e1tica, relajaci\u00f3n progresiva, mindfulness y terapia cognitivo-conductual han mostrado reducir la tensi\u00f3n muscular.<\/li>\n<li><strong>F\u00e9rulas oclusales nocturnas:<\/strong> \u00fatiles para proteger la dentici\u00f3n y disminuir la carga mandibular durante el sue\u00f1o, especialmente cuando se combinan con terapia psicol\u00f3gica.<\/li>\n<li><strong>Ejercicios y fisioterapia orofacial:<\/strong> estiramientos, control motor y masaje terap\u00e9utico ayudan a reducir la rigidez y mejorar la movilidad.<\/li>\n<\/ul>\n<p>Si experimentas <a href=\"https:\/\/www.infomagazine.es\/dolor-de-mandibula-al-masticar-causas\/\" rel=\"follow\"><strong>dolor de mand\u00edbula<\/strong><\/a> persistente, es importante acudir a un profesional especializado para una evaluaci\u00f3n completa y un plan de tratamiento personalizado.<\/p>\n<p>El v\u00ednculo entre la mente y la mand\u00edbula es real: el <strong>estr\u00e9s<\/strong> altera tanto la neurofisiolog\u00eda como la conducta, favoreciendo el <strong>bruxismo<\/strong>, la tensi\u00f3n muscular y la sobrecarga articular. Abordar el problema de forma integral \u2014con control del estr\u00e9s, educaci\u00f3n postural y terapia interdisciplinaria\u2014 es la mejor manera de lograr una recuperaci\u00f3n estable y duradera.<\/p>\n<h2>Referencias<\/h2>\n<ul>\n<li>National Academies of Sciences, Engineering, and Medicine. (2020). <em>Temporomandibular disorders: Priorities for research and care.<\/em> The National Academies Press. https:\/\/doi.org\/10.17226\/25652<\/li>\n<li>Chemelo, V. dos S., et al. (2020). Is there association between stress and bruxism? A systematic review and meta-analysis. <em>PubMed Central.<\/em> https:\/\/www.ncbi.nlm.nih.gov\/pmc\/articles\/PMC7793806\/<\/li>\n<li>Fillingim, R. B., et al. (2018). Long-term changes in biopsychosocial characteristics in people with painful temporomandibular disorders. <em>Pain<\/em>, 159(7), 1333\u20131343. https:\/\/www.ncbi.nlm.nih.gov\/pmc\/articles\/PMC6193833\/<\/li>\n<li>Vl\u0103du\u021bu, D., et al. (2022). Associations between bruxism, stress and manifestations in university students during the COVID-19 pandemic. <em>Int. J. Environ. Res. Public Health<\/em>, 19(9), 5415. https:\/\/www.mdpi.com\/1660-4601\/19\/9\/5415<\/li>\n<li>Da-Cas, C. D., et al. (2024). Risk factors for temporomandibular disorders: a systematic review. <em>Journal (2024).<\/em><\/li>\n<\/ul>","protected":false},"excerpt":{"rendered":"<p>Sorry, this entry is only available in Espa\u00f1ol. For the sake of viewer convenience, the content is shown below in the alternative language. You may click the link to switch the active language.El estr\u00e9s sostenido contribuye a la aparici\u00f3n y mantenimiento de problemas en la regi\u00f3n orofacial, incluyendo los trastornos de la articulaci\u00f3n temporomandibular. La [&hellip;]<\/p>\n","protected":false},"author":1,"featured_media":10177,"comment_status":"open","ping_status":"closed","sticky":false,"template":"","format":"standard","meta":{"_jetpack_memberships_contains_paid_content":false,"_joinchat":[],"footnotes":""},"categories":[14,93],"tags":[],"class_list":["post-10176","post","type-post","status-publish","format-standard","has-post-thumbnail","hentry","category-ansiedad","category-salud"],"yoast_head":"<!-- This site is optimized with the Yoast SEO plugin v27.4 - https:\/\/yoast.com\/product\/yoast-seo-wordpress\/ -->\n<title>(Espa\u00f1ol) Estr\u00e9s y mand\u00edbula: c\u00f3mo la mente afecta la articulaci\u00f3n temporomandibular - PsicoPico<\/title>\n<meta name=\"robots\" content=\"index, follow, max-snippet:-1, max-image-preview:large, max-video-preview:-1\" \/>\n<link rel=\"canonical\" href=\"https:\/\/psicopico.com\/estres-y-mandibula-como-la-mente-afecta-la-articulacion-temporomandibular\/\" \/>\n<meta property=\"og:locale\" content=\"en_US\" \/>\n<meta property=\"og:type\" content=\"article\" \/>\n<meta property=\"og:title\" content=\"(Espa\u00f1ol) Estr\u00e9s y mand\u00edbula: c\u00f3mo la mente afecta la articulaci\u00f3n temporomandibular - PsicoPico\" \/>\n<meta property=\"og:description\" content=\"Sorry, this entry is only available in Espa\u00f1ol. For the sake of viewer convenience, the content is shown below in the alternative language. You may click the link to switch the active language.El estr\u00e9s sostenido contribuye a la aparici\u00f3n y mantenimiento de problemas en la regi\u00f3n orofacial, incluyendo los trastornos de la articulaci\u00f3n temporomandibular. La [&hellip;]\" \/>\n<meta property=\"og:url\" content=\"https:\/\/psicopico.com\/estres-y-mandibula-como-la-mente-afecta-la-articulacion-temporomandibular\/\" \/>\n<meta property=\"og:site_name\" content=\"PsicoPico\" \/>\n<meta property=\"article:publisher\" content=\"https:\/\/es-la.facebook.com\/psicopicopsicologia\/\" \/>\n<meta property=\"article:author\" content=\"https:\/\/www.facebook.com\/psicopicopsicologia\/\" \/>\n<meta property=\"article:published_time\" content=\"2025-10-09T22:11:05+00:00\" \/>\n<meta property=\"article:modified_time\" content=\"2025-10-09T22:14:04+00:00\" \/>\n<meta property=\"og:image\" content=\"https:\/\/psicopico.com\/wp-content\/uploads\/2025\/10\/bruxismo.jpg\" \/>\n\t<meta property=\"og:image:width\" content=\"1536\" \/>\n\t<meta property=\"og:image:height\" content=\"1024\" \/>\n\t<meta property=\"og:image:type\" content=\"image\/jpeg\" \/>\n<meta name=\"author\" content=\"Iv\u00e1n Pico\" \/>\n<meta name=\"twitter:card\" content=\"summary_large_image\" \/>\n<meta name=\"twitter:creator\" content=\"@psicopico\" \/>\n<meta name=\"twitter:site\" content=\"@psicopico\" \/>\n<meta name=\"twitter:label1\" content=\"Written by\" \/>\n\t<meta name=\"twitter:data1\" content=\"Iv\u00e1n Pico\" \/>\n\t<meta name=\"twitter:label2\" content=\"Est. reading time\" \/>\n\t<meta name=\"twitter:data2\" content=\"6 minutes\" \/>\n<script type=\"application\/ld+json\" class=\"yoast-schema-graph\">{\"@context\":\"https:\\\/\\\/schema.org\",\"@graph\":[{\"@type\":\"Article\",\"@id\":\"https:\\\/\\\/psicopico.com\\\/estres-y-mandibula-como-la-mente-afecta-la-articulacion-temporomandibular\\\/#article\",\"isPartOf\":{\"@id\":\"https:\\\/\\\/psicopico.com\\\/estres-y-mandibula-como-la-mente-afecta-la-articulacion-temporomandibular\\\/\"},\"author\":{\"name\":\"Iv\u00e1n Pico\",\"@id\":\"https:\\\/\\\/psicopico.com\\\/#\\\/schema\\\/person\\\/e90a6b8840bf0a67abfaa95093cbda44\"},\"headline\":\"(Espa\u00f1ol) Estr\u00e9s y mand\u00edbula: c\u00f3mo la mente afecta la articulaci\u00f3n temporomandibular\",\"datePublished\":\"2025-10-09T22:11:05+00:00\",\"dateModified\":\"2025-10-09T22:14:04+00:00\",\"mainEntityOfPage\":{\"@id\":\"https:\\\/\\\/psicopico.com\\\/estres-y-mandibula-como-la-mente-afecta-la-articulacion-temporomandibular\\\/\"},\"wordCount\":1241,\"commentCount\":0,\"publisher\":{\"@id\":\"https:\\\/\\\/psicopico.com\\\/#organization\"},\"image\":{\"@id\":\"https:\\\/\\\/psicopico.com\\\/estres-y-mandibula-como-la-mente-afecta-la-articulacion-temporomandibular\\\/#primaryimage\"},\"thumbnailUrl\":\"https:\\\/\\\/i0.wp.com\\\/psicopico.com\\\/wp-content\\\/uploads\\\/2025\\\/10\\\/bruxismo.jpg?fit=1536%2C1024&ssl=1\",\"articleSection\":[\"Anxiety\",\"Health\"],\"inLanguage\":\"en-US\",\"potentialAction\":[{\"@type\":\"CommentAction\",\"name\":\"Comment\",\"target\":[\"https:\\\/\\\/psicopico.com\\\/estres-y-mandibula-como-la-mente-afecta-la-articulacion-temporomandibular\\\/#respond\"]}]},{\"@type\":[\"WebPage\",\"ItemPage\"],\"@id\":\"https:\\\/\\\/psicopico.com\\\/estres-y-mandibula-como-la-mente-afecta-la-articulacion-temporomandibular\\\/\",\"url\":\"https:\\\/\\\/psicopico.com\\\/estres-y-mandibula-como-la-mente-afecta-la-articulacion-temporomandibular\\\/\",\"name\":\"(Espa\u00f1ol) Estr\u00e9s y mand\u00edbula: c\u00f3mo la mente afecta la articulaci\u00f3n temporomandibular - PsicoPico\",\"isPartOf\":{\"@id\":\"https:\\\/\\\/psicopico.com\\\/#website\"},\"primaryImageOfPage\":{\"@id\":\"https:\\\/\\\/psicopico.com\\\/estres-y-mandibula-como-la-mente-afecta-la-articulacion-temporomandibular\\\/#primaryimage\"},\"image\":{\"@id\":\"https:\\\/\\\/psicopico.com\\\/estres-y-mandibula-como-la-mente-afecta-la-articulacion-temporomandibular\\\/#primaryimage\"},\"thumbnailUrl\":\"https:\\\/\\\/i0.wp.com\\\/psicopico.com\\\/wp-content\\\/uploads\\\/2025\\\/10\\\/bruxismo.jpg?fit=1536%2C1024&ssl=1\",\"datePublished\":\"2025-10-09T22:11:05+00:00\",\"dateModified\":\"2025-10-09T22:14:04+00:00\",\"breadcrumb\":{\"@id\":\"https:\\\/\\\/psicopico.com\\\/estres-y-mandibula-como-la-mente-afecta-la-articulacion-temporomandibular\\\/#breadcrumb\"},\"inLanguage\":\"en-US\",\"potentialAction\":[{\"@type\":\"ReadAction\",\"target\":[\"https:\\\/\\\/psicopico.com\\\/estres-y-mandibula-como-la-mente-afecta-la-articulacion-temporomandibular\\\/\"]}]},{\"@type\":\"ImageObject\",\"inLanguage\":\"en-US\",\"@id\":\"https:\\\/\\\/psicopico.com\\\/estres-y-mandibula-como-la-mente-afecta-la-articulacion-temporomandibular\\\/#primaryimage\",\"url\":\"https:\\\/\\\/i0.wp.com\\\/psicopico.com\\\/wp-content\\\/uploads\\\/2025\\\/10\\\/bruxismo.jpg?fit=1536%2C1024&ssl=1\",\"contentUrl\":\"https:\\\/\\\/i0.wp.com\\\/psicopico.com\\\/wp-content\\\/uploads\\\/2025\\\/10\\\/bruxismo.jpg?fit=1536%2C1024&ssl=1\",\"width\":1536,\"height\":1024},{\"@type\":\"BreadcrumbList\",\"@id\":\"https:\\\/\\\/psicopico.com\\\/estres-y-mandibula-como-la-mente-afecta-la-articulacion-temporomandibular\\\/#breadcrumb\",\"itemListElement\":[{\"@type\":\"ListItem\",\"position\":1,\"name\":\"Inicio\",\"item\":\"https:\\\/\\\/psicopico.com\\\/\"},{\"@type\":\"ListItem\",\"position\":2,\"name\":\"Estr\u00e9s y mand\u00edbula: c\u00f3mo la mente afecta la articulaci\u00f3n temporomandibular\"}]},{\"@type\":\"WebSite\",\"@id\":\"https:\\\/\\\/psicopico.com\\\/#website\",\"url\":\"https:\\\/\\\/psicopico.com\\\/\",\"name\":\"PsicoPico\",\"description\":\"Psicopico - Online Psychology by Iv\u00e1n Pico\",\"publisher\":{\"@id\":\"https:\\\/\\\/psicopico.com\\\/#organization\"},\"potentialAction\":[{\"@type\":\"SearchAction\",\"target\":{\"@type\":\"EntryPoint\",\"urlTemplate\":\"https:\\\/\\\/psicopico.com\\\/?s={search_term_string}\"},\"query-input\":{\"@type\":\"PropertyValueSpecification\",\"valueRequired\":true,\"valueName\":\"search_term_string\"}}],\"inLanguage\":\"en-US\"},{\"@type\":\"Organization\",\"@id\":\"https:\\\/\\\/psicopico.com\\\/#organization\",\"name\":\"Psicopico\",\"url\":\"https:\\\/\\\/psicopico.com\\\/\",\"logo\":{\"@type\":\"ImageObject\",\"inLanguage\":\"en-US\",\"@id\":\"https:\\\/\\\/psicopico.com\\\/#\\\/schema\\\/logo\\\/image\\\/\",\"url\":\"https:\\\/\\\/i0.wp.com\\\/psicopico.com\\\/wp-content\\\/uploads\\\/2015\\\/12\\\/logowebpsicopico.png?fit=377%2C113&ssl=1\",\"contentUrl\":\"https:\\\/\\\/i0.wp.com\\\/psicopico.com\\\/wp-content\\\/uploads\\\/2015\\\/12\\\/logowebpsicopico.png?fit=377%2C113&ssl=1\",\"width\":\"377\",\"height\":\"113\",\"caption\":\"Psicopico\"},\"image\":{\"@id\":\"https:\\\/\\\/psicopico.com\\\/#\\\/schema\\\/logo\\\/image\\\/\"},\"sameAs\":[\"https:\\\/\\\/es-la.facebook.com\\\/psicopicopsicologia\\\/\",\"https:\\\/\\\/x.com\\\/psicopico\",\"https:\\\/\\\/instagram.com\\\/psicopico\",\"https:\\\/\\\/es.linkedin.com\\\/in\\\/iv\u00e1n-pico-mart\u00ednez-5bb46873\",\"https:\\\/\\\/www.pinterest.es\\\/psicopico\\\/\",\"https:\\\/\\\/www.youtube.com\\\/channel\\\/UCwM4gAydCyOv_3sBkqVb74Q\"]},{\"@type\":\"Person\",\"@id\":\"https:\\\/\\\/psicopico.com\\\/#\\\/schema\\\/person\\\/e90a6b8840bf0a67abfaa95093cbda44\",\"name\":\"Iv\u00e1n Pico\",\"image\":{\"@type\":\"ImageObject\",\"inLanguage\":\"en-US\",\"@id\":\"https:\\\/\\\/secure.gravatar.com\\\/avatar\\\/db757e40cd044bc752196ef8f9c1ed3c3c79321f8c82624947f51448030b8af1?s=96&d=mm&r=g\",\"url\":\"https:\\\/\\\/secure.gravatar.com\\\/avatar\\\/db757e40cd044bc752196ef8f9c1ed3c3c79321f8c82624947f51448030b8af1?s=96&d=mm&r=g\",\"contentUrl\":\"https:\\\/\\\/secure.gravatar.com\\\/avatar\\\/db757e40cd044bc752196ef8f9c1ed3c3c79321f8c82624947f51448030b8af1?s=96&d=mm&r=g\",\"caption\":\"Iv\u00e1n Pico\"},\"description\":\"Director y creador de Psicopico.com. Psic\u00f3logo Colegiado G-5480. Graduado en Psicolog\u00eda. Diplomado en Ciencias Empresariales y M\u00e1ster en Orientaci\u00f3n Profesional. M\u00e1ster en Psicolog\u00eda del Trabajo y Organizaciones. Posgrado en Psicolog\u00eda del Deporte y Entrenador Profesional de Futsal Nivel 3. Visita la secci\u00f3n \\\"Sobre m\u00ed\\\"para saber m\u00e1s. \u00bfQuieres una consulta personalizada? \u00a1Contacta conmigo en https:\\\/\\\/ivanpico.es\\\/!\",\"sameAs\":[\"https:\\\/\\\/www.psicopico.com\",\"https:\\\/\\\/www.facebook.com\\\/psicopicopsicologia\\\/\",\"https:\\\/\\\/www.instagram.com\\\/psicopico\\\/\",\"https:\\\/\\\/www.linkedin.com\\\/in\\\/ivan-pico-martinez\",\"https:\\\/\\\/x.com\\\/psicopico\",\"https:\\\/\\\/www.youtube.com\\\/channel\\\/UCwM4gAydCyOv_3sBkqVb74Q\"],\"url\":\"https:\\\/\\\/psicopico.com\\\/en\\\/author\\\/ivan-pico-psicologo-lugo\\\/\"}]}<\/script>\n<!-- \/ Yoast SEO plugin. -->","yoast_head_json":{"title":"(Espa\u00f1ol) Estr\u00e9s y mand\u00edbula: c\u00f3mo la mente afecta la articulaci\u00f3n temporomandibular - PsicoPico","robots":{"index":"index","follow":"follow","max-snippet":"max-snippet:-1","max-image-preview":"max-image-preview:large","max-video-preview":"max-video-preview:-1"},"canonical":"https:\/\/psicopico.com\/estres-y-mandibula-como-la-mente-afecta-la-articulacion-temporomandibular\/","og_locale":"en_US","og_type":"article","og_title":"(Espa\u00f1ol) Estr\u00e9s y mand\u00edbula: c\u00f3mo la mente afecta la articulaci\u00f3n temporomandibular - PsicoPico","og_description":"Sorry, this entry is only available in Espa\u00f1ol. For the sake of viewer convenience, the content is shown below in the alternative language. You may click the link to switch the active language.El estr\u00e9s sostenido contribuye a la aparici\u00f3n y mantenimiento de problemas en la regi\u00f3n orofacial, incluyendo los trastornos de la articulaci\u00f3n temporomandibular. La [&hellip;]","og_url":"https:\/\/psicopico.com\/estres-y-mandibula-como-la-mente-afecta-la-articulacion-temporomandibular\/","og_site_name":"PsicoPico","article_publisher":"https:\/\/es-la.facebook.com\/psicopicopsicologia\/","article_author":"https:\/\/www.facebook.com\/psicopicopsicologia\/","article_published_time":"2025-10-09T22:11:05+00:00","article_modified_time":"2025-10-09T22:14:04+00:00","og_image":[{"width":1536,"height":1024,"url":"https:\/\/psicopico.com\/wp-content\/uploads\/2025\/10\/bruxismo.jpg","type":"image\/jpeg"}],"author":"Iv\u00e1n Pico","twitter_card":"summary_large_image","twitter_creator":"@psicopico","twitter_site":"@psicopico","twitter_misc":{"Written by":"Iv\u00e1n Pico","Est. reading time":"6 minutes"},"schema":{"@context":"https:\/\/schema.org","@graph":[{"@type":"Article","@id":"https:\/\/psicopico.com\/estres-y-mandibula-como-la-mente-afecta-la-articulacion-temporomandibular\/#article","isPartOf":{"@id":"https:\/\/psicopico.com\/estres-y-mandibula-como-la-mente-afecta-la-articulacion-temporomandibular\/"},"author":{"name":"Iv\u00e1n Pico","@id":"https:\/\/psicopico.com\/#\/schema\/person\/e90a6b8840bf0a67abfaa95093cbda44"},"headline":"(Espa\u00f1ol) Estr\u00e9s y mand\u00edbula: c\u00f3mo la mente afecta la articulaci\u00f3n temporomandibular","datePublished":"2025-10-09T22:11:05+00:00","dateModified":"2025-10-09T22:14:04+00:00","mainEntityOfPage":{"@id":"https:\/\/psicopico.com\/estres-y-mandibula-como-la-mente-afecta-la-articulacion-temporomandibular\/"},"wordCount":1241,"commentCount":0,"publisher":{"@id":"https:\/\/psicopico.com\/#organization"},"image":{"@id":"https:\/\/psicopico.com\/estres-y-mandibula-como-la-mente-afecta-la-articulacion-temporomandibular\/#primaryimage"},"thumbnailUrl":"https:\/\/i0.wp.com\/psicopico.com\/wp-content\/uploads\/2025\/10\/bruxismo.jpg?fit=1536%2C1024&ssl=1","articleSection":["Anxiety","Health"],"inLanguage":"en-US","potentialAction":[{"@type":"CommentAction","name":"Comment","target":["https:\/\/psicopico.com\/estres-y-mandibula-como-la-mente-afecta-la-articulacion-temporomandibular\/#respond"]}]},{"@type":["WebPage","ItemPage"],"@id":"https:\/\/psicopico.com\/estres-y-mandibula-como-la-mente-afecta-la-articulacion-temporomandibular\/","url":"https:\/\/psicopico.com\/estres-y-mandibula-como-la-mente-afecta-la-articulacion-temporomandibular\/","name":"(Espa\u00f1ol) Estr\u00e9s y mand\u00edbula: c\u00f3mo la mente afecta la articulaci\u00f3n temporomandibular - PsicoPico","isPartOf":{"@id":"https:\/\/psicopico.com\/#website"},"primaryImageOfPage":{"@id":"https:\/\/psicopico.com\/estres-y-mandibula-como-la-mente-afecta-la-articulacion-temporomandibular\/#primaryimage"},"image":{"@id":"https:\/\/psicopico.com\/estres-y-mandibula-como-la-mente-afecta-la-articulacion-temporomandibular\/#primaryimage"},"thumbnailUrl":"https:\/\/i0.wp.com\/psicopico.com\/wp-content\/uploads\/2025\/10\/bruxismo.jpg?fit=1536%2C1024&ssl=1","datePublished":"2025-10-09T22:11:05+00:00","dateModified":"2025-10-09T22:14:04+00:00","breadcrumb":{"@id":"https:\/\/psicopico.com\/estres-y-mandibula-como-la-mente-afecta-la-articulacion-temporomandibular\/#breadcrumb"},"inLanguage":"en-US","potentialAction":[{"@type":"ReadAction","target":["https:\/\/psicopico.com\/estres-y-mandibula-como-la-mente-afecta-la-articulacion-temporomandibular\/"]}]},{"@type":"ImageObject","inLanguage":"en-US","@id":"https:\/\/psicopico.com\/estres-y-mandibula-como-la-mente-afecta-la-articulacion-temporomandibular\/#primaryimage","url":"https:\/\/i0.wp.com\/psicopico.com\/wp-content\/uploads\/2025\/10\/bruxismo.jpg?fit=1536%2C1024&ssl=1","contentUrl":"https:\/\/i0.wp.com\/psicopico.com\/wp-content\/uploads\/2025\/10\/bruxismo.jpg?fit=1536%2C1024&ssl=1","width":1536,"height":1024},{"@type":"BreadcrumbList","@id":"https:\/\/psicopico.com\/estres-y-mandibula-como-la-mente-afecta-la-articulacion-temporomandibular\/#breadcrumb","itemListElement":[{"@type":"ListItem","position":1,"name":"Inicio","item":"https:\/\/psicopico.com\/"},{"@type":"ListItem","position":2,"name":"Estr\u00e9s y mand\u00edbula: c\u00f3mo la mente afecta la articulaci\u00f3n temporomandibular"}]},{"@type":"WebSite","@id":"https:\/\/psicopico.com\/#website","url":"https:\/\/psicopico.com\/","name":"PsicoPico","description":"Psicopico - Online Psychology by Iv\u00e1n Pico","publisher":{"@id":"https:\/\/psicopico.com\/#organization"},"potentialAction":[{"@type":"SearchAction","target":{"@type":"EntryPoint","urlTemplate":"https:\/\/psicopico.com\/?s={search_term_string}"},"query-input":{"@type":"PropertyValueSpecification","valueRequired":true,"valueName":"search_term_string"}}],"inLanguage":"en-US"},{"@type":"Organization","@id":"https:\/\/psicopico.com\/#organization","name":"Psicopico","url":"https:\/\/psicopico.com\/","logo":{"@type":"ImageObject","inLanguage":"en-US","@id":"https:\/\/psicopico.com\/#\/schema\/logo\/image\/","url":"https:\/\/i0.wp.com\/psicopico.com\/wp-content\/uploads\/2015\/12\/logowebpsicopico.png?fit=377%2C113&ssl=1","contentUrl":"https:\/\/i0.wp.com\/psicopico.com\/wp-content\/uploads\/2015\/12\/logowebpsicopico.png?fit=377%2C113&ssl=1","width":"377","height":"113","caption":"Psicopico"},"image":{"@id":"https:\/\/psicopico.com\/#\/schema\/logo\/image\/"},"sameAs":["https:\/\/es-la.facebook.com\/psicopicopsicologia\/","https:\/\/x.com\/psicopico","https:\/\/instagram.com\/psicopico","https:\/\/es.linkedin.com\/in\/iv\u00e1n-pico-mart\u00ednez-5bb46873","https:\/\/www.pinterest.es\/psicopico\/","https:\/\/www.youtube.com\/channel\/UCwM4gAydCyOv_3sBkqVb74Q"]},{"@type":"Person","@id":"https:\/\/psicopico.com\/#\/schema\/person\/e90a6b8840bf0a67abfaa95093cbda44","name":"Iv\u00e1n Pico","image":{"@type":"ImageObject","inLanguage":"en-US","@id":"https:\/\/secure.gravatar.com\/avatar\/db757e40cd044bc752196ef8f9c1ed3c3c79321f8c82624947f51448030b8af1?s=96&d=mm&r=g","url":"https:\/\/secure.gravatar.com\/avatar\/db757e40cd044bc752196ef8f9c1ed3c3c79321f8c82624947f51448030b8af1?s=96&d=mm&r=g","contentUrl":"https:\/\/secure.gravatar.com\/avatar\/db757e40cd044bc752196ef8f9c1ed3c3c79321f8c82624947f51448030b8af1?s=96&d=mm&r=g","caption":"Iv\u00e1n Pico"},"description":"Director y creador de Psicopico.com. Psic\u00f3logo Colegiado G-5480. Graduado en Psicolog\u00eda. Diplomado en Ciencias Empresariales y M\u00e1ster en Orientaci\u00f3n Profesional. M\u00e1ster en Psicolog\u00eda del Trabajo y Organizaciones. Posgrado en Psicolog\u00eda del Deporte y Entrenador Profesional de Futsal Nivel 3. Visita la secci\u00f3n \"Sobre m\u00ed\"para saber m\u00e1s. \u00bfQuieres una consulta personalizada? \u00a1Contacta conmigo en https:\/\/ivanpico.es\/!","sameAs":["https:\/\/www.psicopico.com","https:\/\/www.facebook.com\/psicopicopsicologia\/","https:\/\/www.instagram.com\/psicopico\/","https:\/\/www.linkedin.com\/in\/ivan-pico-martinez","https:\/\/x.com\/psicopico","https:\/\/www.youtube.com\/channel\/UCwM4gAydCyOv_3sBkqVb74Q"],"url":"https:\/\/psicopico.com\/en\/author\/ivan-pico-psicologo-lugo\/"}]}},"jetpack_featured_media_url":"https:\/\/i0.wp.com\/psicopico.com\/wp-content\/uploads\/2025\/10\/bruxismo.jpg?fit=1536%2C1024&ssl=1","jetpack_shortlink":"https:\/\/wp.me\/p6Zx58-2E8","jetpack_sharing_enabled":true,"_links":{"self":[{"href":"https:\/\/psicopico.com\/en\/wp-json\/wp\/v2\/posts\/10176","targetHints":{"allow":["GET"]}}],"collection":[{"href":"https:\/\/psicopico.com\/en\/wp-json\/wp\/v2\/posts"}],"about":[{"href":"https:\/\/psicopico.com\/en\/wp-json\/wp\/v2\/types\/post"}],"author":[{"embeddable":true,"href":"https:\/\/psicopico.com\/en\/wp-json\/wp\/v2\/users\/1"}],"replies":[{"embeddable":true,"href":"https:\/\/psicopico.com\/en\/wp-json\/wp\/v2\/comments?post=10176"}],"version-history":[{"count":0,"href":"https:\/\/psicopico.com\/en\/wp-json\/wp\/v2\/posts\/10176\/revisions"}],"wp:featuredmedia":[{"embeddable":true,"href":"https:\/\/psicopico.com\/en\/wp-json\/wp\/v2\/media\/10177"}],"wp:attachment":[{"href":"https:\/\/psicopico.com\/en\/wp-json\/wp\/v2\/media?parent=10176"}],"wp:term":[{"taxonomy":"category","embeddable":true,"href":"https:\/\/psicopico.com\/en\/wp-json\/wp\/v2\/categories?post=10176"},{"taxonomy":"post_tag","embeddable":true,"href":"https:\/\/psicopico.com\/en\/wp-json\/wp\/v2\/tags?post=10176"}],"curies":[{"name":"wp","href":"https:\/\/api.w.org\/{rel}","templated":true}]}}